{"id":67534,"date":"2022-10-18T19:28:47","date_gmt":"2022-10-18T22:28:47","guid":{"rendered":"https:\/\/www.centraldenoticias.com.ar\/?p=67534"},"modified":"2022-10-18T19:28:47","modified_gmt":"2022-10-18T22:28:47","slug":"internas-ucr-nuestro-trabajo-siempre-fue-la-calle-es-lo-que-mas-nos-identifica-y-gusta","status":"publish","type":"post","link":"https:\/\/cdnoticias.com\/index.php\/2022\/10\/18\/internas-ucr-nuestro-trabajo-siempre-fue-la-calle-es-lo-que-mas-nos-identifica-y-gusta\/","title":{"rendered":"Internas UCR: \u201cNuestro trabajo siempre fue la calle, es lo que m\u00e1s nos identifica y gusta\u201d"},"content":{"rendered":"<p>As\u00ed lo destac\u00f3 Sim\u00f3n Schwab, candidato a vicepresidente por la lista Evoluci\u00f3n Radical + Empat\u00eda. <!--more--><\/p>\n<hr \/>\n<p>El pasado viernes 14 de octubre, el espacio Evoluci\u00f3n + Empat\u00eda present\u00f3 la lista para la renovaci\u00f3n de autoridades de la Uni\u00f3n C\u00edvica Radical en la que<strong> Sim\u00f3n Schwab, uno de los referentes de la Juventud del partido, encabezar\u00e1 la lista como candidato a vicepresidente junto a la actual concejal Bel\u00e9n Vergel que ir\u00e1 como candidata a presidenta.<\/strong><\/p>\n<p>&nbsp;<\/p>\n<p>En este sentido, a trav\u00e9s de declaraciones radiales <strong>Schwab habl\u00f3 sobre las pr\u00f3ximas elecciones<\/strong> y la posibilidad de ir junto a la Vergel, que tendr\u00e1n lugar el domingo 13 de noviembre, <strong>la amplia convocatoria lograda desde el espacio que hoy es la conducci\u00f3n del radicalismo local y el trabajo en conjunto con la Juventud.<\/strong><\/p>\n<p>&nbsp;<\/p>\n<p><em>\u201cEs un orgullo poder acompa\u00f1ar a Bel\u00e9n Vergel en estas elecciones ya que es una referente de nuestro espacio\u201d,<\/em> expres\u00f3 y a\u00f1adi\u00f3 que<em> \u201cnuestro trabajo siempre fue la calle, es lo que m\u00e1s nos identifica y lo que m\u00e1s nos gusta, estar cerca de los vecinos y en este caso de los afiliados\u201d<\/em>. Adem\u00e1s, explic\u00f3 que a trav\u00e9s del trabajo en conjunto entre la Juventud y el partido se fue conociendo con la concejal y es por eso que hoy le toca acompa\u00f1arla en esta nueva renovaci\u00f3n de autoridades.<\/p>\n<p>&nbsp;<\/p>\n<p>Asimismo,<strong> destac\u00f3 el lugar que se le est\u00e1 dando a la Juventud dentro del partido, que hace casi diez a\u00f1os viene trabajando y conform\u00e1ndose, y la oportunidad de poner a un integrante en la Comisi\u00f3n Directiva y la posibilidad de que forme parte en la gesti\u00f3n en la toma de decisiones.<\/strong> <em>\u201cNos pone muy contentos y en lo personal tambi\u00e9n es un gran desaf\u00edo el cual estoy preparado para asumir\u201d<\/em>, manifest\u00f3.<\/p>\n<p>&nbsp;<\/p>\n<p>En relaci\u00f3n a la gran cantidad de militantes y vecinos que se sumaron para estas elecciones, indic\u00f3 que<strong> se present\u00f3 una lista con m\u00e1s de 100 personas<\/strong> y recalc\u00f3 que <em>&#8220;hay mucha gente que se quiere sumar, que est\u00e1 esperando el llamado, que quiere participar, brindar sus ideas, sus improntas, y es por eso tambi\u00e9n que a nosotros nos pone muy contentos porque todos los circuitos electorales de Olavarr\u00eda est\u00e1n representados y los barrios tienen alg\u00fan representante en nuestra lista y eso demuestra el inter\u00e9s de la gente\u201d.<\/em><\/p>\n<p>&nbsp;<\/p>\n<p>Por \u00faltimo, Schwab enunci\u00f3 que<em> \u201cesperamos estar a la altura de lo que el Comit\u00e9 demanda. Es un desaf\u00edo poder llevar la voz de la Juventud de este espacio pol\u00edtico que me ha acompa\u00f1ado y en el cual milito. Debemos luchar por el mismo objetivo que es poder el a\u00f1o que viene disputar las PASO\u201d.<\/em><\/p>\n","protected":false},"excerpt":{"rendered":"<p>As\u00ed lo destac\u00f3 Sim\u00f3n Schwab, candidato a vicepresidente por la lista Evoluci\u00f3n Radical + Empat\u00eda.<\/p>\n","protected":false},"author":2,"featured_media":67535,"comment_status":"closed","ping_status":"closed","sticky":false,"template":"","format":"standard","meta":{"_jetpack_memberships_contains_paid_content":false,"footnotes":""},"categories":[4,1],"tags":[],"class_list":["post-67534","post","type-post","status-publish","format-standard","has-post-thumbnail","hentry","category-politica","category-portada"],"jetpack_featured_media_url":"https:\/\/i0.wp.com\/cdnoticias.com\/wp-content\/uploads\/2022\/10\/IMG_20221014_194548-scaled.jpg?fit=2560%2C1920&ssl=1","jetpack_sharing_enabled":true,"_links":{"self":[{"href":"https:\/\/cdnoticias.com\/index.php\/wp-json\/wp\/v2\/posts\/67534","targetHints":{"allow":["GET"]}}],"collection":[{"href":"https:\/\/cdnoticias.com\/index.php\/wp-json\/wp\/v2\/posts"}],"about":[{"href":"https:\/\/cdnoticias.com\/index.php\/wp-json\/wp\/v2\/types\/post"}],"author":[{"embeddable":true,"href":"https:\/\/cdnoticias.com\/index.php\/wp-json\/wp\/v2\/users\/2"}],"replies":[{"embeddable":true,"href":"https:\/\/cdnoticias.com\/index.php\/wp-json\/wp\/v2\/comments?post=67534"}],"version-history":[{"count":0,"href":"https:\/\/cdnoticias.com\/index.php\/wp-json\/wp\/v2\/posts\/67534\/revisions"}],"wp:featuredmedia":[{"embeddable":true,"href":"https:\/\/cdnoticias.com\/index.php\/wp-json\/wp\/v2\/media\/67535"}],"wp:attachment":[{"href":"https:\/\/cdnoticias.com\/index.php\/wp-json\/wp\/v2\/media?parent=67534"}],"wp:term":[{"taxonomy":"category","embeddable":true,"href":"https:\/\/cdnoticias.com\/index.php\/wp-json\/wp\/v2\/categories?post=67534"},{"taxonomy":"post_tag","embeddable":true,"href":"https:\/\/cdnoticias.com\/index.php\/wp-json\/wp\/v2\/tags?post=67534"}],"curies":[{"name":"wp","href":"https:\/\/api.w.org\/{rel}","templated":true}]}}