{"id":67513,"date":"2022-10-18T19:44:56","date_gmt":"2022-10-18T22:44:56","guid":{"rendered":"https:\/\/www.centraldenoticias.com.ar\/?p=67513"},"modified":"2022-10-19T07:48:24","modified_gmt":"2022-10-19T10:48:24","slug":"obras-en-facultad-de-salud-ojala-que-antes-de-fin-de-ano-podamos-comenzar","status":"publish","type":"post","link":"https:\/\/cdnoticias.com\/index.php\/2022\/10\/18\/obras-en-facultad-de-salud-ojala-que-antes-de-fin-de-ano-podamos-comenzar\/","title":{"rendered":"Obras en Facultad de Salud: \u201cOjal\u00e1 que antes de fin de a\u00f1o podamos comenzar\u201d"},"content":{"rendered":"<p>Autoridades del Ministerio de Obras P\u00fablicas y la UNICEN recorrieron el estado de obra de la Facultad de Salud, luego de la apertura de sobres este lunes. Se\u00f1alaron que los trabajos ahora ser\u00e1n \u201cen etapas\u201d y que son optimistas con los oferentes presentados. <!--more--><\/p>\n<hr \/>\n<p>Luego de la<a href=\"https:\/\/cdnoticias.com\/index.php\/2022\/10\/17\/dos-ofertas-se-presentaron-para-construir-aulas-y-talleres-en-ciencias-de-la-salud\/\" target=\"_blank\" rel=\"noopener\"> apertura de sobres de la licitaci\u00f3n por la reanudaci\u00f3n de las obras de reforma del edificio policl\u00ednico de la Facultad de Ciencias de la Salud<\/a>,<strong> autoridades de la UNICEN y el Ministerio de Obras P\u00fablicas recorrieron el estado de la obra que dej\u00f3 Wayro Construcciones, de un 7% de avance.<\/strong><\/p>\n<p>&nbsp;<\/p>\n<p>Cabe recordar que <strong>por diversos incumplimientos se rescindi\u00f3 el contrato y luego hubo un nuevo proceso administrativo para licitar que dur\u00f3 10 meses.<\/strong><\/p>\n<p>&nbsp;<\/p>\n<blockquote class=\"instagram-media\" style=\"background: #FFF; border: 0; border-radius: 3px; box-shadow: 0 0 1px 0 rgba(0,0,0,0.5),0 1px 10px 0 rgba(0,0,0,0.15); margin: 1px; max-width: 540px; min-width: 326px; padding: 0; width: calc(100% - 2px);\" data-instgrm-captioned=\"\" data-instgrm-permalink=\"https:\/\/www.instagram.com\/reel\/Cj3oOL7MC_5\/?utm_source=ig_embed&amp;utm_campaign=loading\" data-instgrm-version=\"14\">\n<div style=\"padding: 16px;\">\n<p>&nbsp;<\/p>\n<div style=\"display: flex; flex-direction: row; align-items: center;\">\n<div style=\"background-color: #f4f4f4; border-radius: 50%; flex-grow: 0; height: 40px; margin-right: 14px; width: 40px;\"><\/div>\n<div style=\"display: flex; flex-direction: column; flex-grow: 1; justify-content: center;\">\n<div style=\"background-color: #f4f4f4; border-radius: 4px; flex-grow: 0; height: 14px; margin-bottom: 6px; width: 100px;\"><\/div>\n<div style=\"background-color: #f4f4f4; border-radius: 4px; flex-grow: 0; height: 14px; width: 60px;\"><\/div>\n<\/div>\n<\/div>\n<div style=\"padding: 19% 0;\"><\/div>\n<div style=\"display: block; height: 50px; margin: 0 auto 12px; width: 50px;\"><\/div>\n<div style=\"padding-top: 8px;\">\n<div style=\"color: #3897f0; font-family: Arial,sans-serif; font-size: 14px; font-style: normal; font-weight: 550; line-height: 18px;\">Ver esta publicaci\u00f3n en Instagram<\/div>\n<\/div>\n<div style=\"padding: 12.5% 0;\"><\/div>\n<div style=\"display: flex; flex-direction: row; margin-bottom: 14px; align-items: center;\">\n<div>\n<div style=\"background-color: #f4f4f4; border-radius: 50%; height: 12.5px; width: 12.5px; transform: translateX(0px) translateY(7px);\"><\/div>\n<div style=\"background-color: #f4f4f4; height: 12.5px; transform: rotate(-45deg) translateX(3px) translateY(1px); width: 12.5px; flex-grow: 0; margin-right: 14px; margin-left: 2px;\"><\/div>\n<div style=\"background-color: #f4f4f4; border-radius: 50%; height: 12.5px; width: 12.5px; transform: translateX(9px) translateY(-18px);\"><\/div>\n<\/div>\n<div style=\"margin-left: 8px;\">\n<div style=\"background-color: #f4f4f4; border-radius: 50%; flex-grow: 0; height: 20px; width: 20px;\"><\/div>\n<div style=\"width: 0; height: 0; border-top: 2px solid transparent; border-left: 6px solid #f4f4f4; border-bottom: 2px solid transparent; transform: translateX(16px) translateY(-4px) rotate(30deg);\"><\/div>\n<\/div>\n<div style=\"margin-left: auto;\">\n<div style=\"width: 0px; border-top: 8px solid #F4F4F4; border-right: 8px solid transparent; transform: translateY(16px);\"><\/div>\n<div style=\"background-color: #f4f4f4; flex-grow: 0; height: 12px; width: 16px; transform: translateY(-4px);\"><\/div>\n<div style=\"width: 0; height: 0; border-top: 8px solid #F4F4F4; border-left: 8px solid transparent; transform: translateY(-4px) translateX(8px);\"><\/div>\n<\/div>\n<\/div>\n<div style=\"display: flex; flex-direction: column; flex-grow: 1; justify-content: center; margin-bottom: 24px;\">\n<div style=\"background-color: #f4f4f4; border-radius: 4px; flex-grow: 0; height: 14px; margin-bottom: 6px; width: 224px;\"><\/div>\n<div style=\"background-color: #f4f4f4; border-radius: 4px; flex-grow: 0; height: 14px; width: 144px;\"><\/div>\n<\/div>\n<p>&nbsp;<\/p>\n<p style=\"color: #c9c8cd; font-family: Arial,sans-serif; font-size: 14px; line-height: 17px; margin-bottom: 0; margin-top: 8px; overflow: hidden; padding: 8px 0 7px; text-align: center; text-overflow: ellipsis; white-space: nowrap;\"><a style=\"color: #c9c8cd; font-family: Arial,sans-serif; font-size: 14px; font-style: normal; font-weight: normal; line-height: 17px; text-decoration: none;\" href=\"https:\/\/www.instagram.com\/reel\/Cj3oOL7MC_5\/?utm_source=ig_embed&amp;utm_campaign=loading\" target=\"_blank\" rel=\"noopener\">Una publicaci\u00f3n compartida por Central de Noticias Olavarr\u00eda (@cdnolavarria)<\/a><\/p>\n<\/div>\n<\/blockquote>\n<p><script async src=\"\/\/www.instagram.com\/embed.js\"><\/script><\/p>\n<p>&nbsp;<\/p>\n<p>En la recorrida participaron el decano de la Facultad, H\u00e9ctor Trebucq, el Secretario General de UNICEN Luciano Corres y Lucia Nieves, coordinadora del Programa Nacional de Universidades del Ministerio de Obras P\u00fablicas de la Naci\u00f3n. Tambi\u00e9n particip\u00f3 el arquitecto Osvaldo Dadiego, de la Universidad.<\/p>\n<p>&nbsp;<\/p>\n<p><img data-recalc-dims=\"1\" loading=\"lazy\" decoding=\"async\" class=\"alignnone size-large wp-image-67504\" src=\"https:\/\/i0.wp.com\/cdnoticias.com\/wp-content\/uploads\/2022\/10\/obra-facultad-salud03.jpg?resize=800%2C480&#038;ssl=1\" alt=\"\" width=\"800\" height=\"480\" srcset=\"https:\/\/i0.wp.com\/cdnoticias.com\/wp-content\/uploads\/2022\/10\/obra-facultad-salud03.jpg?resize=1024%2C614&amp;ssl=1 1024w, https:\/\/i0.wp.com\/cdnoticias.com\/wp-content\/uploads\/2022\/10\/obra-facultad-salud03.jpg?resize=300%2C180&amp;ssl=1 300w, https:\/\/i0.wp.com\/cdnoticias.com\/wp-content\/uploads\/2022\/10\/obra-facultad-salud03.jpg?resize=768%2C461&amp;ssl=1 768w, https:\/\/i0.wp.com\/cdnoticias.com\/wp-content\/uploads\/2022\/10\/obra-facultad-salud03.jpg?resize=1536%2C922&amp;ssl=1 1536w, https:\/\/i0.wp.com\/cdnoticias.com\/wp-content\/uploads\/2022\/10\/obra-facultad-salud03.jpg?w=1600&amp;ssl=1 1600w\" sizes=\"auto, (max-width: 800px) 100vw, 800px\" \/><\/p>\n<p>&nbsp;<\/p>\n<p>En di\u00e1logo con los medios tras recorrer los trabajos, <strong>Trebucq valor\u00f3 la presentaci\u00f3n de dos oferentes en la licitaci\u00f3n<\/strong> y agradeci\u00f3<em> \u201ctodo el trabajo hecho desde rectorado, por la Secretar\u00eda General, el Departamento de Obras de nuestra universidad, el Departamento Legal de la universidad, desde la Facultad que continuamos, la paciencia de los docentes y estudiantes y el agradecimiento de tener desde el Municipio la cesi\u00f3n de espacios \u00e1ulicos para complementar cursadas de medicina y enfermer\u00eda\u201d.<\/em><\/p>\n<p>&nbsp;<\/p>\n<p><img data-recalc-dims=\"1\" loading=\"lazy\" decoding=\"async\" class=\"alignnone size-large wp-image-67507\" src=\"https:\/\/i0.wp.com\/cdnoticias.com\/wp-content\/uploads\/2022\/10\/obra-facultad-salud09.jpg?resize=800%2C480&#038;ssl=1\" alt=\"\" width=\"800\" height=\"480\" srcset=\"https:\/\/i0.wp.com\/cdnoticias.com\/wp-content\/uploads\/2022\/10\/obra-facultad-salud09.jpg?resize=1024%2C614&amp;ssl=1 1024w, https:\/\/i0.wp.com\/cdnoticias.com\/wp-content\/uploads\/2022\/10\/obra-facultad-salud09.jpg?resize=300%2C180&amp;ssl=1 300w, https:\/\/i0.wp.com\/cdnoticias.com\/wp-content\/uploads\/2022\/10\/obra-facultad-salud09.jpg?resize=768%2C461&amp;ssl=1 768w, https:\/\/i0.wp.com\/cdnoticias.com\/wp-content\/uploads\/2022\/10\/obra-facultad-salud09.jpg?resize=1536%2C922&amp;ssl=1 1536w, https:\/\/i0.wp.com\/cdnoticias.com\/wp-content\/uploads\/2022\/10\/obra-facultad-salud09.jpg?w=1600&amp;ssl=1 1600w\" sizes=\"auto, (max-width: 800px) 100vw, 800px\" \/><\/p>\n<p>&nbsp;<\/p>\n<p>Los trabajos, en total, tendr\u00e1n la intervenci\u00f3n de 4 mil metros cuadrados, <em>\u201c2.000 se construyen y 2.000 se reciclan\u201d.<\/em> Con respecto a los trabajos administrativos realizados en estos 10 meses, <em>\u201cfueron reajustados los presupuestos y actualizados los valores. Esperemos poder concluir con esta obra que demandar\u00e1 un a\u00f1o y medio. Ojal\u00e1 que antes de fin de a\u00f1o podamos comenzar con la primera etapa que es lo sanitario, y despu\u00e9s el resto de obras planificadas\u201d.<\/em><\/p>\n<p>&nbsp;<\/p>\n<p>Destacaron que se actu\u00f3<strong><em> \u201cbastante r\u00e1pido\u201d<\/em> <\/strong>dado que<em> \u201chubo que desactivar la licitaci\u00f3n anterior, y eso es todo un proceso administrativo. Siempre contamos con el apoyo del Ministerio de Obras P\u00fablicas de Naci\u00f3n y creo que se hizo en tiempo m\u00e1s que r\u00e1pido. Fue desactivar la anterior y rearmar con nuevos presupuestos, actualizar el plan de obras, revisar todo lo que se hab\u00eda hecho para reconsiderar la obra\u201d<\/em> dijo Trebucq.<\/p>\n<p>&nbsp;<\/p>\n<blockquote><p>Un dato no menor es que en la readecuaci\u00f3n de precios \u201chay diferencia en precios, el doble. Es actualizado a valores de inflaci\u00f3n actuales. El Ministerio, por eso, lo consider\u00f3 y esa es la forma factible de concretarlo\u201d.<\/p><\/blockquote>\n<p>&nbsp;<\/p>\n<p><img data-recalc-dims=\"1\" loading=\"lazy\" decoding=\"async\" class=\"size-large wp-image-67505 aligncenter\" src=\"https:\/\/i0.wp.com\/cdnoticias.com\/wp-content\/uploads\/2022\/10\/obra-facultad-salud06.jpg?resize=800%2C480&#038;ssl=1\" alt=\"\" width=\"800\" height=\"480\" srcset=\"https:\/\/i0.wp.com\/cdnoticias.com\/wp-content\/uploads\/2022\/10\/obra-facultad-salud06.jpg?resize=1024%2C614&amp;ssl=1 1024w, https:\/\/i0.wp.com\/cdnoticias.com\/wp-content\/uploads\/2022\/10\/obra-facultad-salud06.jpg?resize=300%2C180&amp;ssl=1 300w, https:\/\/i0.wp.com\/cdnoticias.com\/wp-content\/uploads\/2022\/10\/obra-facultad-salud06.jpg?resize=768%2C461&amp;ssl=1 768w, https:\/\/i0.wp.com\/cdnoticias.com\/wp-content\/uploads\/2022\/10\/obra-facultad-salud06.jpg?resize=1536%2C922&amp;ssl=1 1536w, https:\/\/i0.wp.com\/cdnoticias.com\/wp-content\/uploads\/2022\/10\/obra-facultad-salud06.jpg?w=1600&amp;ssl=1 1600w\" sizes=\"auto, (max-width: 800px) 100vw, 800px\" \/><\/p>\n<p>&nbsp;<\/p>\n<p>Nieves, por su parte, agradeci\u00f3 a la Universidad por el trabajo en conjunto y se mostr\u00f3<strong><em> \u201corgullosa que esta licitaci\u00f3n no qued\u00f3 desierta, que es algo que viene pasando por temas econ\u00f3micos, costos y dem\u00e1s\u201d.<\/em><\/strong><\/p>\n<p>&nbsp;<\/p>\n<blockquote><p>\u201cEn breve se podr\u00e1 iniciar la obra, el objetivo que tenemos con la Universidad es tratar de que la obra se inicie lo antes posible, no s\u00f3lo por los tiempos sino porque es una licitaci\u00f3n internacional. Eso hace que sea mucho m\u00e1s engorroso llevarla adelante, requiere muchos m\u00e1s papeles. Estamos contentos de que se puede avanzar con esto\u201d.<\/p><\/blockquote>\n<p>&nbsp;<\/p>\n<p>Desde la Universidad y el Ministerio de Obras P\u00fablicas destacaron que la intenci\u00f3n es que <strong><em>\u201cpara fin de a\u00f1o, principios del a\u00f1o que viene\u201d<\/em><\/strong> se adjudique la obra y comiencen r\u00e1pidamente los trabajos. Son empresas bonaerenses, con <strong><em>\u201cbuenos antecedentes\u201d y que presentaron \u201cmontos dentro de lo que ped\u00edamos. Ahora empieza el proceso de revisi\u00f3n pero vamos por buen futuro\u201d.<\/em><\/strong><\/p>\n<p>&nbsp;<\/p>\n<p><img data-recalc-dims=\"1\" loading=\"lazy\" decoding=\"async\" class=\"alignnone size-large wp-image-67508\" src=\"https:\/\/i0.wp.com\/cdnoticias.com\/wp-content\/uploads\/2022\/10\/obra-facultad-salud10.jpg?resize=800%2C480&#038;ssl=1\" alt=\"\" width=\"800\" height=\"480\" srcset=\"https:\/\/i0.wp.com\/cdnoticias.com\/wp-content\/uploads\/2022\/10\/obra-facultad-salud10.jpg?resize=1024%2C614&amp;ssl=1 1024w, https:\/\/i0.wp.com\/cdnoticias.com\/wp-content\/uploads\/2022\/10\/obra-facultad-salud10.jpg?resize=300%2C180&amp;ssl=1 300w, https:\/\/i0.wp.com\/cdnoticias.com\/wp-content\/uploads\/2022\/10\/obra-facultad-salud10.jpg?resize=768%2C461&amp;ssl=1 768w, https:\/\/i0.wp.com\/cdnoticias.com\/wp-content\/uploads\/2022\/10\/obra-facultad-salud10.jpg?resize=1536%2C922&amp;ssl=1 1536w, https:\/\/i0.wp.com\/cdnoticias.com\/wp-content\/uploads\/2022\/10\/obra-facultad-salud10.jpg?w=1600&amp;ssl=1 1600w\" sizes=\"auto, (max-width: 800px) 100vw, 800px\" \/><\/p>\n<p>&nbsp;<\/p>\n<p>Incluso indic\u00f3 que son empresas que <strong>tienen experiencia con el Ministerio de Obras Publicas: se inform\u00f3 que se trata de Maco Construcciones y Urban Baires.<\/strong><\/p>\n<p>&nbsp;<\/p>\n<p>Corres, de la UNICEN, dijo con respecto a Wayro que<em> \u201chicimos todo lo que estaba al alcance para acompa\u00f1arlos y cuando no se pudo m\u00e1s\u2026 bueno, hoy estamos largando una licitaci\u00f3n nueva despu\u00e9s de 10 meses. Parece mucho, pero en los t\u00e9rminos de administraci\u00f3n p\u00fablica fue bastante r\u00e1pido\u201d.<\/em><\/p>\n<p>&nbsp;<\/p>\n<p><img data-recalc-dims=\"1\" loading=\"lazy\" decoding=\"async\" class=\"alignnone size-large wp-image-67509\" src=\"https:\/\/i0.wp.com\/cdnoticias.com\/wp-content\/uploads\/2022\/10\/obra-facultad-salud11.jpg?resize=800%2C480&#038;ssl=1\" alt=\"\" width=\"800\" height=\"480\" srcset=\"https:\/\/i0.wp.com\/cdnoticias.com\/wp-content\/uploads\/2022\/10\/obra-facultad-salud11.jpg?resize=1024%2C614&amp;ssl=1 1024w, https:\/\/i0.wp.com\/cdnoticias.com\/wp-content\/uploads\/2022\/10\/obra-facultad-salud11.jpg?resize=300%2C180&amp;ssl=1 300w, https:\/\/i0.wp.com\/cdnoticias.com\/wp-content\/uploads\/2022\/10\/obra-facultad-salud11.jpg?resize=768%2C461&amp;ssl=1 768w, https:\/\/i0.wp.com\/cdnoticias.com\/wp-content\/uploads\/2022\/10\/obra-facultad-salud11.jpg?resize=1536%2C922&amp;ssl=1 1536w, https:\/\/i0.wp.com\/cdnoticias.com\/wp-content\/uploads\/2022\/10\/obra-facultad-salud11.jpg?w=1600&amp;ssl=1 1600w\" sizes=\"auto, (max-width: 800px) 100vw, 800px\" \/><\/p>\n<p>&nbsp;<\/p>\n<p>Con respecto al balance de los trabajos realizados, <strong><em>\u201cestructuralmente lo poco que hicieron est\u00e1 bien. El tema fue que llegaron al 7% de avance de obra y toda la demora de esta dilaci\u00f3n de tiempos. Estructuralmente est\u00e1 bien\u201d insisti\u00f3.<\/em><\/strong><\/p>\n<p>&nbsp;<\/p>\n<p>Finalmente, aclararon que la obra ahora se realizar\u00e1 en etapas y no de forma integral como se pens\u00f3 de un principio:<em> \u201cprimero lo sanitario, despu\u00e9s una nueva aula, son etapas sucesivas pero se empieza y termina. Se podr\u00e1 empezar en otros sectores pero siempre en etapas\u201d.<\/em><\/p>\n<p>&nbsp;<\/p>\n<p><img data-recalc-dims=\"1\" loading=\"lazy\" decoding=\"async\" class=\"size-large wp-image-67506 aligncenter\" src=\"https:\/\/i0.wp.com\/cdnoticias.com\/wp-content\/uploads\/2022\/10\/obra-facultad-salud08.jpg?resize=800%2C480&#038;ssl=1\" alt=\"\" width=\"800\" height=\"480\" srcset=\"https:\/\/i0.wp.com\/cdnoticias.com\/wp-content\/uploads\/2022\/10\/obra-facultad-salud08.jpg?resize=1024%2C614&amp;ssl=1 1024w, https:\/\/i0.wp.com\/cdnoticias.com\/wp-content\/uploads\/2022\/10\/obra-facultad-salud08.jpg?resize=300%2C180&amp;ssl=1 300w, https:\/\/i0.wp.com\/cdnoticias.com\/wp-content\/uploads\/2022\/10\/obra-facultad-salud08.jpg?resize=768%2C461&amp;ssl=1 768w, https:\/\/i0.wp.com\/cdnoticias.com\/wp-content\/uploads\/2022\/10\/obra-facultad-salud08.jpg?resize=1536%2C922&amp;ssl=1 1536w, https:\/\/i0.wp.com\/cdnoticias.com\/wp-content\/uploads\/2022\/10\/obra-facultad-salud08.jpg?w=1600&amp;ssl=1 1600w\" sizes=\"auto, (max-width: 800px) 100vw, 800px\" \/><\/p>\n<p>&nbsp;<\/p>\n","protected":false},"excerpt":{"rendered":"<p>Autoridades del Ministerio de Obras P\u00fablicas y la UNICEN recorrieron el estado de obra de la Facultad de Salud, luego<\/p>\n","protected":false},"author":2,"featured_media":67503,"comment_status":"closed","ping_status":"closed","sticky":false,"template":"","format":"standard","meta":{"_jetpack_memberships_contains_paid_content":false,"footnotes":""},"categories":[5,1],"tags":[],"class_list":["post-67513","post","type-post","status-publish","format-standard","has-post-thumbnail","hentry","category-informacion-general","category-portada"],"jetpack_featured_media_url":"https:\/\/i0.wp.com\/cdnoticias.com\/wp-content\/uploads\/2022\/10\/obra-facultad-salud02.jpg?fit=1600%2C960&ssl=1","jetpack_sharing_enabled":true,"_links":{"self":[{"href":"https:\/\/cdnoticias.com\/index.php\/wp-json\/wp\/v2\/posts\/67513","targetHints":{"allow":["GET"]}}],"collection":[{"href":"https:\/\/cdnoticias.com\/index.php\/wp-json\/wp\/v2\/posts"}],"about":[{"href":"https:\/\/cdnoticias.com\/index.php\/wp-json\/wp\/v2\/types\/post"}],"author":[{"embeddable":true,"href":"https:\/\/cdnoticias.com\/index.php\/wp-json\/wp\/v2\/users\/2"}],"replies":[{"embeddable":true,"href":"https:\/\/cdnoticias.com\/index.php\/wp-json\/wp\/v2\/comments?post=67513"}],"version-history":[{"count":0,"href":"https:\/\/cdnoticias.com\/index.php\/wp-json\/wp\/v2\/posts\/67513\/revisions"}],"wp:featuredmedia":[{"embeddable":true,"href":"https:\/\/cdnoticias.com\/index.php\/wp-json\/wp\/v2\/media\/67503"}],"wp:attachment":[{"href":"https:\/\/cdnoticias.com\/index.php\/wp-json\/wp\/v2\/media?parent=67513"}],"wp:term":[{"taxonomy":"category","embeddable":true,"href":"https:\/\/cdnoticias.com\/index.php\/wp-json\/wp\/v2\/categories?post=67513"},{"taxonomy":"post_tag","embeddable":true,"href":"https:\/\/cdnoticias.com\/index.php\/wp-json\/wp\/v2\/tags?post=67513"}],"curies":[{"name":"wp","href":"https:\/\/api.w.org\/{rel}","templated":true}]}}