{"id":67512,"date":"2022-10-20T15:01:36","date_gmt":"2022-10-20T18:01:36","guid":{"rendered":"https:\/\/www.centraldenoticias.com.ar\/?p=67512"},"modified":"2022-10-20T15:01:36","modified_gmt":"2022-10-20T18:01:36","slug":"pre-expo-congreso-nosotras-producimos-en-olavarria","status":"publish","type":"post","link":"https:\/\/cdnoticias.com\/index.php\/2022\/10\/20\/pre-expo-congreso-nosotras-producimos-en-olavarria\/","title":{"rendered":"Pre Expo Congreso \u201cNosotras Producimos\u201d en Olavarr\u00eda"},"content":{"rendered":"<p>Ser\u00e1 el 24 de octubre a partir de las 11:00 en la Sociedad de Fomento Mariano Moreno. Inscripci\u00f3n abierta.<!--more--><\/p>\n<hr \/>\n<p>Desde el Ministerio de Mujeres, Pol\u00edticas de G\u00e9nero y Diversidad Sexual junto con el Ministerio de Producci\u00f3n, Ciencia e Innovaci\u00f3n Tecnol\u00f3gica y el Ministerio de Trabajo se realiz\u00f3 la invitaci\u00f3n al<strong> Pre Expo Congreso<em> \u201cNosotras Producimos<\/em><\/strong><em>\u201d<\/em> que se llevar\u00e1 adelante el d\u00eda <strong>24 de octubre<\/strong> a partir de las 11:00 y hasta las 16:00 en el Sal\u00f3n de la <strong>Sociedad de Fomento Mariano Moreno<\/strong>, ubicado en avenida Sarmiento.<\/p>\n<p>&nbsp;<\/p>\n<p>Dicho evento se encuentra enmarcado dentro de la iniciativa<strong> \u201cNosotras producimos\u201d<\/strong>, que tiene como fin<strong> propiciar acciones para la autonom\u00eda econ\u00f3mica de las mujeres y poblaci\u00f3n LGTBI+<\/strong> de la Provincia de Buenos Aires.<\/p>\n<p>&nbsp;<\/p>\n<p>Se trata de un espacio de <strong>encuentro entre empresas, sindicatos, cooperativas, mutuales y emprendedoras\/e<\/strong>s con el objetivo de acompa\u00f1ar a la actividad productiva de la regi\u00f3n centro de la provincia en la incorporaci\u00f3n de mujeres y LGTBI+ en sus procesos productivos. Tambi\u00e9n se busca fomentar la corresponsabilidad de los<strong> cuidados y erradicaci\u00f3n de las violencias,<\/strong> mediante las instancias de formaci\u00f3n y los \u00e1mbitos de di\u00e1logo social.<\/p>\n<p>&nbsp;<\/p>\n<p><img data-recalc-dims=\"1\" loading=\"lazy\" decoding=\"async\" class=\"alignnone wp-image-67515\" src=\"https:\/\/i0.wp.com\/cdnoticias.com\/wp-content\/uploads\/2022\/10\/WhatsApp-Image-2022-10-18-at-10.35.28-1.jpeg?resize=350%2C622&#038;ssl=1\" alt=\"\" width=\"350\" height=\"622\" srcset=\"https:\/\/i0.wp.com\/cdnoticias.com\/wp-content\/uploads\/2022\/10\/WhatsApp-Image-2022-10-18-at-10.35.28-1.jpeg?resize=576%2C1024&amp;ssl=1 576w, https:\/\/i0.wp.com\/cdnoticias.com\/wp-content\/uploads\/2022\/10\/WhatsApp-Image-2022-10-18-at-10.35.28-1.jpeg?resize=169%2C300&amp;ssl=1 169w, https:\/\/i0.wp.com\/cdnoticias.com\/wp-content\/uploads\/2022\/10\/WhatsApp-Image-2022-10-18-at-10.35.28-1.jpeg?w=720&amp;ssl=1 720w\" sizes=\"auto, (max-width: 350px) 100vw, 350px\" \/> <img data-recalc-dims=\"1\" loading=\"lazy\" decoding=\"async\" class=\"alignnone wp-image-67514\" src=\"https:\/\/i0.wp.com\/cdnoticias.com\/wp-content\/uploads\/2022\/10\/WhatsApp-Image-2022-10-18-at-10.35.27.jpeg?resize=350%2C622&#038;ssl=1\" alt=\"\" width=\"350\" height=\"622\" srcset=\"https:\/\/i0.wp.com\/cdnoticias.com\/wp-content\/uploads\/2022\/10\/WhatsApp-Image-2022-10-18-at-10.35.27.jpeg?resize=576%2C1024&amp;ssl=1 576w, https:\/\/i0.wp.com\/cdnoticias.com\/wp-content\/uploads\/2022\/10\/WhatsApp-Image-2022-10-18-at-10.35.27.jpeg?resize=169%2C300&amp;ssl=1 169w, https:\/\/i0.wp.com\/cdnoticias.com\/wp-content\/uploads\/2022\/10\/WhatsApp-Image-2022-10-18-at-10.35.27.jpeg?w=720&amp;ssl=1 720w\" sizes=\"auto, (max-width: 350px) 100vw, 350px\" \/><\/p>\n<p>&nbsp;<\/p>\n<p>El encuentro contar\u00e1 con:<\/p>\n<p>&nbsp;<\/p>\n<ul>\n<li>Rondas de intercambios productivos, donde empresas, sindicatos, cooperativas y mutuales podr\u00e1n realizar aportes a partir de los ejes tem\u00e1ticos \u201cMiner\u00eda y actividades afines\u201d y \u201cCooperativismo y econom\u00eda circular\u201d.<\/li>\n<\/ul>\n<p>&nbsp;<\/p>\n<ul>\n<li>Conversatorio \u201cObst\u00e1culos y desaf\u00edos en el acceso al empleo\u201d, para poder dialogar y pensar estrategias con el objetivo de disminuir las desigualdades en el mundo del trabajo y la producci\u00f3n.<\/li>\n<\/ul>\n<p>&nbsp;<\/p>\n<ul>\n<li>Se dar\u00e1 a conocer la herramienta del Sello \u201cConstruir Igualdad\u201d con el objetivo de acortar las brechas de g\u00e9nero en todos los \u00e1mbitos productivos de la regi\u00f3n centro de la Provincia<\/li>\n<\/ul>\n<p>&nbsp;<\/p>\n<ul>\n<li>Se podr\u00e1 recorrer la muestra \u201cOficios sin Prejuicios\u201d, creada para visibilizar a mujeres en trabajos hist\u00f3ricamente masculinizados y se podr\u00e1 recorrer stands institucionales para conocer las propuestas de los diversos actores involucrados y pol\u00edticas p\u00fablicas.<\/li>\n<\/ul>\n<p>&nbsp;<\/p>\n<p>Para la <strong>Pre Inscripci\u00f3n<\/strong>, ingresar al siguiente link <a href=\"https:\/\/forms.gle\/sqSbottgheQrXiZg8\">https:\/\/forms.gle\/sqSbottgheQrXiZg8<\/a><\/p>\n<p>&nbsp;<\/p>\n<p>Para m\u00e1s informaci\u00f3n podr\u00e1n comunicarse a la casilla de mail: <em>preexpocongreso@gmail.com<\/em><\/p>\n","protected":false},"excerpt":{"rendered":"<p>Ser\u00e1 el 24 de octubre a partir de las 11:00 en la Sociedad de Fomento Mariano Moreno. Inscripci\u00f3n abierta.<\/p>\n","protected":false},"author":6,"featured_media":67746,"comment_status":"closed","ping_status":"closed","sticky":false,"template":"","format":"standard","meta":{"_jetpack_memberships_contains_paid_content":false,"footnotes":""},"categories":[3,1],"tags":[],"class_list":["post-67512","post","type-post","status-publish","format-standard","has-post-thumbnail","hentry","category-genero","category-portada"],"jetpack_featured_media_url":"https:\/\/i0.wp.com\/cdnoticias.com\/wp-content\/uploads\/2022\/10\/nosotras-producimos.jpg?fit=800%2C445&ssl=1","jetpack_sharing_enabled":true,"_links":{"self":[{"href":"https:\/\/cdnoticias.com\/index.php\/wp-json\/wp\/v2\/posts\/67512","targetHints":{"allow":["GET"]}}],"collection":[{"href":"https:\/\/cdnoticias.com\/index.php\/wp-json\/wp\/v2\/posts"}],"about":[{"href":"https:\/\/cdnoticias.com\/index.php\/wp-json\/wp\/v2\/types\/post"}],"author":[{"embeddable":true,"href":"https:\/\/cdnoticias.com\/index.php\/wp-json\/wp\/v2\/users\/6"}],"replies":[{"embeddable":true,"href":"https:\/\/cdnoticias.com\/index.php\/wp-json\/wp\/v2\/comments?post=67512"}],"version-history":[{"count":0,"href":"https:\/\/cdnoticias.com\/index.php\/wp-json\/wp\/v2\/posts\/67512\/revisions"}],"wp:featuredmedia":[{"embeddable":true,"href":"https:\/\/cdnoticias.com\/index.php\/wp-json\/wp\/v2\/media\/67746"}],"wp:attachment":[{"href":"https:\/\/cdnoticias.com\/index.php\/wp-json\/wp\/v2\/media?parent=67512"}],"wp:term":[{"taxonomy":"category","embeddable":true,"href":"https:\/\/cdnoticias.com\/index.php\/wp-json\/wp\/v2\/categories?post=67512"},{"taxonomy":"post_tag","embeddable":true,"href":"https:\/\/cdnoticias.com\/index.php\/wp-json\/wp\/v2\/tags?post=67512"}],"curies":[{"name":"wp","href":"https:\/\/api.w.org\/{rel}","templated":true}]}}