{"id":6750,"date":"2020-11-17T18:54:46","date_gmt":"2020-11-17T21:54:46","guid":{"rendered":"http:\/\/www.centraldenoticias.com.ar\/?p=6750"},"modified":"2020-11-17T20:10:36","modified_gmt":"2020-11-17T23:10:36","slug":"aguilera-es-un-apoyo-al-gobierno-y-al-proyecto-de-alberto-fernandez","status":"publish","type":"post","link":"https:\/\/cdnoticias.com\/index.php\/2020\/11\/17\/aguilera-es-un-apoyo-al-gobierno-y-al-proyecto-de-alberto-fernandez\/","title":{"rendered":"Aguilera: \u201cEs un apoyo al Gobierno y al proyecto de Alberto Fern\u00e1ndez\u201d"},"content":{"rendered":"<p>&nbsp;<\/p>\n<p>As\u00ed lo expres\u00f3 el subsecretario de Miner\u00eda y presidente del PJ Olavarr\u00eda en el marco del a \u201cCaravana por la militancia\u201d que se desarrolla en nuestra ciudad. En di\u00e1logo con <strong>Central de Noticias<\/strong> habl\u00f3 del proyecto sobre el \u201cImpuesto a las grandes riquezas\u201d y sobre la militancia en tiempos de pandemia.<!--more--><\/p>\n<hr \/>\n<p>Este martes a las 18, una gran cantidad de vecinos y vecinas se concentraron en el puente de avenida Emiliozzi para dar comienzo a la \u201cCaravana por la militancia\u201d, convocada con el fin de conmemorar el <strong>\u201cD\u00eda de la Militancia\u201d que recuerda el aniversario del regreso a Per\u00f3n a la Argentina tras 17 a\u00f1os de exilio en Espa\u00f1a.<\/strong><\/p>\n<p>&nbsp;<\/p>\n<p><strong>El subsecretario de Miner\u00eda y presidente del Partido Justicialista Olavarr\u00eda, Federico Aguilera, habl\u00f3 con Central de Noticias<\/strong> antes del inicio de la actividad y se\u00f1al\u00f3 la importancia de la jornada por varios motivos. Uno de ellos es el contexto en el cual se desarrolla, para conmemorar <em>\u201cun d\u00eda del militante recordando aquella vuelta del General Per\u00f3n y el esfuerzo y la recibida de la militancia en aquel entonces\u201d.<\/em><\/p>\n<p>&nbsp;<\/p>\n<p><img data-recalc-dims=\"1\" loading=\"lazy\" decoding=\"async\" class=\"alignnone size-large wp-image-6756\" src=\"https:\/\/i0.wp.com\/cdnoticias.com\/wp-content\/uploads\/2020\/11\/caravana06.jpg?resize=800%2C600&#038;ssl=1\" alt=\"\" width=\"800\" height=\"600\" srcset=\"https:\/\/i0.wp.com\/cdnoticias.com\/wp-content\/uploads\/2020\/11\/caravana06.jpg?resize=1024%2C768&amp;ssl=1 1024w, https:\/\/i0.wp.com\/cdnoticias.com\/wp-content\/uploads\/2020\/11\/caravana06.jpg?resize=300%2C225&amp;ssl=1 300w, https:\/\/i0.wp.com\/cdnoticias.com\/wp-content\/uploads\/2020\/11\/caravana06.jpg?resize=768%2C576&amp;ssl=1 768w, https:\/\/i0.wp.com\/cdnoticias.com\/wp-content\/uploads\/2020\/11\/caravana06.jpg?w=1152&amp;ssl=1 1152w\" sizes=\"auto, (max-width: 800px) 100vw, 800px\" \/><\/p>\n<p>&nbsp;<\/p>\n<p>Adem\u00e1s, resalt\u00f3 el panorma actual con los debates de este tiempo: <strong><em>\u201cen la legislatura nacional se est\u00e1 tratando un proyecto de suma importancia, que es la del Impuesto a las grandes riquezas por \u00fanica vez. En ese marco tambi\u00e9n esta movilizaci\u00f3n que se va a dar ac\u00e1 en Olavarr\u00eda\u201d.<\/em><\/strong><\/p>\n<p>&nbsp;<\/p>\n<p><img data-recalc-dims=\"1\" loading=\"lazy\" decoding=\"async\" class=\"alignnone size-large wp-image-6759\" src=\"https:\/\/i0.wp.com\/cdnoticias.com\/wp-content\/uploads\/2020\/11\/caravana09.jpg?resize=800%2C600&#038;ssl=1\" alt=\"\" width=\"800\" height=\"600\" srcset=\"https:\/\/i0.wp.com\/cdnoticias.com\/wp-content\/uploads\/2020\/11\/caravana09.jpg?resize=1024%2C768&amp;ssl=1 1024w, https:\/\/i0.wp.com\/cdnoticias.com\/wp-content\/uploads\/2020\/11\/caravana09.jpg?resize=300%2C225&amp;ssl=1 300w, https:\/\/i0.wp.com\/cdnoticias.com\/wp-content\/uploads\/2020\/11\/caravana09.jpg?resize=768%2C576&amp;ssl=1 768w, https:\/\/i0.wp.com\/cdnoticias.com\/wp-content\/uploads\/2020\/11\/caravana09.jpg?w=1152&amp;ssl=1 1152w\" sizes=\"auto, (max-width: 800px) 100vw, 800px\" \/><\/p>\n<p>&nbsp;<\/p>\n<p><img data-recalc-dims=\"1\" loading=\"lazy\" decoding=\"async\" class=\"alignnone size-large wp-image-6761\" src=\"https:\/\/i0.wp.com\/cdnoticias.com\/wp-content\/uploads\/2020\/11\/caravana11.jpg?resize=800%2C600&#038;ssl=1\" alt=\"\" width=\"800\" height=\"600\" srcset=\"https:\/\/i0.wp.com\/cdnoticias.com\/wp-content\/uploads\/2020\/11\/caravana11.jpg?resize=1024%2C768&amp;ssl=1 1024w, https:\/\/i0.wp.com\/cdnoticias.com\/wp-content\/uploads\/2020\/11\/caravana11.jpg?resize=300%2C225&amp;ssl=1 300w, https:\/\/i0.wp.com\/cdnoticias.com\/wp-content\/uploads\/2020\/11\/caravana11.jpg?resize=768%2C576&amp;ssl=1 768w, https:\/\/i0.wp.com\/cdnoticias.com\/wp-content\/uploads\/2020\/11\/caravana11.jpg?w=1152&amp;ssl=1 1152w\" sizes=\"auto, (max-width: 800px) 100vw, 800px\" \/><\/p>\n<p>&nbsp;<\/p>\n<p>Sobre las caracter\u00edsticas de la movilizaci\u00f3n, Aguilera se\u00f1al\u00f3 que <em>\u201cpara nosotros fue muy dif\u00edcil este contexto de pandemia y aislamiento, porque obviamente respetando los protocolos, respetando lo que pide el presidente de la Naci\u00f3n, nosotros nos hemos abocado a no movilizarnos, a no convocarnos en espacios abiertos, ni a generar actos p\u00fablicos, inclusive el 17 de octubre no convocamos a movilizaci\u00f3n. <strong>Eso tambi\u00e9n requiri\u00f3 de una disciplina, de much\u00edsimos vecinos que ten\u00edan ganas de expresar, de manifestar su apoyo al gobierno de Alberto y no pod\u00edan hacerlo<\/strong>\u201d.<\/em><\/p>\n<p>&nbsp;<\/p>\n<p>En ese sentido, esta caravana constituye para el funcionario<em> \u201c<strong>un apoyo al Gobierno y al proyecto de Alberto Fern\u00e1ndez<\/strong>, a la discusi\u00f3n que se va a dar en el Congreso en torno a este aporte extraordinario del 0.2 por ciento de la poblaci\u00f3n que concentra las grandes riquezas, en un contexto de pandemia, una pandemia que, si sale como todos los esperamos, si la vacuna llega cuando estamos esperando todos, va a tener su fin pr\u00f3ximamente y vamos a empezar a tener esta luz de esperanza de post pandemia y salir adelante como pa\u00eds\u201d.<\/em><\/p>\n<p>&nbsp;<\/p>\n<p><img data-recalc-dims=\"1\" loading=\"lazy\" decoding=\"async\" class=\"alignnone size-large wp-image-6753\" src=\"https:\/\/i0.wp.com\/cdnoticias.com\/wp-content\/uploads\/2020\/11\/caravana03.jpg?resize=800%2C600&#038;ssl=1\" alt=\"\" width=\"800\" height=\"600\" srcset=\"https:\/\/i0.wp.com\/cdnoticias.com\/wp-content\/uploads\/2020\/11\/caravana03.jpg?resize=1024%2C768&amp;ssl=1 1024w, https:\/\/i0.wp.com\/cdnoticias.com\/wp-content\/uploads\/2020\/11\/caravana03.jpg?resize=300%2C225&amp;ssl=1 300w, https:\/\/i0.wp.com\/cdnoticias.com\/wp-content\/uploads\/2020\/11\/caravana03.jpg?resize=768%2C576&amp;ssl=1 768w, https:\/\/i0.wp.com\/cdnoticias.com\/wp-content\/uploads\/2020\/11\/caravana03.jpg?w=1152&amp;ssl=1 1152w\" sizes=\"auto, (max-width: 800px) 100vw, 800px\" \/><\/p>\n<p>&nbsp;<\/p>\n<p>Analiz\u00f3 tambi\u00e9n, la <strong>necesidad de <em>\u201cexpresarse\u201d<\/em> de los militantes del espacio<\/strong>: <em>\u201cve\u00edamos que otras expresiones pol\u00edticas de la oposici\u00f3n lo hac\u00edan de manera cotidiana, ten\u00edan la posibilidad de expresarse y hab\u00eda una necesidad de nuestra parte, de aquellos que apoyamos el gobierno nacional de Alberto y de Cristina, y del peronismo de movilizarnos en la calle y manifestar tambi\u00e9n lo que pensamos, lo que sentimos, y hacerlo de manera democr\u00e1tica y responsable como lo vamos a hacer en el d\u00eda de hoy\u201d.<\/em><\/p>\n<p>&nbsp;<\/p>\n<blockquote><p>\u201cMientras tanto la militancia se aboc\u00f3 al trabajo solidario, a acompa\u00f1ar a los sectores m\u00e1s necesitados, realizamos los aportes necesarios para acompa\u00f1ar al Municipio\u201d.<\/p><\/blockquote>\n<p>&nbsp;<\/p>\n<p><img data-recalc-dims=\"1\" loading=\"lazy\" decoding=\"async\" class=\"alignnone size-large wp-image-6762\" src=\"https:\/\/i0.wp.com\/cdnoticias.com\/wp-content\/uploads\/2020\/11\/caravana12.jpg?resize=800%2C600&#038;ssl=1\" alt=\"\" width=\"800\" height=\"600\" srcset=\"https:\/\/i0.wp.com\/cdnoticias.com\/wp-content\/uploads\/2020\/11\/caravana12.jpg?resize=1024%2C768&amp;ssl=1 1024w, https:\/\/i0.wp.com\/cdnoticias.com\/wp-content\/uploads\/2020\/11\/caravana12.jpg?resize=300%2C225&amp;ssl=1 300w, https:\/\/i0.wp.com\/cdnoticias.com\/wp-content\/uploads\/2020\/11\/caravana12.jpg?resize=768%2C576&amp;ssl=1 768w, https:\/\/i0.wp.com\/cdnoticias.com\/wp-content\/uploads\/2020\/11\/caravana12.jpg?w=1152&amp;ssl=1 1152w\" sizes=\"auto, (max-width: 800px) 100vw, 800px\" \/><\/p>\n<p>&nbsp;<\/p>\n<p>Por \u00faltimo, asegur\u00f3 que si bien <em>\u201cno va a ser el escenario que m\u00e1s nos gusta que es el de movilizarse a pie, en la calle, en el Obelisco, en cada una de las plazas de las ciudades\u2026 cuando llegue la vacuna y se terminen los protocolos vamos a poder hacerlo a la manera que siempre nos gust\u00f3. <strong>Con alegr\u00eda, no hay mensajes de odio en contra de nadie. Eso tambi\u00e9n es novedoso en las movilizaciones que se dieron todo este a\u00f1o<\/strong>\u201d.<\/em><\/p>\n<p>&nbsp;<\/p>\n<p>La caravana recorri\u00f3 las calles de la ciudad y culmin\u00f3 en el Parque Eva Per\u00f3n.<\/p>\n","protected":false},"excerpt":{"rendered":"<p>&nbsp; As\u00ed lo expres\u00f3 el subsecretario de Miner\u00eda y presidente del PJ Olavarr\u00eda en el marco del a \u201cCaravana por<\/p>\n","protected":false},"author":5,"featured_media":6757,"comment_status":"closed","ping_status":"closed","sticky":false,"template":"","format":"standard","meta":{"_jetpack_memberships_contains_paid_content":false,"footnotes":""},"categories":[4,1],"tags":[],"class_list":["post-6750","post","type-post","status-publish","format-standard","has-post-thumbnail","hentry","category-politica","category-portada"],"jetpack_featured_media_url":"https:\/\/i0.wp.com\/cdnoticias.com\/wp-content\/uploads\/2020\/11\/caravana07.jpg?fit=1152%2C864&ssl=1","jetpack_sharing_enabled":true,"_links":{"self":[{"href":"https:\/\/cdnoticias.com\/index.php\/wp-json\/wp\/v2\/posts\/6750","targetHints":{"allow":["GET"]}}],"collection":[{"href":"https:\/\/cdnoticias.com\/index.php\/wp-json\/wp\/v2\/posts"}],"about":[{"href":"https:\/\/cdnoticias.com\/index.php\/wp-json\/wp\/v2\/types\/post"}],"author":[{"embeddable":true,"href":"https:\/\/cdnoticias.com\/index.php\/wp-json\/wp\/v2\/users\/5"}],"replies":[{"embeddable":true,"href":"https:\/\/cdnoticias.com\/index.php\/wp-json\/wp\/v2\/comments?post=6750"}],"version-history":[{"count":0,"href":"https:\/\/cdnoticias.com\/index.php\/wp-json\/wp\/v2\/posts\/6750\/revisions"}],"wp:featuredmedia":[{"embeddable":true,"href":"https:\/\/cdnoticias.com\/index.php\/wp-json\/wp\/v2\/media\/6757"}],"wp:attachment":[{"href":"https:\/\/cdnoticias.com\/index.php\/wp-json\/wp\/v2\/media?parent=6750"}],"wp:term":[{"taxonomy":"category","embeddable":true,"href":"https:\/\/cdnoticias.com\/index.php\/wp-json\/wp\/v2\/categories?post=6750"},{"taxonomy":"post_tag","embeddable":true,"href":"https:\/\/cdnoticias.com\/index.php\/wp-json\/wp\/v2\/tags?post=6750"}],"curies":[{"name":"wp","href":"https:\/\/api.w.org\/{rel}","templated":true}]}}