{"id":67452,"date":"2022-10-18T09:45:41","date_gmt":"2022-10-18T12:45:41","guid":{"rendered":"https:\/\/www.centraldenoticias.com.ar\/?p=67452"},"modified":"2022-10-18T12:55:02","modified_gmt":"2022-10-18T15:55:02","slug":"dia-de-la-lealtad-en-el-pj-en-olavarria-tenemos-el-compromiso-de-dejar-de-tener-un-gobierno-mediocre","status":"publish","type":"post","link":"https:\/\/cdnoticias.com\/index.php\/2022\/10\/18\/dia-de-la-lealtad-en-el-pj-en-olavarria-tenemos-el-compromiso-de-dejar-de-tener-un-gobierno-mediocre\/","title":{"rendered":"D\u00eda de la Lealtad en el PJ: \u201cEn Olavarr\u00eda tenemos el compromiso de dejar de tener un gobierno mediocre\u201d"},"content":{"rendered":"<p>Lo dijo Federico Aguilera, presidente del PJ. Se entregaron reconocimientos a dirigentes y militantes hist\u00f3ricos del peronismo local.<\/p>\n<p><!--more--><\/p>\n<hr \/>\n<p>En sal\u00f3n del sindicato AOMA,<strong> el Partido Justicialista de Olavarr\u00eda llev\u00f3 adelante el acto del D\u00eda de la Lealtad en la tarde del lunes.<\/strong><\/p>\n<p>&nbsp;<\/p>\n<p>La sede estuvo colmada para el encuentro que tuvo como actividad central la entrega de<strong> reconocimientos a dirigentes y militantes hist\u00f3ricos del peronismo local.<\/strong><\/p>\n<p>&nbsp;<\/p>\n<p><img data-recalc-dims=\"1\" loading=\"lazy\" decoding=\"async\" class=\"size-full wp-image-67459 aligncenter\" src=\"https:\/\/i0.wp.com\/cdnoticias.com\/wp-content\/uploads\/2022\/10\/dia-de-la-lealtad-03.jpg?resize=800%2C445&#038;ssl=1\" alt=\"\" width=\"800\" height=\"445\" srcset=\"https:\/\/i0.wp.com\/cdnoticias.com\/wp-content\/uploads\/2022\/10\/dia-de-la-lealtad-03.jpg?w=800&amp;ssl=1 800w, https:\/\/i0.wp.com\/cdnoticias.com\/wp-content\/uploads\/2022\/10\/dia-de-la-lealtad-03.jpg?resize=300%2C167&amp;ssl=1 300w, https:\/\/i0.wp.com\/cdnoticias.com\/wp-content\/uploads\/2022\/10\/dia-de-la-lealtad-03.jpg?resize=768%2C427&amp;ssl=1 768w\" sizes=\"auto, (max-width: 800px) 100vw, 800px\" \/><\/p>\n<p>&nbsp;<\/p>\n<p>Discursivamente, la jornada busc\u00f3 dejar plantadas las banderas con las que desde el sector se proyecta el a\u00f1o electoral. En ese sentido, <strong>resalt\u00f3 el discurso de apertura a cargo del presidente del PJ, Federico Aguilera<\/strong>. Asimismo, estuvo el <strong>subsecretario de Derechos Humanos de la provincia, Mat\u00edas Moreno<\/strong>, quien tambi\u00e9n tuvo un discurso destacado.<\/p>\n<p>&nbsp;<\/p>\n<p>El acto comenz\u00f3 con <strong>un video institucional que record\u00f3 el inicio del peronismo en Olavarr\u00ed<\/strong>a y se repasaron los resultados de elecciones desde 1948 en adelante con el recuerdo de las principales figuras que compitieron y gestionaron en cada etapa. En el cierre, <strong>se resalt\u00f3 que 2021 fue el a\u00f1o con \u201cel mejor resultado electoral para el peronismo con Federico Aguilera como candidato\u201d.<\/strong><\/p>\n<p>&nbsp;<\/p>\n<p><img data-recalc-dims=\"1\" loading=\"lazy\" decoding=\"async\" class=\"size-full wp-image-67466 aligncenter\" src=\"https:\/\/i0.wp.com\/cdnoticias.com\/wp-content\/uploads\/2022\/10\/dia-de-la-lealtad-01.jpg?resize=800%2C445&#038;ssl=1\" alt=\"\" width=\"800\" height=\"445\" srcset=\"https:\/\/i0.wp.com\/cdnoticias.com\/wp-content\/uploads\/2022\/10\/dia-de-la-lealtad-01.jpg?w=800&amp;ssl=1 800w, https:\/\/i0.wp.com\/cdnoticias.com\/wp-content\/uploads\/2022\/10\/dia-de-la-lealtad-01.jpg?resize=300%2C167&amp;ssl=1 300w, https:\/\/i0.wp.com\/cdnoticias.com\/wp-content\/uploads\/2022\/10\/dia-de-la-lealtad-01.jpg?resize=768%2C427&amp;ssl=1 768w\" sizes=\"auto, (max-width: 800px) 100vw, 800px\" \/><\/p>\n<p>&nbsp;<\/p>\n<blockquote><p>\u201cPasaron 77 a\u00f1os en que el peronismo de Olavarr\u00eda est\u00e1 movilizado para hacer historia una vez m\u00e1s\u201d dijo Federico Aguilera ante los presentes, representantes de numerosos sectores que componen el Frente de Todos en la ciudad. \u201cEn Olavarr\u00eda tenemos el compromiso de dejar de tener un gobierno mediocre\u201d sostuvo para subrayar la intenci\u00f3n de tener en 2023 \u201cun intendente o intendenta peronista\u201d.<\/p><\/blockquote>\n<p>&nbsp;<\/p>\n<p>Luego anunci\u00f3 que el <strong>homenaje \u201ca compa\u00f1eros que son parte vital de la historia del peronismo\u201d.<\/strong><\/p>\n<p>&nbsp;<\/p>\n<p><img data-recalc-dims=\"1\" loading=\"lazy\" decoding=\"async\" class=\"size-full wp-image-67463 aligncenter\" src=\"https:\/\/i0.wp.com\/cdnoticias.com\/wp-content\/uploads\/2022\/10\/dia-de-la-lealtad-07.jpg?resize=800%2C445&#038;ssl=1\" alt=\"\" width=\"800\" height=\"445\" srcset=\"https:\/\/i0.wp.com\/cdnoticias.com\/wp-content\/uploads\/2022\/10\/dia-de-la-lealtad-07.jpg?w=800&amp;ssl=1 800w, https:\/\/i0.wp.com\/cdnoticias.com\/wp-content\/uploads\/2022\/10\/dia-de-la-lealtad-07.jpg?resize=300%2C167&amp;ssl=1 300w, https:\/\/i0.wp.com\/cdnoticias.com\/wp-content\/uploads\/2022\/10\/dia-de-la-lealtad-07.jpg?resize=768%2C427&amp;ssl=1 768w\" sizes=\"auto, (max-width: 800px) 100vw, 800px\" \/><\/p>\n<p>&nbsp;<\/p>\n<p>Con ello, junto al dirigente del PJ provincial <strong>Guillermo Santell\u00e1n<\/strong>, los concejales<strong> Mercedes Land\u00edvar y Maximiliano Wesner<\/strong>, y el titular de AOMA, <strong>Alejandro Santill\u00e1n<\/strong>, entregaron reconocimientos a figuras locales.<\/p>\n<p>&nbsp;<\/p>\n<p>Los reconocidos fueron <em>H\u00e9ctor Llera, Pablo Ormazabal, Miguel Santellan, Juan Carlos Cazot (no pudo asistir y lo recibi\u00f3 su hija Telma Cazot), Carlos Veneciano, Mirta Beluschi, Daniel Prestipino (lo recibieron su esposa y Ra\u00fal Menon), Daniel Buyanovsky (lo recibi\u00f3 su hijo Esteban), Mario Gubitosi (fallecido el 14 de octubre, lo recibieron sus primos), C\u00e9sar P\u00e9rez (lo recibi\u00f3 Ramiro Borzi), Carlos Moreno (lo recibi\u00f3 su hijo, Mat\u00edas moreno),\u00a0 Araceli Guti\u00e9rrez, Carmelo Vinci, Eduardo Santell\u00e1n, Pedro Sa\u00edno y Gladys Brauton de S\u00e1nchez (lo recibi\u00f3 su hijo Enrique S\u00e1nchez).<\/em><\/p>\n<p>&nbsp;<\/p>\n<p><img data-recalc-dims=\"1\" loading=\"lazy\" decoding=\"async\" class=\"size-full wp-image-67462 aligncenter\" src=\"https:\/\/i0.wp.com\/cdnoticias.com\/wp-content\/uploads\/2022\/10\/dia-de-la-lealtad-06.jpg?resize=800%2C445&#038;ssl=1\" alt=\"\" width=\"800\" height=\"445\" srcset=\"https:\/\/i0.wp.com\/cdnoticias.com\/wp-content\/uploads\/2022\/10\/dia-de-la-lealtad-06.jpg?w=800&amp;ssl=1 800w, https:\/\/i0.wp.com\/cdnoticias.com\/wp-content\/uploads\/2022\/10\/dia-de-la-lealtad-06.jpg?resize=300%2C167&amp;ssl=1 300w, https:\/\/i0.wp.com\/cdnoticias.com\/wp-content\/uploads\/2022\/10\/dia-de-la-lealtad-06.jpg?resize=768%2C427&amp;ssl=1 768w\" sizes=\"auto, (max-width: 800px) 100vw, 800px\" \/><\/p>\n<p>&nbsp;<\/p>\n<p>El cierre del acto tuvo el discurso de <strong>H\u00e9ctor Llera<\/strong> a trav\u00e9s de quien se marc\u00f3 la impronta de alegr\u00eda de la jornada, tal como lo hab\u00edan expuesto muchos de los distinguidos.<strong> \u201cCuando uno es peronista, es peronista hasta el \u00faltimo aliento\u201d<\/strong> dijo.<\/p>\n<p>&nbsp;<\/p>\n<p>El cierre del acto fue con la entonaci\u00f3n de la \u201cMarcha Peronista\u201d y luego todos fueron invitados a compartir un chorip\u00e1n.<\/p>\n<p>&nbsp;<\/p>\n<p><img data-recalc-dims=\"1\" loading=\"lazy\" decoding=\"async\" class=\"size-full wp-image-67460 aligncenter\" src=\"https:\/\/i0.wp.com\/cdnoticias.com\/wp-content\/uploads\/2022\/10\/dia-de-la-lealtad-04.jpg?resize=800%2C445&#038;ssl=1\" alt=\"\" width=\"800\" height=\"445\" srcset=\"https:\/\/i0.wp.com\/cdnoticias.com\/wp-content\/uploads\/2022\/10\/dia-de-la-lealtad-04.jpg?w=800&amp;ssl=1 800w, https:\/\/i0.wp.com\/cdnoticias.com\/wp-content\/uploads\/2022\/10\/dia-de-la-lealtad-04.jpg?resize=300%2C167&amp;ssl=1 300w, https:\/\/i0.wp.com\/cdnoticias.com\/wp-content\/uploads\/2022\/10\/dia-de-la-lealtad-04.jpg?resize=768%2C427&amp;ssl=1 768w\" sizes=\"auto, (max-width: 800px) 100vw, 800px\" \/><\/p>\n<p>&nbsp;<\/p>\n<p><span style=\"text-decoration: underline;\"><strong>\u201cOlavarr\u00eda sigue respirando peronismo\u201d<\/strong><\/span><\/p>\n<p>&nbsp;<\/p>\n<p><strong>Mat\u00edas Moreno brind\u00f3 un breve discurso al recibir el reconocimiento en nombre de su padre<\/strong>, el abogado Carlos Moreno, secuestrado y asesinado en 1977.<\/p>\n<p>&nbsp;<\/p>\n<p>Destac\u00f3 que en la conducci\u00f3n de AOMA, <strong>Alejandro Santill\u00e1n, le \u201cdevolvi\u00f3\u201d el lugar a su padre en el sindicato.<\/strong><\/p>\n<p>&nbsp;<\/p>\n<p><img data-recalc-dims=\"1\" loading=\"lazy\" decoding=\"async\" class=\"size-full wp-image-67461 aligncenter\" src=\"https:\/\/i0.wp.com\/cdnoticias.com\/wp-content\/uploads\/2022\/10\/dia-de-la-lealtad-05.jpg?resize=800%2C445&#038;ssl=1\" alt=\"\" width=\"800\" height=\"445\" srcset=\"https:\/\/i0.wp.com\/cdnoticias.com\/wp-content\/uploads\/2022\/10\/dia-de-la-lealtad-05.jpg?w=800&amp;ssl=1 800w, https:\/\/i0.wp.com\/cdnoticias.com\/wp-content\/uploads\/2022\/10\/dia-de-la-lealtad-05.jpg?resize=300%2C167&amp;ssl=1 300w, https:\/\/i0.wp.com\/cdnoticias.com\/wp-content\/uploads\/2022\/10\/dia-de-la-lealtad-05.jpg?resize=768%2C427&amp;ssl=1 768w\" sizes=\"auto, (max-width: 800px) 100vw, 800px\" \/><\/p>\n<p>&nbsp;<\/p>\n<p><strong>\u201cSiempre son buenas estas reivindicaciones de la identidad\u201d<\/strong> dijo el subsecretario provincial para agradecer el acto del PJ de Olavarr\u00eda.<\/p>\n<p>&nbsp;<\/p>\n<blockquote><p>Luego hizo referencia a la gesti\u00f3n nacional sobre la que expres\u00f3 que \u201ctiene dificultades de cumplir con el contrato electoral\u201d y m\u00e1s adelante contrast\u00f3 \u201chubo un movimiento pol\u00edtico iniciado en 2003 que a muchos nos dio respuestas efectivas a muchas demandas\u201d.<\/p><\/blockquote>\n<p>&nbsp;<\/p>\n<p>Tambi\u00e9n retom\u00f3 una frase que hab\u00eda expresado Aguilera en referencia al atentado contra Cristina Fern\u00e1ndez para se\u00f1alar que <strong>se necesita reforzar \u201cel consenso de vivir en democracia\u201d.<\/strong><\/p>\n<p>&nbsp;<\/p>\n<p><img data-recalc-dims=\"1\" loading=\"lazy\" decoding=\"async\" class=\"size-full wp-image-67464 aligncenter\" src=\"https:\/\/i0.wp.com\/cdnoticias.com\/wp-content\/uploads\/2022\/10\/dia-de-la-lealtad-08.jpg?resize=800%2C445&#038;ssl=1\" alt=\"\" width=\"800\" height=\"445\" srcset=\"https:\/\/i0.wp.com\/cdnoticias.com\/wp-content\/uploads\/2022\/10\/dia-de-la-lealtad-08.jpg?w=800&amp;ssl=1 800w, https:\/\/i0.wp.com\/cdnoticias.com\/wp-content\/uploads\/2022\/10\/dia-de-la-lealtad-08.jpg?resize=300%2C167&amp;ssl=1 300w, https:\/\/i0.wp.com\/cdnoticias.com\/wp-content\/uploads\/2022\/10\/dia-de-la-lealtad-08.jpg?resize=768%2C427&amp;ssl=1 768w\" sizes=\"auto, (max-width: 800px) 100vw, 800px\" \/><\/p>\n<p>&nbsp;<\/p>\n<p>Con ello asegur\u00f3 que \u201cpodemos revertir situaciones a trav\u00e9s del trabajo, del di\u00e1logo, con la responsabilidad de cada militante peronista de hablar con sus vecinos\u201d y, m\u00e1s adelante, que <strong>\u201cla \u00fanica esperanza para revertir esta situaci\u00f3n es desde el movimiento justicialista\u201d.<\/strong><\/p>\n<p>&nbsp;<\/p>\n<blockquote><p>Sobre el cierre, Mat\u00edas Moreno destac\u00f3 que \u201cOlavarr\u00eda sigue respirando peronismo, sigue teniendo la identidad de los trabajadores y trabajadoras\u201d.<\/p><\/blockquote>\n<p>&nbsp;<\/p>\n<p><img data-recalc-dims=\"1\" loading=\"lazy\" decoding=\"async\" class=\"size-full wp-image-67467 aligncenter\" src=\"https:\/\/i0.wp.com\/cdnoticias.com\/wp-content\/uploads\/2022\/10\/dia-de-la-lealtad-02.jpg?resize=800%2C445&#038;ssl=1\" alt=\"\" width=\"800\" height=\"445\" srcset=\"https:\/\/i0.wp.com\/cdnoticias.com\/wp-content\/uploads\/2022\/10\/dia-de-la-lealtad-02.jpg?w=800&amp;ssl=1 800w, https:\/\/i0.wp.com\/cdnoticias.com\/wp-content\/uploads\/2022\/10\/dia-de-la-lealtad-02.jpg?resize=300%2C167&amp;ssl=1 300w, https:\/\/i0.wp.com\/cdnoticias.com\/wp-content\/uploads\/2022\/10\/dia-de-la-lealtad-02.jpg?resize=768%2C427&amp;ssl=1 768w\" sizes=\"auto, (max-width: 800px) 100vw, 800px\" \/><\/p>\n<p>&nbsp;<\/p>\n","protected":false},"excerpt":{"rendered":"<p>Lo dijo Federico Aguilera, presidente del PJ. Se entregaron reconocimientos a dirigentes y militantes hist\u00f3ricos del peronismo local.<\/p>\n","protected":false},"author":4,"featured_media":67465,"comment_status":"closed","ping_status":"closed","sticky":false,"template":"","format":"standard","meta":{"_jetpack_memberships_contains_paid_content":false,"footnotes":""},"categories":[4,1],"tags":[],"class_list":["post-67452","post","type-post","status-publish","format-standard","has-post-thumbnail","hentry","category-politica","category-portada"],"jetpack_featured_media_url":"https:\/\/i0.wp.com\/cdnoticias.com\/wp-content\/uploads\/2022\/10\/dia-de-la-lealtad-00.jpg?fit=800%2C445&ssl=1","jetpack_sharing_enabled":true,"_links":{"self":[{"href":"https:\/\/cdnoticias.com\/index.php\/wp-json\/wp\/v2\/posts\/67452","targetHints":{"allow":["GET"]}}],"collection":[{"href":"https:\/\/cdnoticias.com\/index.php\/wp-json\/wp\/v2\/posts"}],"about":[{"href":"https:\/\/cdnoticias.com\/index.php\/wp-json\/wp\/v2\/types\/post"}],"author":[{"embeddable":true,"href":"https:\/\/cdnoticias.com\/index.php\/wp-json\/wp\/v2\/users\/4"}],"replies":[{"embeddable":true,"href":"https:\/\/cdnoticias.com\/index.php\/wp-json\/wp\/v2\/comments?post=67452"}],"version-history":[{"count":0,"href":"https:\/\/cdnoticias.com\/index.php\/wp-json\/wp\/v2\/posts\/67452\/revisions"}],"wp:featuredmedia":[{"embeddable":true,"href":"https:\/\/cdnoticias.com\/index.php\/wp-json\/wp\/v2\/media\/67465"}],"wp:attachment":[{"href":"https:\/\/cdnoticias.com\/index.php\/wp-json\/wp\/v2\/media?parent=67452"}],"wp:term":[{"taxonomy":"category","embeddable":true,"href":"https:\/\/cdnoticias.com\/index.php\/wp-json\/wp\/v2\/categories?post=67452"},{"taxonomy":"post_tag","embeddable":true,"href":"https:\/\/cdnoticias.com\/index.php\/wp-json\/wp\/v2\/tags?post=67452"}],"curies":[{"name":"wp","href":"https:\/\/api.w.org\/{rel}","templated":true}]}}