{"id":67451,"date":"2022-10-18T09:00:56","date_gmt":"2022-10-18T12:00:56","guid":{"rendered":"https:\/\/www.centraldenoticias.com.ar\/?p=67451"},"modified":"2022-10-18T09:00:56","modified_gmt":"2022-10-18T12:00:56","slug":"aprehendieron-a-un-hombre-tras-robar-ruedas-de-bicicleta","status":"publish","type":"post","link":"https:\/\/cdnoticias.com\/index.php\/2022\/10\/18\/aprehendieron-a-un-hombre-tras-robar-ruedas-de-bicicleta\/","title":{"rendered":"Aprehendieron a un hombre tras robar ruedas de bicicleta"},"content":{"rendered":"<p>Se trata de la misma persona que d\u00edas atr\u00e1s rob\u00f3 una mochila en la terminal. En esta oportunidad, el il\u00edcito se produjo en el centro de la ciudad y fue advertido por personal de Monitoreo.<!--more--><\/p>\n<hr \/>\n<p>Un hombre fue observado por personal del Centro de Monitoreo Municipal robando <strong>dos ruedas de una bicicleta<\/strong> en el cruce de las calles <strong>Rivadavia y Belgrano.<\/strong><\/p>\n<p>&nbsp;<\/p>\n<p>Inmediatamente se dio aviso a la polic\u00eda y se logr\u00f3<strong> aprehender al hombre en Vicente L\u00f3pez y Bol\u00edvar.<\/strong><\/p>\n<p>&nbsp;<\/p>\n<p><img data-recalc-dims=\"1\" loading=\"lazy\" decoding=\"async\" class=\"aligncenter size-full wp-image-67454\" src=\"https:\/\/i0.wp.com\/cdnoticias.com\/wp-content\/uploads\/2022\/10\/aprehendido-bicicleta-mochila-1.jpg?resize=800%2C480&#038;ssl=1\" alt=\"\" width=\"800\" height=\"480\" srcset=\"https:\/\/i0.wp.com\/cdnoticias.com\/wp-content\/uploads\/2022\/10\/aprehendido-bicicleta-mochila-1.jpg?w=2334&amp;ssl=1 2334w, https:\/\/i0.wp.com\/cdnoticias.com\/wp-content\/uploads\/2022\/10\/aprehendido-bicicleta-mochila-1.jpg?resize=300%2C180&amp;ssl=1 300w, https:\/\/i0.wp.com\/cdnoticias.com\/wp-content\/uploads\/2022\/10\/aprehendido-bicicleta-mochila-1.jpg?resize=1024%2C614&amp;ssl=1 1024w, https:\/\/i0.wp.com\/cdnoticias.com\/wp-content\/uploads\/2022\/10\/aprehendido-bicicleta-mochila-1.jpg?resize=768%2C461&amp;ssl=1 768w, https:\/\/i0.wp.com\/cdnoticias.com\/wp-content\/uploads\/2022\/10\/aprehendido-bicicleta-mochila-1.jpg?resize=1536%2C921&amp;ssl=1 1536w, https:\/\/i0.wp.com\/cdnoticias.com\/wp-content\/uploads\/2022\/10\/aprehendido-bicicleta-mochila-1.jpg?resize=2048%2C1228&amp;ssl=1 2048w, https:\/\/i0.wp.com\/cdnoticias.com\/wp-content\/uploads\/2022\/10\/aprehendido-bicicleta-mochila-1.jpg?w=1600&amp;ssl=1 1600w\" sizes=\"auto, (max-width: 800px) 100vw, 800px\" \/><\/p>\n<p>&nbsp;<\/p>\n<p>Se trata de la misma persona que d\u00edas atr\u00e1s <a href=\"https:\/\/cdnoticias.com\/index.php\/2022\/10\/15\/aprehendieron-a-un-hombre-que-robo-una-mochila-con-75-mil-pesos\/\" target=\"_blank\" rel=\"noopener\">rob\u00f3 una mochila con dinero<\/a> en la Terminal de \u00d3mnibus.<\/p>\n<p>&nbsp;<\/p>\n<p>Se procedi\u00f3 al secuestro de las cubiertas sustra\u00eddas y al traslado aprehendido a sede policial con intervenci\u00f3n de la UFI 10 en turno.<\/p>\n<p>&nbsp;<\/p>\n<blockquote class=\"wp-embedded-content\" data-secret=\"KG9PHdtcaY\"><p><a href=\"https:\/\/cdnoticias.com\/index.php\/2022\/10\/15\/aprehendieron-a-un-hombre-que-robo-una-mochila-con-75-mil-pesos\/\">Aprehendieron a un hombre que rob\u00f3 una mochila con 75 mil pesos<\/a><\/p><\/blockquote>\n<p><iframe loading=\"lazy\" class=\"wp-embedded-content\" sandbox=\"allow-scripts\" security=\"restricted\" style=\"position: absolute; clip: rect(1px, 1px, 1px, 1px);\" title=\"&#8220;Aprehendieron a un hombre que rob\u00f3 una mochila con 75 mil pesos&#8221; &#8212; Central de Noticias | Olavarr\u00eda\" src=\"https:\/\/cdnoticias.com\/index.php\/2022\/10\/15\/aprehendieron-a-un-hombre-que-robo-una-mochila-con-75-mil-pesos\/embed\/#?secret=h0FTArlclz#?secret=KG9PHdtcaY\" data-secret=\"KG9PHdtcaY\" width=\"600\" height=\"338\" frameborder=\"0\" marginwidth=\"0\" marginheight=\"0\" scrolling=\"no\"><\/iframe><\/p>\n","protected":false},"excerpt":{"rendered":"<p>Se trata de la misma persona que d\u00edas atr\u00e1s rob\u00f3 una mochila en la terminal. En esta oportunidad, el il\u00edcito<\/p>\n","protected":false},"author":5,"featured_media":67455,"comment_status":"closed","ping_status":"closed","sticky":false,"template":"","format":"standard","meta":{"_jetpack_memberships_contains_paid_content":false,"footnotes":""},"categories":[14,1],"tags":[],"class_list":["post-67451","post","type-post","status-publish","format-standard","has-post-thumbnail","hentry","category-policiales","category-portada"],"jetpack_featured_media_url":"https:\/\/i0.wp.com\/cdnoticias.com\/wp-content\/uploads\/2022\/10\/aprehendido-bicicleta-mochila.jpg?fit=1112%2C667&ssl=1","jetpack_sharing_enabled":true,"_links":{"self":[{"href":"https:\/\/cdnoticias.com\/index.php\/wp-json\/wp\/v2\/posts\/67451","targetHints":{"allow":["GET"]}}],"collection":[{"href":"https:\/\/cdnoticias.com\/index.php\/wp-json\/wp\/v2\/posts"}],"about":[{"href":"https:\/\/cdnoticias.com\/index.php\/wp-json\/wp\/v2\/types\/post"}],"author":[{"embeddable":true,"href":"https:\/\/cdnoticias.com\/index.php\/wp-json\/wp\/v2\/users\/5"}],"replies":[{"embeddable":true,"href":"https:\/\/cdnoticias.com\/index.php\/wp-json\/wp\/v2\/comments?post=67451"}],"version-history":[{"count":0,"href":"https:\/\/cdnoticias.com\/index.php\/wp-json\/wp\/v2\/posts\/67451\/revisions"}],"wp:featuredmedia":[{"embeddable":true,"href":"https:\/\/cdnoticias.com\/index.php\/wp-json\/wp\/v2\/media\/67455"}],"wp:attachment":[{"href":"https:\/\/cdnoticias.com\/index.php\/wp-json\/wp\/v2\/media?parent=67451"}],"wp:term":[{"taxonomy":"category","embeddable":true,"href":"https:\/\/cdnoticias.com\/index.php\/wp-json\/wp\/v2\/categories?post=67451"},{"taxonomy":"post_tag","embeddable":true,"href":"https:\/\/cdnoticias.com\/index.php\/wp-json\/wp\/v2\/tags?post=67451"}],"curies":[{"name":"wp","href":"https:\/\/api.w.org\/{rel}","templated":true}]}}