{"id":6745,"date":"2020-11-17T16:31:42","date_gmt":"2020-11-17T19:31:42","guid":{"rendered":"http:\/\/www.centraldenoticias.com.ar\/?p=6745"},"modified":"2020-11-17T17:53:41","modified_gmt":"2020-11-17T20:53:41","slug":"el-presidente-envio-al-congreso-el-proyecto-de-legalizacion-del-aborto","status":"publish","type":"post","link":"https:\/\/cdnoticias.com\/index.php\/2020\/11\/17\/el-presidente-envio-al-congreso-el-proyecto-de-legalizacion-del-aborto\/","title":{"rendered":"El Presidente envi\u00f3 al Congreso el proyecto de legalizaci\u00f3n del aborto"},"content":{"rendered":"<p>Alberto Fern\u00e1ndez lo anunci\u00f3 a trav\u00e9s de un mensaje grabado en su cuenta de Twitter. Adem\u00e1s, envi\u00f3 el proyecto para instituir el Programa de los Mil D\u00edas. Pidi\u00f3 respetar las diferentes opiniones y habl\u00f3 de ampliaci\u00f3n de derechos.\u00a0<!--more--><\/p>\n<p>&nbsp;<\/p>\n<p>El presidente Alberto Fern\u00e1ndez envi\u00f3 este martes al Congreso de la Naci\u00f3n <strong>dos proyectos de ley.<\/strong> Por un lado, la legalizaci\u00f3n de la<strong> Interrupci\u00f3n Voluntaria del Embarazo (ILE)<\/strong> que garantiza su realizaci\u00f3n en condiciones sanitarias que aseguren su salud y su vida.<\/p>\n<p>&nbsp;<\/p>\n<p>El segundo proyecto, instituye el <strong>Programa de los Mil D\u00edas<\/strong>, con el objetivo de fortalecer la atenci\u00f3n integral de la salud de la mujer durante el embarazo y de sus hijos e hijas en los primeros a\u00f1os de vida.<\/p>\n<p>&nbsp;<\/p>\n<p>La noticia fue comunicada por el mismo presidente a trav\u00e9s de un <strong>mensaje grabado y publicado en su cuenta de Twitter.<\/strong><\/p>\n<p>&nbsp;<\/p>\n<blockquote class=\"twitter-tweet\" data-width=\"550\" data-dnt=\"true\">\n<p lang=\"es\" dir=\"ltr\">Siempre fue mi compromiso que el Estado acompa\u00f1e a todas las personas gestantes en sus proyectos de maternidad y cuide la vida y la salud de quienes deciden interrumpir su embarazo. El Estado no debe desentenderse de ninguna de estas realidades.<a href=\"https:\/\/twitter.com\/hashtag\/QueSeaLey?src=hash&amp;ref_src=twsrc%5Etfw\">#QueSeaLey<\/a> <a href=\"https:\/\/t.co\/V7Lr6wBmuB\">pic.twitter.com\/V7Lr6wBmuB<\/a><\/p>\n<p>&mdash; Alberto Fern\u00e1ndez (@alferdez) <a href=\"https:\/\/twitter.com\/alferdez\/status\/1328775329398329344?ref_src=twsrc%5Etfw\">November 17, 2020<\/a><\/p><\/blockquote>\n<p><script async src=\"https:\/\/platform.twitter.com\/widgets.js\" charset=\"utf-8\"><\/script><\/p>\n<p>&nbsp;<\/p>\n<p><em>\u201cSiempre fue mi compromiso que el Estado acompa\u00f1e a todas las personas gestantes en sus proyectos de maternidad y cuide la vida y la salud de quienes deciden interrumpir su embarazo. <strong>El Estado no debe desentenderse de ninguna de estas realidades<\/strong>\u201d<\/em>, expres\u00f3 el mandatario.<\/p>\n<p>&nbsp;<\/p>\n<p>El extenso mensaje resalt\u00f3 que<em> \u201cla criminalizaci\u00f3n del aborto de nada ha servido, solo ha permitido que los abortos ocurran clandestinamente en cifras preocupantes\u201d<\/em> y detall\u00f3 que <strong><em>\u201ccada a\u00f1o se hospitalizan alrededor de 38.000 mujeres por abortos mal practicados. Desde la recuperaci\u00f3n de la democracia murieron m\u00e1s de 3.000 mujeres\u201d.<\/em><\/strong><\/p>\n<p>&nbsp;<\/p>\n<p>Fern\u00e1ndez asegur\u00f3 que <strong><em>\u201cla legalizaci\u00f3n del aborto salva vidas de mujeres y preserva sus capacidades reproductivas, muchas veces afectada por esos abortos inseguros\u201d.<\/em><\/strong><\/p>\n<p>&nbsp;<\/p>\n<p><img data-recalc-dims=\"1\" loading=\"lazy\" decoding=\"async\" class=\"alignnone size-full wp-image-5761\" src=\"https:\/\/i0.wp.com\/cdnoticias.com\/wp-content\/uploads\/2020\/11\/aborto.jpg?resize=800%2C533&#038;ssl=1\" alt=\"\" width=\"800\" height=\"533\" srcset=\"https:\/\/i0.wp.com\/cdnoticias.com\/wp-content\/uploads\/2020\/11\/aborto.jpg?w=880&amp;ssl=1 880w, https:\/\/i0.wp.com\/cdnoticias.com\/wp-content\/uploads\/2020\/11\/aborto.jpg?resize=300%2C200&amp;ssl=1 300w, https:\/\/i0.wp.com\/cdnoticias.com\/wp-content\/uploads\/2020\/11\/aborto.jpg?resize=768%2C511&amp;ssl=1 768w, https:\/\/i0.wp.com\/cdnoticias.com\/wp-content\/uploads\/2020\/11\/aborto.jpg?resize=272%2C182&amp;ssl=1 272w\" sizes=\"auto, (max-width: 800px) 100vw, 800px\" \/><\/p>\n<p>&nbsp;<\/p>\n<p>Por otra parte, se\u00f1al\u00f3 que este tipo de proyectos <em>\u201cno aumentan la cantidad de abortos ni los promueve&#8221;<\/em> y sobre el final del mensaje pidi\u00f3 <strong><em>\u201cun debate franco, que se desarrolle en el marco del di\u00e1logo democr\u00e1tico\u201d.<\/em><\/strong><\/p>\n<p>&nbsp;<\/p>\n<blockquote><p>Cuidemos el respeto hacia quien piensa de una manera distinta a la propia. Las diferencias nos hacen una sociedad plural y enriquecen la democracia que tanto esfuerzo nos cost\u00f3 consolidar.<\/p><\/blockquote>\n<p>&nbsp;<\/p>\n<p><strong><em>\u201cEstoy seguro que estamos dando respuesta a una realidad que afecta a la salud p\u00fablica y con ello estamos ampliando derechos en una sociedad que as\u00ed lo demanda. Qu\u00e9 sea ley\u201d<\/em><\/strong>, concluy\u00f3 el Presidente.<\/p>\n","protected":false},"excerpt":{"rendered":"<p>Alberto Fern\u00e1ndez lo anunci\u00f3 a trav\u00e9s de un mensaje grabado en su cuenta de Twitter. Adem\u00e1s, envi\u00f3 el proyecto para<\/p>\n","protected":false},"author":5,"featured_media":6746,"comment_status":"closed","ping_status":"closed","sticky":false,"template":"","format":"standard","meta":{"_jetpack_memberships_contains_paid_content":false,"footnotes":""},"categories":[3,1],"tags":[],"class_list":["post-6745","post","type-post","status-publish","format-standard","has-post-thumbnail","hentry","category-genero","category-portada"],"jetpack_featured_media_url":"https:\/\/i0.wp.com\/cdnoticias.com\/wp-content\/uploads\/2020\/11\/alberto.jpg?fit=1366%2C768&ssl=1","jetpack_sharing_enabled":true,"_links":{"self":[{"href":"https:\/\/cdnoticias.com\/index.php\/wp-json\/wp\/v2\/posts\/6745","targetHints":{"allow":["GET"]}}],"collection":[{"href":"https:\/\/cdnoticias.com\/index.php\/wp-json\/wp\/v2\/posts"}],"about":[{"href":"https:\/\/cdnoticias.com\/index.php\/wp-json\/wp\/v2\/types\/post"}],"author":[{"embeddable":true,"href":"https:\/\/cdnoticias.com\/index.php\/wp-json\/wp\/v2\/users\/5"}],"replies":[{"embeddable":true,"href":"https:\/\/cdnoticias.com\/index.php\/wp-json\/wp\/v2\/comments?post=6745"}],"version-history":[{"count":0,"href":"https:\/\/cdnoticias.com\/index.php\/wp-json\/wp\/v2\/posts\/6745\/revisions"}],"wp:featuredmedia":[{"embeddable":true,"href":"https:\/\/cdnoticias.com\/index.php\/wp-json\/wp\/v2\/media\/6746"}],"wp:attachment":[{"href":"https:\/\/cdnoticias.com\/index.php\/wp-json\/wp\/v2\/media?parent=6745"}],"wp:term":[{"taxonomy":"category","embeddable":true,"href":"https:\/\/cdnoticias.com\/index.php\/wp-json\/wp\/v2\/categories?post=6745"},{"taxonomy":"post_tag","embeddable":true,"href":"https:\/\/cdnoticias.com\/index.php\/wp-json\/wp\/v2\/tags?post=6745"}],"curies":[{"name":"wp","href":"https:\/\/api.w.org\/{rel}","templated":true}]}}