{"id":67389,"date":"2022-10-18T08:12:15","date_gmt":"2022-10-18T11:12:15","guid":{"rendered":"https:\/\/www.centraldenoticias.com.ar\/?p=67389"},"modified":"2022-10-18T08:14:05","modified_gmt":"2022-10-18T11:14:05","slug":"fio-charla-sobre-el-dia-mundial-de-la-lucha-contra-el-cancer-de-mama","status":"publish","type":"post","link":"https:\/\/cdnoticias.com\/index.php\/2022\/10\/18\/fio-charla-sobre-el-dia-mundial-de-la-lucha-contra-el-cancer-de-mama\/","title":{"rendered":"FIO: Charla sobre el D\u00eda Mundial de la lucha contra el c\u00e1ncer de mama"},"content":{"rendered":"<p>Ser\u00e1 el mi\u00e9rcoles 19 y estar\u00e1 a cargo del ginec\u00f3logo Fabi\u00e1n Lescano. <!--more--><\/p>\n<hr \/>\n<p>El <strong>mi\u00e9rcoles 19 de octubre a las 11:30<\/strong> en el hall central del edificio de Administraci\u00f3n de la<strong> Facultad de Ingenier\u00eda<\/strong> <strong>el ginec\u00f3logo Fabi\u00e1n Lescano<\/strong> brindar\u00e1 una charla con motivo de la fecha, y estar\u00e1 acompa\u00f1ado a una <strong>docente de la FIO que atraves\u00f3 la enfermedad.<\/strong><\/p>\n<p>&nbsp;<\/p>\n<p>En el marco de la campa\u00f1a se invita a<strong> sacarse una foto con algo rosa<\/strong> y compartirlos en las redes sociales en @fiounicen<\/p>\n<p>&nbsp;<\/p>\n<p>Por \u00faltimo, se indic\u00f3 que &#8220;la sede Olavarr\u00eda de la Universidad Nacional del Centro de la Provincia de Buenos Aires<strong> se suma a la campa\u00f1a de concientizaci\u00f3n y prevenci\u00f3n del c\u00e1ncer de mama con una jornada de sensibilizaci\u00f3n&#8221;.\u00a0<\/strong><\/p>\n<p>&nbsp;<\/p>\n","protected":false},"excerpt":{"rendered":"<p>Ser\u00e1 el mi\u00e9rcoles 19 y estar\u00e1 a cargo del ginec\u00f3logo Fabi\u00e1n Lescano.<\/p>\n","protected":false},"author":6,"featured_media":67390,"comment_status":"closed","ping_status":"closed","sticky":false,"template":"","format":"standard","meta":{"_jetpack_memberships_contains_paid_content":false,"footnotes":""},"categories":[5,1],"tags":[],"class_list":["post-67389","post","type-post","status-publish","format-standard","has-post-thumbnail","hentry","category-informacion-general","category-portada"],"jetpack_featured_media_url":"https:\/\/i0.wp.com\/cdnoticias.com\/wp-content\/uploads\/2022\/10\/unnamed-1.jpg?fit=1024%2C324&ssl=1","jetpack_sharing_enabled":true,"_links":{"self":[{"href":"https:\/\/cdnoticias.com\/index.php\/wp-json\/wp\/v2\/posts\/67389","targetHints":{"allow":["GET"]}}],"collection":[{"href":"https:\/\/cdnoticias.com\/index.php\/wp-json\/wp\/v2\/posts"}],"about":[{"href":"https:\/\/cdnoticias.com\/index.php\/wp-json\/wp\/v2\/types\/post"}],"author":[{"embeddable":true,"href":"https:\/\/cdnoticias.com\/index.php\/wp-json\/wp\/v2\/users\/6"}],"replies":[{"embeddable":true,"href":"https:\/\/cdnoticias.com\/index.php\/wp-json\/wp\/v2\/comments?post=67389"}],"version-history":[{"count":0,"href":"https:\/\/cdnoticias.com\/index.php\/wp-json\/wp\/v2\/posts\/67389\/revisions"}],"wp:featuredmedia":[{"embeddable":true,"href":"https:\/\/cdnoticias.com\/index.php\/wp-json\/wp\/v2\/media\/67390"}],"wp:attachment":[{"href":"https:\/\/cdnoticias.com\/index.php\/wp-json\/wp\/v2\/media?parent=67389"}],"wp:term":[{"taxonomy":"category","embeddable":true,"href":"https:\/\/cdnoticias.com\/index.php\/wp-json\/wp\/v2\/categories?post=67389"},{"taxonomy":"post_tag","embeddable":true,"href":"https:\/\/cdnoticias.com\/index.php\/wp-json\/wp\/v2\/tags?post=67389"}],"curies":[{"name":"wp","href":"https:\/\/api.w.org\/{rel}","templated":true}]}}