{"id":67347,"date":"2022-10-17T09:36:43","date_gmt":"2022-10-17T12:36:43","guid":{"rendered":"https:\/\/www.centraldenoticias.com.ar\/?p=67347"},"modified":"2022-10-17T10:21:05","modified_gmt":"2022-10-17T13:21:05","slug":"generacion-bicentenario-convoco-a-un-acto-por-el-dia-de-la-lealtad","status":"publish","type":"post","link":"https:\/\/cdnoticias.com\/index.php\/2022\/10\/17\/generacion-bicentenario-convoco-a-un-acto-por-el-dia-de-la-lealtad\/","title":{"rendered":"Generaci\u00f3n Bicentenario convoc\u00f3 a un acto por el \u201cD\u00eda de la Lealtad\u201d"},"content":{"rendered":"<p>Ser\u00e1 este lunes a las 17.30 en el Parque Senador Lara. \u201cQueremos homenajear nuestra historia\u201d expres\u00f3 Alan Aguirre.<\/p>\n<p><!--more--><\/p>\n<hr \/>\n<p><strong>Generaci\u00f3n Bicentenario convoc\u00f3 a un acto por el D\u00eda de la Lealtad Peronista,<\/strong> este lunes a las 17.30 en el \u201cParque Senador Lara\u201d.<\/p>\n<p>&nbsp;<\/p>\n<p>La invitaci\u00f3n se lanz\u00f3 <strong>para \u201ctodos los peronistas y simpatizantes\u201d<\/strong> para un encuentro frente a los bustos de Per\u00f3n y Eva emplazados sobre Brown al 2400, a la altura de calle Hornos.<\/p>\n<p>&nbsp;<\/p>\n<p>Generaci\u00f3n Bicentenario Olavarr\u00eda se present\u00f3 como <strong>\u201cuna agrupaci\u00f3n peronista independiente<\/strong> constituida por j\u00f3venes y personas de todas las edades que militan y se re\u00fanen por diversas causas desde el 2021. Apuntan a <strong>volver a las bases, al justicialismo basado en los principios y valores<\/strong>, que aplique las pol\u00edticas exitosas que produjeron bienestar y derechos a los argentinos. Realizan encuentros de formaci\u00f3n, charlas con diversos dirigentes, charlas de inter\u00e9s general, debates, celebraci\u00f3n de fechas patri\u00f3ticas en barrios, actividades ambientales, de juventud y solidarias entre otras\u201d.<\/p>\n<p>&nbsp;<\/p>\n<blockquote><p>Alan Aguirre, referente de la agrupaci\u00f3n indic\u00f3 \u201cqueremos homenajear nuestra historia, el nacimiento de una doctrina que nace del pueblo y busca su felicidad. Para los que llevamos la causa nacional en nuestros corazones, \u00e9ste es un d\u00eda para encontrarnos, compa\u00f1eros de todas las generaciones, bajo la bandera del Movimiento Nacional Justicialista\u201d.<\/p><\/blockquote>\n<p>&nbsp;<\/p>\n<p>Finalmente, Generaci\u00f3n Bicentenario record\u00f3 que<strong> la fecha \u201cconmemora la movilizaci\u00f3n popular y obrera que en 1945<\/strong>, llen\u00f3 la Plaza de Mayo y sus alrededores para pedir por la liberaci\u00f3n del General Juan Domingo Per\u00f3n, quien en ese entonces era Secretario de Trabajo y Previsi\u00f3n\u201d.<\/p>\n<p>&nbsp;<\/p>\n<p>Los hechos de aquella jornada implicaron<strong> \u201cel nacimiento de una de las fuerzas pol\u00edticas m\u00e1s importantes de la historia argentina hasta la actualidad\u201d.<\/strong><\/p>\n<p>&nbsp;<\/p>\n","protected":false},"excerpt":{"rendered":"<p>Ser\u00e1 este lunes a las 17.30 en el Parque Senador Lara. \u201cQueremos homenajear nuestra historia\u201d expres\u00f3 Alan Aguirre.<\/p>\n","protected":false},"author":4,"featured_media":67348,"comment_status":"closed","ping_status":"closed","sticky":false,"template":"","format":"standard","meta":{"_jetpack_memberships_contains_paid_content":false,"footnotes":""},"categories":[4,1],"tags":[],"class_list":["post-67347","post","type-post","status-publish","format-standard","has-post-thumbnail","hentry","category-politica","category-portada"],"jetpack_featured_media_url":"https:\/\/i0.wp.com\/cdnoticias.com\/wp-content\/uploads\/2022\/10\/dia-de-la-lealtad-acto-generacion-bicentenario.jpg?fit=800%2C444&ssl=1","jetpack_sharing_enabled":true,"_links":{"self":[{"href":"https:\/\/cdnoticias.com\/index.php\/wp-json\/wp\/v2\/posts\/67347","targetHints":{"allow":["GET"]}}],"collection":[{"href":"https:\/\/cdnoticias.com\/index.php\/wp-json\/wp\/v2\/posts"}],"about":[{"href":"https:\/\/cdnoticias.com\/index.php\/wp-json\/wp\/v2\/types\/post"}],"author":[{"embeddable":true,"href":"https:\/\/cdnoticias.com\/index.php\/wp-json\/wp\/v2\/users\/4"}],"replies":[{"embeddable":true,"href":"https:\/\/cdnoticias.com\/index.php\/wp-json\/wp\/v2\/comments?post=67347"}],"version-history":[{"count":0,"href":"https:\/\/cdnoticias.com\/index.php\/wp-json\/wp\/v2\/posts\/67347\/revisions"}],"wp:featuredmedia":[{"embeddable":true,"href":"https:\/\/cdnoticias.com\/index.php\/wp-json\/wp\/v2\/media\/67348"}],"wp:attachment":[{"href":"https:\/\/cdnoticias.com\/index.php\/wp-json\/wp\/v2\/media?parent=67347"}],"wp:term":[{"taxonomy":"category","embeddable":true,"href":"https:\/\/cdnoticias.com\/index.php\/wp-json\/wp\/v2\/categories?post=67347"},{"taxonomy":"post_tag","embeddable":true,"href":"https:\/\/cdnoticias.com\/index.php\/wp-json\/wp\/v2\/tags?post=67347"}],"curies":[{"name":"wp","href":"https:\/\/api.w.org\/{rel}","templated":true}]}}