{"id":67342,"date":"2022-10-17T09:31:57","date_gmt":"2022-10-17T12:31:57","guid":{"rendered":"https:\/\/www.centraldenoticias.com.ar\/?p=67342"},"modified":"2022-10-17T09:31:57","modified_gmt":"2022-10-17T12:31:57","slug":"el-frente-sindical-y-gremial-de-olavarria-se-pronuncio-en-el-dia-de-la-lealtad-y-unidad","status":"publish","type":"post","link":"https:\/\/cdnoticias.com\/index.php\/2022\/10\/17\/el-frente-sindical-y-gremial-de-olavarria-se-pronuncio-en-el-dia-de-la-lealtad-y-unidad\/","title":{"rendered":"El Frente Sindical y Gremial de Olavarr\u00eda se pronunci\u00f3 en el \u201cD\u00eda de la Lealtad y Unidad\u201d"},"content":{"rendered":"<p>\u201cEs otra oportunidad de fortalecer la unidad sin mezquindades para resistir el avance neoliberal\u201d pronunciaron en un comunicado con adhesi\u00f3n de 27 entidades sindicales.<!--more--><\/p>\n<hr \/>\n<p><strong>El Frente Sindical y Gremial de Olavarr\u00eda se pronunci\u00f3 en el \u201cD\u00eda de la Lealtad y Unidad\u201d<\/strong> que el sector peronista conmemora este lunes, 17 de octubre.<\/p>\n<p>&nbsp;<\/p>\n<p><strong>\u201cEl 17 de octubre conmemora la gesta de los trabajadores y las trabajadoras, para reclamar la libertad de su l\u00edder.<\/strong> El que les hab\u00eda mostrado su voluntad y decisi\u00f3n pol\u00edtica de transformar las condiciones de las relaciones laborales y su participaci\u00f3n en la distribuci\u00f3n de la riqueza nacional\u201d record\u00f3 el sector sobre el origen de la fecha.<\/p>\n<p>&nbsp;<\/p>\n<blockquote><p>\u201cEse hito de nuestra historia, que puso al movimiento obrero y sus organizaciones en un rol protag\u00f3nico de la econom\u00eda y la pol\u00edtica. Sujetos de derechos, desde entonces inalienables\u201d agreg\u00f3 el frente en un comunicado para se\u00f1alar que la fecha \u201ces otra oportunidad de fortalecer la unidad sin mezquindades para resistir el avance neoliberal que promete someternos con el empleo precario, la desprotecci\u00f3n social y la explotaci\u00f3n que favorezca a la concentraci\u00f3n econ\u00f3mica\u201d.<\/p><\/blockquote>\n<p>&nbsp;<\/p>\n<p>El Frente Sindical y Gremial de Olavarr\u00eda cuenta con las adhesiones de: <em>Obras Sanitarias (S.o.s.b.a.) &#8211; Fleteros &#8211; Sanidad (ATSA) &#8211; Vialidad Provincial &#8211; Peaje (Sutpa) \u2013 Utedyc &#8211; Gr\u00e1ficos (Fatida) &#8211; La Fraternidad &#8211; Municipales &#8211; Maestranza (S.O.M) &#8211; UOM &#8211; Uocra &#8211; Udocba &#8211; Periodistas de Olavarr\u00eda &#8211; Correo (Foecyt) &#8211; Vidrio (Seivara) &#8211; Camioneros &#8211; Trabajadores de la Carne \u2013 Panaderos &#8211; Focra &#8211; SOESGYPE &#8211; UATRE &#8211; Canillitas &#8211; UTGRA &#8211; UTA &#8211; UPCN \u2013 Bancarios.<\/em><\/p>\n<p>&nbsp;<\/p>\n","protected":false},"excerpt":{"rendered":"<p>\u201cEs otra oportunidad de fortalecer la unidad sin mezquindades para resistir el avance neoliberal\u201d pronunciaron en un comunicado con adhesi\u00f3n<\/p>\n","protected":false},"author":4,"featured_media":60340,"comment_status":"closed","ping_status":"closed","sticky":false,"template":"","format":"standard","meta":{"_jetpack_memberships_contains_paid_content":false,"footnotes":""},"categories":[4,1],"tags":[],"class_list":["post-67342","post","type-post","status-publish","format-standard","has-post-thumbnail","hentry","category-politica","category-portada"],"jetpack_featured_media_url":"https:\/\/i0.wp.com\/cdnoticias.com\/wp-content\/uploads\/2022\/07\/frente-sindical-a-la-CGT.jpg?fit=800%2C445&ssl=1","jetpack_sharing_enabled":true,"_links":{"self":[{"href":"https:\/\/cdnoticias.com\/index.php\/wp-json\/wp\/v2\/posts\/67342","targetHints":{"allow":["GET"]}}],"collection":[{"href":"https:\/\/cdnoticias.com\/index.php\/wp-json\/wp\/v2\/posts"}],"about":[{"href":"https:\/\/cdnoticias.com\/index.php\/wp-json\/wp\/v2\/types\/post"}],"author":[{"embeddable":true,"href":"https:\/\/cdnoticias.com\/index.php\/wp-json\/wp\/v2\/users\/4"}],"replies":[{"embeddable":true,"href":"https:\/\/cdnoticias.com\/index.php\/wp-json\/wp\/v2\/comments?post=67342"}],"version-history":[{"count":0,"href":"https:\/\/cdnoticias.com\/index.php\/wp-json\/wp\/v2\/posts\/67342\/revisions"}],"wp:featuredmedia":[{"embeddable":true,"href":"https:\/\/cdnoticias.com\/index.php\/wp-json\/wp\/v2\/media\/60340"}],"wp:attachment":[{"href":"https:\/\/cdnoticias.com\/index.php\/wp-json\/wp\/v2\/media?parent=67342"}],"wp:term":[{"taxonomy":"category","embeddable":true,"href":"https:\/\/cdnoticias.com\/index.php\/wp-json\/wp\/v2\/categories?post=67342"},{"taxonomy":"post_tag","embeddable":true,"href":"https:\/\/cdnoticias.com\/index.php\/wp-json\/wp\/v2\/tags?post=67342"}],"curies":[{"name":"wp","href":"https:\/\/api.w.org\/{rel}","templated":true}]}}