{"id":67340,"date":"2022-10-17T08:42:03","date_gmt":"2022-10-17T11:42:03","guid":{"rendered":"https:\/\/www.centraldenoticias.com.ar\/?p=67340"},"modified":"2022-10-17T09:37:23","modified_gmt":"2022-10-17T12:37:23","slug":"el-consejo-academico-del-instituto-130-revisara-la-decision-de-cerrar-la-carrera-en-la-unidad-2","status":"publish","type":"post","link":"https:\/\/cdnoticias.com\/index.php\/2022\/10\/17\/el-consejo-academico-del-instituto-130-revisara-la-decision-de-cerrar-la-carrera-en-la-unidad-2\/","title":{"rendered":"El Consejo Acad\u00e9mico del Instituto 130 revisar\u00e1 la decisi\u00f3n de cerrar la carrera en la Unidad 2"},"content":{"rendered":"<p>Reconocieron que se vot\u00f3 a favor del cierre \u201csin el estudio previo pertinente\u201d. Adem\u00e1s, un ex estudiante cont\u00f3 los cambios vivenciados a partir de tener la posibilidad de estudiar.<!--more--><\/p>\n<hr \/>\n<p>Contin\u00faa el reclamo que llevan adelante estudiantes y docentes de la <strong>Tecnicatura Superior en Trabajo Social<\/strong> que se dicta en la Unidad Penitenciaria N\u00ba 2 de Sierra Chica.<\/p>\n<p>&nbsp;<\/p>\n<p>Recordemos que <a href=\"https:\/\/cdnoticias.com\/index.php\/2022\/09\/30\/docentes-se-oponen-al-cierre-de-una-tecnicatura-que-se-dicta-en-la-unidad-2\/\" target=\"_blank\" rel=\"noopener\">la suspensi\u00f3n fue dispuesta por el ISFT N\u00b0130<\/a> de no incluir a la carrera de Trabajo Social en la oferta educativa 2023 para Contextos de Encierro.<\/p>\n<p>&nbsp;<\/p>\n<p>D\u00edas atr\u00e1s se realiz\u00f3 una <strong>sesi\u00f3n del Consejo Acad\u00e9mico Institucional del ISFT N\u00ba130<\/strong> donde las y los consejeros expresaron \u201cla necesidad de realizar el an\u00e1lisis que estuvo ausente en la sesi\u00f3n del 30 de agosto en la que se vot\u00f3 a favor del cierre de la carrera sin el estudio previo pertinente, sin diagn\u00f3stico y sin la consulta a docentes y estudiantes\u201d.<\/p>\n<p>&nbsp;<\/p>\n<p>Adem\u00e1s, se resolvi\u00f3 <strong>comunicar a las autoridades educativas distritales<\/strong> que el CAI revisar\u00e1 \u201ctal definici\u00f3n por reconocer que la decisi\u00f3n tomada fue apresurada y sin los fundamentos adecuados\u201d.<\/p>\n<p>&nbsp;<\/p>\n<p>Por otra parte, <strong>Pedro Cosentino, ex estudiante de la carrera<\/strong> escribi\u00f3 una carta en la que cont\u00f3 lo que signific\u00f3 tener la posibilidad de estudiar dentro de la c\u00e1rcel: \u201cla educaci\u00f3n salva vidas, sana heridas y teje sue\u00f1os\u201d.<\/p>\n<p>&nbsp;<\/p>\n<blockquote><p>\u201cPor si se hab\u00edan olvidado, la pena privativa de libertad no es de castigo, es de reinserci\u00f3n, cerrar un espacio educativo es criminal, castiga y condena a miles de almas a seguir creyendo en esas sombras mentirosas\u201d, se\u00f1al\u00f3 el ex alumno.<\/p><\/blockquote>\n<p>&nbsp;<\/p>\n<p>\u201cNo hay oferta educativa m\u00e1s significativa que la que te muestra los vestigios sociales desde adentro\u201d, concluy\u00f3.<\/p>\n<p>&nbsp;<\/p>\n<blockquote class=\"wp-embedded-content\" data-secret=\"8JSQjUfec2\"><p><a href=\"https:\/\/cdnoticias.com\/index.php\/2022\/10\/05\/los-docentes-que-oponen-al-cierre-de-una-carrera-en-la-unidad-2-estuvieron-en-la-jefatura-distrital\/\">Los docentes que se oponen al cierre de una carrera en la Unidad 2 estuvieron en la Jefatura Distrital<\/a><\/p><\/blockquote>\n<p><iframe loading=\"lazy\" class=\"wp-embedded-content\" sandbox=\"allow-scripts\" security=\"restricted\" style=\"position: absolute; clip: rect(1px, 1px, 1px, 1px);\" title=\"&#8220;Los docentes que se oponen al cierre de una carrera en la Unidad 2 estuvieron en la Jefatura Distrital&#8221; &#8212; Central de Noticias | Olavarr\u00eda\" src=\"https:\/\/cdnoticias.com\/index.php\/2022\/10\/05\/los-docentes-que-oponen-al-cierre-de-una-carrera-en-la-unidad-2-estuvieron-en-la-jefatura-distrital\/embed\/#?secret=7Dq72h4YQU#?secret=8JSQjUfec2\" data-secret=\"8JSQjUfec2\" width=\"600\" height=\"338\" frameborder=\"0\" marginwidth=\"0\" marginheight=\"0\" scrolling=\"no\"><\/iframe><\/p>\n","protected":false},"excerpt":{"rendered":"<p>Reconocieron que se vot\u00f3 a favor del cierre \u201csin el estudio previo pertinente\u201d. Adem\u00e1s, un ex estudiante cont\u00f3 los cambios<\/p>\n","protected":false},"author":2,"featured_media":66471,"comment_status":"closed","ping_status":"closed","sticky":false,"template":"","format":"standard","meta":{"_jetpack_memberships_contains_paid_content":false,"footnotes":""},"categories":[5,1],"tags":[],"class_list":["post-67340","post","type-post","status-publish","format-standard","has-post-thumbnail","hentry","category-informacion-general","category-portada"],"jetpack_featured_media_url":"https:\/\/i0.wp.com\/cdnoticias.com\/wp-content\/uploads\/2022\/10\/reclamo-docentes-de-sierra-chica-0.jpg?fit=800%2C445&ssl=1","jetpack_sharing_enabled":true,"_links":{"self":[{"href":"https:\/\/cdnoticias.com\/index.php\/wp-json\/wp\/v2\/posts\/67340","targetHints":{"allow":["GET"]}}],"collection":[{"href":"https:\/\/cdnoticias.com\/index.php\/wp-json\/wp\/v2\/posts"}],"about":[{"href":"https:\/\/cdnoticias.com\/index.php\/wp-json\/wp\/v2\/types\/post"}],"author":[{"embeddable":true,"href":"https:\/\/cdnoticias.com\/index.php\/wp-json\/wp\/v2\/users\/2"}],"replies":[{"embeddable":true,"href":"https:\/\/cdnoticias.com\/index.php\/wp-json\/wp\/v2\/comments?post=67340"}],"version-history":[{"count":0,"href":"https:\/\/cdnoticias.com\/index.php\/wp-json\/wp\/v2\/posts\/67340\/revisions"}],"wp:featuredmedia":[{"embeddable":true,"href":"https:\/\/cdnoticias.com\/index.php\/wp-json\/wp\/v2\/media\/66471"}],"wp:attachment":[{"href":"https:\/\/cdnoticias.com\/index.php\/wp-json\/wp\/v2\/media?parent=67340"}],"wp:term":[{"taxonomy":"category","embeddable":true,"href":"https:\/\/cdnoticias.com\/index.php\/wp-json\/wp\/v2\/categories?post=67340"},{"taxonomy":"post_tag","embeddable":true,"href":"https:\/\/cdnoticias.com\/index.php\/wp-json\/wp\/v2\/tags?post=67340"}],"curies":[{"name":"wp","href":"https:\/\/api.w.org\/{rel}","templated":true}]}}