{"id":6732,"date":"2020-11-17T17:50:58","date_gmt":"2020-11-17T20:50:58","guid":{"rendered":"http:\/\/www.centraldenoticias.com.ar\/?p=6732"},"modified":"2020-11-17T18:54:56","modified_gmt":"2020-11-17T21:54:56","slug":"venden-panqueques-para-pagar-una-operacion-pero-no-les-devuelven-la-moto-para-hacer-el-reparto","status":"publish","type":"post","link":"https:\/\/cdnoticias.com\/index.php\/2020\/11\/17\/venden-panqueques-para-pagar-una-operacion-pero-no-les-devuelven-la-moto-para-hacer-el-reparto\/","title":{"rendered":"Venden panqueques para pagar una operaci\u00f3n pero no les devuelven la moto para hacer el reparto"},"content":{"rendered":"<p>El ciclomotor fue recuperado hace 10 d\u00edas pero por cuestiones burocr\u00e1ticas a\u00fan no les fue devuelto.<\/p>\n<p><!--more--><\/p>\n<hr \/>\n<p><strong>\u201cComo ahora no tiene moto, para no quedar mal con los clientes, se est\u00e1 haciendo cargo del traslado de lo que venda, por lo que la ganancia es m\u00ednima\u201d<\/strong>. Mateo tiene 16 a\u00f1os y tiene que someterse a una intervenci\u00f3n quir\u00fargica por un p\u00f3lipo que le afecta las v\u00edas respiratorias, operaci\u00f3n que debe practicarse en Buenos Aires y por la que viene peleando desde hace ya un tiempo.<\/p>\n<p>&nbsp;<\/p>\n<p>Esa puja fue primero para que la obra social cubra los gastos, los cuales se limitan a la intervenci\u00f3n en s\u00ed, por lo que debe afrontar todo lo vinculado a los traslados, estad\u00eda y comidas. Es por eso que desde hace ya un tiempo <strong>comenz\u00f3 con una campa\u00f1a de venta de panqueques en la que la comunidad de Olavarr\u00eda volvi\u00f3 a dar sobradas muestras de solidaridad, al punto de conseguir el dinero necesario.<\/strong><\/p>\n<p>&nbsp;<\/p>\n<p>Sin embargo, todo volvi\u00f3 a complicarse. Primero fue el robo de la moto de un amigo que hac\u00eda el reparto de los panqueques, lo particular del hecho es que <a href=\"https:\/\/cdnoticias.com\/index.php\/2020\/11\/09\/lograron-recuperar-una-moto-robada\/\" target=\"_blank\" rel=\"noopener\">el ciclomotor fue recuperado a las pocas horas<\/a>, sin embargo a\u00fan no le fue devuelto. <strong>\u201cYa firm\u00f3 la titular, ya se hizo todo lo que ten\u00eda que hacerse y no pasa nada\u201d<\/strong>, se quej\u00f3 una familiar del joven en di\u00e1logo con <em><strong>Central de Noticias<\/strong><\/em>, a medida que daba cuenta que el ciclomotor hab\u00eda sido adquirido recientemente, por lo que a\u00fan restaba la concreci\u00f3n de algunos tr\u00e1mites.<\/p>\n<p>&nbsp;<\/p>\n<div class=\"jetpack-video-wrapper\"><iframe loading=\"lazy\" width=\"800\" height=\"450\" src=\"https:\/\/www.youtube.com\/embed\/d3NT1wvLlzY?feature=oembed\" frameborder=\"0\" allow=\"accelerometer; autoplay; clipboard-write; encrypted-media; gyroscope; picture-in-picture\" allowfullscreen><\/iframe><\/div>\n<p>&nbsp;<\/p>\n<p>El tema, seg\u00fan a\u00f1adieron, es que cada una de esas cuestiones ya fueron solucionadas pero el ciclomotor, tras 10 d\u00edas, sigue secuestrado. No menos anecd\u00f3tico es el hecho que <strong>en las actuaciones figurar\u00eda como responsable de la causa la fiscal Susana Alonso, quien hace ya varios meses no s\u00f3lo que dej\u00f3 ese cargo, sino que fue a inicios de junio cuando fue aceptada su renuncia<\/strong> como titular de la Unidad Funcional de Instrucci\u00f3n y Juicio N\u00b0 7 de nuestra ciudad.<\/p>\n<p>&nbsp;<\/p>\n<p>A la par, tambi\u00e9n le fue postergada la operaci\u00f3n debido a que se encuentra enfermo el anestesista, seg\u00fan se explic\u00f3 desde el entorno del adolescente. Asimismo, se expres\u00f3 que se encuentran atravesando una situaci\u00f3n econ\u00f3mica \u201cbastante complicada\u201d, por lo que siguen tomando pedidos ya que, tras la operaci\u00f3n, Mateo deber\u00e1 seguir afrontando los costos de la recuperaci\u00f3n y posterior estudios a los que deba someterse.<strong> \u201cCada estudio, cada cosa que se haga, la tiene que pagar\u201d, se enfatiz\u00f3 y narr\u00f3 que, adem\u00e1s de los panqueques, tambi\u00e9n est\u00e1 haciendo arroz con leche.<\/strong><\/p>\n<p>&nbsp;<\/p>\n<p><strong>\u201cGuarda todo ese dinero para cubrirse sus gastos, \u00e9l sigue trabajando mientras espera el llamado de la operaci\u00f3n\u201d<\/strong>, concluyeron y pusieron el acento en la necesidad de recuperar la moto para los traslados. Quien quiera ayudar puede hacerlo comunic\u00e1ndose al\u00a02284-503213<\/p>\n","protected":false},"excerpt":{"rendered":"<p>El ciclomotor fue recuperado hace 10 d\u00edas pero por cuestiones burocr\u00e1ticas a\u00fan no les fue devuelto.<\/p>\n","protected":false},"author":3,"featured_media":6735,"comment_status":"closed","ping_status":"closed","sticky":false,"template":"","format":"standard","meta":{"_jetpack_memberships_contains_paid_content":false,"footnotes":""},"categories":[5,1],"tags":[],"class_list":["post-6732","post","type-post","status-publish","format-standard","has-post-thumbnail","hentry","category-informacion-general","category-portada"],"jetpack_featured_media_url":"https:\/\/i0.wp.com\/cdnoticias.com\/wp-content\/uploads\/2020\/11\/mateo.jpg?fit=865%2C557&ssl=1","jetpack_sharing_enabled":true,"_links":{"self":[{"href":"https:\/\/cdnoticias.com\/index.php\/wp-json\/wp\/v2\/posts\/6732","targetHints":{"allow":["GET"]}}],"collection":[{"href":"https:\/\/cdnoticias.com\/index.php\/wp-json\/wp\/v2\/posts"}],"about":[{"href":"https:\/\/cdnoticias.com\/index.php\/wp-json\/wp\/v2\/types\/post"}],"author":[{"embeddable":true,"href":"https:\/\/cdnoticias.com\/index.php\/wp-json\/wp\/v2\/users\/3"}],"replies":[{"embeddable":true,"href":"https:\/\/cdnoticias.com\/index.php\/wp-json\/wp\/v2\/comments?post=6732"}],"version-history":[{"count":0,"href":"https:\/\/cdnoticias.com\/index.php\/wp-json\/wp\/v2\/posts\/6732\/revisions"}],"wp:featuredmedia":[{"embeddable":true,"href":"https:\/\/cdnoticias.com\/index.php\/wp-json\/wp\/v2\/media\/6735"}],"wp:attachment":[{"href":"https:\/\/cdnoticias.com\/index.php\/wp-json\/wp\/v2\/media?parent=6732"}],"wp:term":[{"taxonomy":"category","embeddable":true,"href":"https:\/\/cdnoticias.com\/index.php\/wp-json\/wp\/v2\/categories?post=6732"},{"taxonomy":"post_tag","embeddable":true,"href":"https:\/\/cdnoticias.com\/index.php\/wp-json\/wp\/v2\/tags?post=6732"}],"curies":[{"name":"wp","href":"https:\/\/api.w.org\/{rel}","templated":true}]}}