{"id":67305,"date":"2022-10-16T12:45:03","date_gmt":"2022-10-16T15:45:03","guid":{"rendered":"https:\/\/www.centraldenoticias.com.ar\/?p=67305"},"modified":"2022-10-16T12:45:03","modified_gmt":"2022-10-16T15:45:03","slug":"por-un-hecho-de-violencia-familiar-discutio-y-peleo-con-policias-termino-aprehendido","status":"publish","type":"post","link":"https:\/\/cdnoticias.com\/index.php\/2022\/10\/16\/por-un-hecho-de-violencia-familiar-discutio-y-peleo-con-policias-termino-aprehendido\/","title":{"rendered":"Por un hecho de violencia familiar, discuti\u00f3 y pele\u00f3 con polic\u00edas: termin\u00f3 aprehendido"},"content":{"rendered":"<p>Fue este s\u00e1bado en un domicilio de Dean Funes al 3100. Intervino Comando de Patrullas y Comisar\u00eda Segunda.<!--more--><\/p>\n<hr \/>\n<p>Este s\u00e1bado, <strong>un hombre fue aprehendido por personal policial tras discutir y agredir a polic\u00edas luego de que acudan por un hecho de violencia familiar.<\/strong><\/p>\n<p>&nbsp;<\/p>\n<p>El hecho se produjo en la zona de Dean Funes al 3100, cuando<strong> el agresor manifest\u00f3 un reclamo vinculado a la tenencia de la hija que comparte con su ex pareja.<\/strong><\/p>\n<p>&nbsp;<\/p>\n<p>Fue all\u00ed cuando, en el reclamo, <strong>arremeti\u00f3 contra los polic\u00edas, los agredi\u00f3 y termin\u00f3 apresado por el personal de Comando de Patrullas, que intervino en la situaci\u00f3n. Tras el hecho, quedaron con excoriaciones en brazos y antebrazos.<\/strong><\/p>\n<p>&nbsp;<\/p>\n<p><strong>El joven de 32 a\u00f1os fue trasladado a la sede de la Comisar\u00eda Segunda<\/strong> donde qued\u00f3 a disposici\u00f3n de los magistrados de la causa, a cargo del Juzgado de Familia N\u00b01 y la UFI N\u00b010.<\/p>\n<p>&nbsp;<\/p>\n<p>Los hechos fueron caratulados como \u201cInfracci\u00f3n a la Ley 12.569\u201d y \u201cAtentado y resistencia a la autoridad y lesiones\u201d.<\/p>\n","protected":false},"excerpt":{"rendered":"<p>Fue este s\u00e1bado en un domicilio de Dean Funes al 3100. Intervino Comando de Patrullas y Comisar\u00eda Segunda.<\/p>\n","protected":false},"author":2,"featured_media":67306,"comment_status":"closed","ping_status":"closed","sticky":false,"template":"","format":"standard","meta":{"_jetpack_memberships_contains_paid_content":false,"footnotes":""},"categories":[14,1],"tags":[],"class_list":["post-67305","post","type-post","status-publish","format-standard","has-post-thumbnail","hentry","category-policiales","category-portada"],"jetpack_featured_media_url":"https:\/\/i0.wp.com\/cdnoticias.com\/wp-content\/uploads\/2022\/10\/WhatsApp-Image-2022-10-16-at-10.01.41.jpeg?fit=1600%2C1200&ssl=1","jetpack_sharing_enabled":true,"_links":{"self":[{"href":"https:\/\/cdnoticias.com\/index.php\/wp-json\/wp\/v2\/posts\/67305","targetHints":{"allow":["GET"]}}],"collection":[{"href":"https:\/\/cdnoticias.com\/index.php\/wp-json\/wp\/v2\/posts"}],"about":[{"href":"https:\/\/cdnoticias.com\/index.php\/wp-json\/wp\/v2\/types\/post"}],"author":[{"embeddable":true,"href":"https:\/\/cdnoticias.com\/index.php\/wp-json\/wp\/v2\/users\/2"}],"replies":[{"embeddable":true,"href":"https:\/\/cdnoticias.com\/index.php\/wp-json\/wp\/v2\/comments?post=67305"}],"version-history":[{"count":0,"href":"https:\/\/cdnoticias.com\/index.php\/wp-json\/wp\/v2\/posts\/67305\/revisions"}],"wp:featuredmedia":[{"embeddable":true,"href":"https:\/\/cdnoticias.com\/index.php\/wp-json\/wp\/v2\/media\/67306"}],"wp:attachment":[{"href":"https:\/\/cdnoticias.com\/index.php\/wp-json\/wp\/v2\/media?parent=67305"}],"wp:term":[{"taxonomy":"category","embeddable":true,"href":"https:\/\/cdnoticias.com\/index.php\/wp-json\/wp\/v2\/categories?post=67305"},{"taxonomy":"post_tag","embeddable":true,"href":"https:\/\/cdnoticias.com\/index.php\/wp-json\/wp\/v2\/tags?post=67305"}],"curies":[{"name":"wp","href":"https:\/\/api.w.org\/{rel}","templated":true}]}}