{"id":67299,"date":"2022-10-16T11:40:19","date_gmt":"2022-10-16T14:40:19","guid":{"rendered":"https:\/\/www.centraldenoticias.com.ar\/?p=67299"},"modified":"2022-10-17T07:49:06","modified_gmt":"2022-10-17T10:49:06","slug":"confirman-la-realizacion-del-festival-del-libro-en-olavarria","status":"publish","type":"post","link":"https:\/\/cdnoticias.com\/index.php\/2022\/10\/16\/confirman-la-realizacion-del-festival-del-libro-en-olavarria\/","title":{"rendered":"Confirman la realizaci\u00f3n del \u201cFestival del Libro\u201d en Olavarr\u00eda"},"content":{"rendered":"<p>Ser\u00e1 el 4, 5 y 6 de noviembre en el sal\u00f3n del club Mariano Moreno y el acceso ser\u00e1 libre y gratuito. La propuesta surge a partir de la demanda de libreros, editoriales y gestores culturales de Olavarr\u00eda y contar\u00e1 con el apoyo del Instituto Cultural de la Provincia de Buenos Aires.<!--more--><\/p>\n<hr \/>\n<p>Luego de reuniones, reclamos y avances, <strong>se confirm\u00f3 la realizaci\u00f3n del \u201cFestival del Libro\u201d en Olavarr\u00eda, el pr\u00f3ximo 4, 5 y 6 de noviembre en el sal\u00f3n del club Mariano Moreno, con entrada libre y gratuita.<\/strong><\/p>\n<p>&nbsp;<\/p>\n<p>Las tres jornadas del <strong>\u201cFestival del Libro\u201d tendr\u00e1n la participaci\u00f3n de autores locales y de la regi\u00f3n, librer\u00edas, bibliotecas populares, editoriales, se instalar\u00e1n stands tem\u00e1ticos y habr\u00e1 un sector exclusivo para las ni\u00f1eces y su vinculaci\u00f3n con la lectura.<\/strong><\/p>\n<p>&nbsp;<\/p>\n<p><strong>La propuesta es gestionada y organizada por los concejales Maximiliano Wesner y Mercedes Landivar<\/strong> quienes destacaron la importancia de que Olavarr\u00eda tenga su festival del libro y se le de continuidad a un espacio amplio y plural que gestores culturales de Olavarr\u00eda construyeron durante a\u00f1os.<\/p>\n<p>&nbsp;<\/p>\n<p><img data-recalc-dims=\"1\" loading=\"lazy\" decoding=\"async\" class=\"wp-image-67301 aligncenter\" src=\"https:\/\/i0.wp.com\/cdnoticias.com\/wp-content\/uploads\/2022\/10\/WhatsApp-Image-2022-10-16-at-09.26.07.jpeg?resize=480%2C480&#038;ssl=1\" alt=\"\" width=\"480\" height=\"480\" srcset=\"https:\/\/i0.wp.com\/cdnoticias.com\/wp-content\/uploads\/2022\/10\/WhatsApp-Image-2022-10-16-at-09.26.07.jpeg?w=1280&amp;ssl=1 1280w, https:\/\/i0.wp.com\/cdnoticias.com\/wp-content\/uploads\/2022\/10\/WhatsApp-Image-2022-10-16-at-09.26.07.jpeg?resize=300%2C300&amp;ssl=1 300w, https:\/\/i0.wp.com\/cdnoticias.com\/wp-content\/uploads\/2022\/10\/WhatsApp-Image-2022-10-16-at-09.26.07.jpeg?resize=1024%2C1024&amp;ssl=1 1024w, https:\/\/i0.wp.com\/cdnoticias.com\/wp-content\/uploads\/2022\/10\/WhatsApp-Image-2022-10-16-at-09.26.07.jpeg?resize=150%2C150&amp;ssl=1 150w, https:\/\/i0.wp.com\/cdnoticias.com\/wp-content\/uploads\/2022\/10\/WhatsApp-Image-2022-10-16-at-09.26.07.jpeg?resize=768%2C768&amp;ssl=1 768w\" sizes=\"auto, (max-width: 480px) 100vw, 480px\" \/><\/p>\n<p>&nbsp;<\/p>\n<blockquote><p>Se plantea una feria del libro con un contenido art\u00edstico que tendr\u00e1 presentaciones musicales, talleres culturales, como tambi\u00e9n presentaciones y charlas de diferentes autores y editoriales.<\/p><\/blockquote>\n<p>&nbsp;<\/p>\n<p>Estar\u00e1n presentes las librer\u00edas Aladino, El Puente, Fidias, El Faro, La Popular; m\u00e1s las editoriales El Altillo y Jairana, entre otras editoriales regionales y de la provincia.<\/p>\n<p>&nbsp;<\/p>\n<p>Por otro lado, la jornada del <strong>viernes 4 va a estar dedicado \u00edntegramente al \u00e1mbito educativo con una propuesta abierta a la participaci\u00f3n de las escuelas de Olavarr\u00eda.<\/strong><\/p>\n<p>&nbsp;<\/p>\n<p>Cabe remarcar que el <strong>Instituto Cultural de la Provincia de Buenos Aires<\/strong> viene impulsado distintas acciones culturales en nuestra ciudad con el objetivo de construir una oferta art\u00edstica p\u00fablica y gratuita para garantizar el acceso universal a las pol\u00edticas culturales.<\/p>\n","protected":false},"excerpt":{"rendered":"<p>Ser\u00e1 el 4, 5 y 6 de noviembre en el sal\u00f3n del club Mariano Moreno y el acceso ser\u00e1 libre<\/p>\n","protected":false},"author":2,"featured_media":67300,"comment_status":"closed","ping_status":"closed","sticky":false,"template":"","format":"standard","meta":{"_jetpack_memberships_contains_paid_content":false,"footnotes":""},"categories":[9,1],"tags":[],"class_list":["post-67299","post","type-post","status-publish","format-standard","has-post-thumbnail","hentry","category-cultura","category-portada"],"jetpack_featured_media_url":"https:\/\/i0.wp.com\/cdnoticias.com\/wp-content\/uploads\/2022\/10\/WhatsApp-Image-2022-10-16-at-09.26.0711.jpeg?fit=1279%2C626&ssl=1","jetpack_sharing_enabled":true,"_links":{"self":[{"href":"https:\/\/cdnoticias.com\/index.php\/wp-json\/wp\/v2\/posts\/67299","targetHints":{"allow":["GET"]}}],"collection":[{"href":"https:\/\/cdnoticias.com\/index.php\/wp-json\/wp\/v2\/posts"}],"about":[{"href":"https:\/\/cdnoticias.com\/index.php\/wp-json\/wp\/v2\/types\/post"}],"author":[{"embeddable":true,"href":"https:\/\/cdnoticias.com\/index.php\/wp-json\/wp\/v2\/users\/2"}],"replies":[{"embeddable":true,"href":"https:\/\/cdnoticias.com\/index.php\/wp-json\/wp\/v2\/comments?post=67299"}],"version-history":[{"count":0,"href":"https:\/\/cdnoticias.com\/index.php\/wp-json\/wp\/v2\/posts\/67299\/revisions"}],"wp:featuredmedia":[{"embeddable":true,"href":"https:\/\/cdnoticias.com\/index.php\/wp-json\/wp\/v2\/media\/67300"}],"wp:attachment":[{"href":"https:\/\/cdnoticias.com\/index.php\/wp-json\/wp\/v2\/media?parent=67299"}],"wp:term":[{"taxonomy":"category","embeddable":true,"href":"https:\/\/cdnoticias.com\/index.php\/wp-json\/wp\/v2\/categories?post=67299"},{"taxonomy":"post_tag","embeddable":true,"href":"https:\/\/cdnoticias.com\/index.php\/wp-json\/wp\/v2\/tags?post=67299"}],"curies":[{"name":"wp","href":"https:\/\/api.w.org\/{rel}","templated":true}]}}