{"id":67268,"date":"2022-10-15T09:58:19","date_gmt":"2022-10-15T12:58:19","guid":{"rendered":"https:\/\/www.centraldenoticias.com.ar\/?p=67268"},"modified":"2022-10-15T09:58:19","modified_gmt":"2022-10-15T12:58:19","slug":"galli-participara-junto-a-rodriguez-larreta-de-la-cumbre-mundial-de-alcaldes-de-c40-en-buenos-aires","status":"publish","type":"post","link":"https:\/\/cdnoticias.com\/index.php\/2022\/10\/15\/galli-participara-junto-a-rodriguez-larreta-de-la-cumbre-mundial-de-alcaldes-de-c40-en-buenos-aires\/","title":{"rendered":"Galli participar\u00e1 junto a Rodr\u00edguez Larreta de la Cumbre Mundial de Alcaldes de C40 en Buenos Aires"},"content":{"rendered":"<p>El intendente de Olavarr\u00eda confirm\u00f3 que participar\u00e1 del Foro Urbano Federal que se realizar\u00e1 el mi\u00e9rcoles 19 de octubre en Buenos Aires, en el marco de la Cumbre Mundial de Alcaldes de C40.<!--more--><\/p>\n<hr \/>\n<p>En la previa de la Cumbre Mundial de Alcaldes de C40,<strong> el Intendente Galli acompa\u00f1ar\u00e1 la Jefe de Gobierno porte\u00f1o Horacio Rodr\u00edguez Larreta del evento que se realizar\u00e1 en la Ciudad de Buenos Aires la semana pr\u00f3xima.<\/strong><\/p>\n<p>&nbsp;<\/p>\n<p><em>\u201cEsta cumbre es una nueva oportunidad que tenemos para vincular a la Argentina con el mundo, en una agenda que impacta en todas nuestras ciudades, como es el cambio clim\u00e1tico. Es un orgullo ver que tantas ciudades argentinas estamos trabajando juntas para asumir nuevos compromisos ambientales\u201d<\/em>, indic\u00f3 el jefe de Gobierno de la Ciudad de Buenos Aires, Horacio Rodr\u00edguez Larreta.<\/p>\n<p>&nbsp;<\/p>\n<p><strong>Bajo el lema \u201cUnidos en Acci\u00f3n\u201d, la Cumbre Mundial de Alcaldes de C40 reunir\u00e1 a m\u00e1s de 100 alcaldes de ciudades globales y 150 intendentes de ciudades argentinas en la ciudad de Buenos Aires, entre el 19 y el 21 de octubre.<\/strong> El encuentro es el foro intencional m\u00e1s importante sobre ciudades y cambio clim\u00e1tico, y la antesala de la COP27, que se realizar\u00e1 en noviembre en Egipto. Entre los alcaldes confirmados se destacan Sadiq Khan, alcalde de Londres y presidente de C40; Anne Hidalgo, alcaldesa de Par\u00eds; Ada Colau, alcaldesa de Barcelona; Femke Halsema, alcaldesa de \u00c1msterdam; Claudia L\u00f3pez Hern\u00e1ndez, alcaldesa de Bogot\u00e1; Claudio Orrego, alcalde de Regi\u00f3n Metropolitana de Santiago de Chile; Ricardo Nunes, alcalde de San Pablo, y Eric Garcetti, alcalde de Los \u00c1ngeles.<\/p>\n<p>&nbsp;<\/p>\n<p><strong>La cumbre comenzar\u00e1 el mi\u00e9rcoles 19 con un Foro Urbano Federal, donde 150 intendentes presentar\u00e1n una Declaraci\u00f3n de Ciudades Argentinas, con nuevos compromisos clim\u00e1ticos, que se trabajan desde el inicio del a\u00f1o en sucesivos encuentros en la ciudad de Buenos Aires, Rosario y Corrientes bajo el lema \u201cEl Camino Federal Hacia la Cumbre\u201d.<\/strong> Los compromisos incluyen reconocer la emergencia clim\u00e1tica y la relevancia de las ciudades en su abordaje, limitar el aumento de temperatura a 1,5\u00b0C y ser carbono neutrales a 2050, presentar planes de acci\u00f3n y clim\u00e1tica, y publicar Inventarios de Gases de Efecto Invernadero y evaluaciones de riesgo.<\/p>\n<p>&nbsp;<\/p>\n<p>A nivel internacional, participar\u00e1n como oradores del Foro Urbano Federal los alcaldes Eduardo da Costa Paes (R\u00edo de Janeiro) Claudio Orrego (Gobernador de la Regi\u00f3n Metropolitana de Santiago de Chile), Daniel Quintero Calle (Medell\u00edn), Kate Gallego (Phoenix), Sophie H\u00e6storp Andersen (Copenhague) y Rafael Greca (Curitiba) Asimismo, participar\u00e1n Jorge Macri, ministro de Gobierno de la ciudad de Buenos Aires y Fernando Straface, secretario general y de Relaciones Internacionales de la Ciudad.<\/p>\n<p>&nbsp;<\/p>\n<p>El Foro Urbano Federal se realiza en conjunto con las Naciones Unidas y la Red Argentina de Municipios Frente Al Cambio Clim\u00e1tico (RAMCC), y cuenta con el apoyo del Banco Mundial.<\/p>\n","protected":false},"excerpt":{"rendered":"<p>El intendente de Olavarr\u00eda confirm\u00f3 que participar\u00e1 del Foro Urbano Federal que se realizar\u00e1 el mi\u00e9rcoles 19 de octubre en<\/p>\n","protected":false},"author":2,"featured_media":67269,"comment_status":"closed","ping_status":"closed","sticky":false,"template":"","format":"standard","meta":{"_jetpack_memberships_contains_paid_content":false,"footnotes":""},"categories":[4,1],"tags":[],"class_list":["post-67268","post","type-post","status-publish","format-standard","has-post-thumbnail","hentry","category-politica","category-portada"],"jetpack_featured_media_url":"https:\/\/i0.wp.com\/cdnoticias.com\/wp-content\/uploads\/2022\/10\/WhatsApp-Image-2022-10-14-at-15.14.46.jpeg?fit=1280%2C853&ssl=1","jetpack_sharing_enabled":true,"_links":{"self":[{"href":"https:\/\/cdnoticias.com\/index.php\/wp-json\/wp\/v2\/posts\/67268","targetHints":{"allow":["GET"]}}],"collection":[{"href":"https:\/\/cdnoticias.com\/index.php\/wp-json\/wp\/v2\/posts"}],"about":[{"href":"https:\/\/cdnoticias.com\/index.php\/wp-json\/wp\/v2\/types\/post"}],"author":[{"embeddable":true,"href":"https:\/\/cdnoticias.com\/index.php\/wp-json\/wp\/v2\/users\/2"}],"replies":[{"embeddable":true,"href":"https:\/\/cdnoticias.com\/index.php\/wp-json\/wp\/v2\/comments?post=67268"}],"version-history":[{"count":0,"href":"https:\/\/cdnoticias.com\/index.php\/wp-json\/wp\/v2\/posts\/67268\/revisions"}],"wp:featuredmedia":[{"embeddable":true,"href":"https:\/\/cdnoticias.com\/index.php\/wp-json\/wp\/v2\/media\/67269"}],"wp:attachment":[{"href":"https:\/\/cdnoticias.com\/index.php\/wp-json\/wp\/v2\/media?parent=67268"}],"wp:term":[{"taxonomy":"category","embeddable":true,"href":"https:\/\/cdnoticias.com\/index.php\/wp-json\/wp\/v2\/categories?post=67268"},{"taxonomy":"post_tag","embeddable":true,"href":"https:\/\/cdnoticias.com\/index.php\/wp-json\/wp\/v2\/tags?post=67268"}],"curies":[{"name":"wp","href":"https:\/\/api.w.org\/{rel}","templated":true}]}}