{"id":67265,"date":"2022-10-15T08:17:26","date_gmt":"2022-10-15T11:17:26","guid":{"rendered":"https:\/\/www.centraldenoticias.com.ar\/?p=67265"},"modified":"2022-10-15T08:17:26","modified_gmt":"2022-10-15T11:17:26","slug":"miguel-angel-di-lorenzo-el-manso-q-e-p-d","status":"publish","type":"post","link":"https:\/\/cdnoticias.com\/index.php\/2022\/10\/15\/miguel-angel-di-lorenzo-el-manso-q-e-p-d\/","title":{"rendered":"Miguel \u00c1ngel Di Lorenzo \u201cEl Manso\u201d (Q.E.P.D.)"},"content":{"rendered":"<div class=\"\" data-block=\"true\" data-editor=\"3e4t5\" data-offset-key=\"5ptnp-0-0\">\n<div class=\"_1mf _1mj\" data-offset-key=\"5ptnp-0-0\">Falleci\u00f3 en Olavarr\u00eda el 14 de octubre de 2022 a los 66 a\u00f1os de edad. Su esposa, hijos y dem\u00e1s deudos participan su fallecimiento.<\/div>\n<\/div>\n<div class=\"\" data-block=\"true\" data-editor=\"3e4t5\" data-offset-key=\"17i45-0-0\">\n<div class=\"_1mf _1mj\" data-offset-key=\"17i45-0-0\"><span data-offset-key=\"17i45-0-0\">\u00a0<\/span><\/div>\n<\/div>\n<div class=\"\" data-block=\"true\" data-editor=\"3e4t5\" data-offset-key=\"2c8lk-0-0\">\n<div class=\"_1mf _1mj\" data-offset-key=\"2c8lk-0-0\"><span data-offset-key=\"2c8lk-0-0\">Sus restos son velados en Espa\u00f1a 2942 Sala &#8220;B&#8221; y ser\u00e1n inhumados en el cementerio Loma de Paz este s\u00e1bado 15 de octubre a las 12:30, previo responso en la capilla ardiente. Jubilado.<\/span><\/div>\n<\/div>\n","protected":false},"excerpt":{"rendered":"<p>Falleci\u00f3 en Olavarr\u00eda el 14 de octubre de 2022 a los 66 a\u00f1os de edad. Su esposa, hijos y dem\u00e1s<\/p>\n","protected":false},"author":2,"featured_media":51544,"comment_status":"closed","ping_status":"closed","sticky":false,"template":"","format":"standard","meta":{"_jetpack_memberships_contains_paid_content":false,"footnotes":""},"categories":[10],"tags":[],"class_list":["post-67265","post","type-post","status-publish","format-standard","has-post-thumbnail","hentry","category-necrologicas"],"jetpack_featured_media_url":"https:\/\/i0.wp.com\/cdnoticias.com\/wp-content\/uploads\/2022\/04\/necrologicas-390-x-240.jpg?fit=390%2C240&ssl=1","jetpack_sharing_enabled":true,"_links":{"self":[{"href":"https:\/\/cdnoticias.com\/index.php\/wp-json\/wp\/v2\/posts\/67265","targetHints":{"allow":["GET"]}}],"collection":[{"href":"https:\/\/cdnoticias.com\/index.php\/wp-json\/wp\/v2\/posts"}],"about":[{"href":"https:\/\/cdnoticias.com\/index.php\/wp-json\/wp\/v2\/types\/post"}],"author":[{"embeddable":true,"href":"https:\/\/cdnoticias.com\/index.php\/wp-json\/wp\/v2\/users\/2"}],"replies":[{"embeddable":true,"href":"https:\/\/cdnoticias.com\/index.php\/wp-json\/wp\/v2\/comments?post=67265"}],"version-history":[{"count":0,"href":"https:\/\/cdnoticias.com\/index.php\/wp-json\/wp\/v2\/posts\/67265\/revisions"}],"wp:featuredmedia":[{"embeddable":true,"href":"https:\/\/cdnoticias.com\/index.php\/wp-json\/wp\/v2\/media\/51544"}],"wp:attachment":[{"href":"https:\/\/cdnoticias.com\/index.php\/wp-json\/wp\/v2\/media?parent=67265"}],"wp:term":[{"taxonomy":"category","embeddable":true,"href":"https:\/\/cdnoticias.com\/index.php\/wp-json\/wp\/v2\/categories?post=67265"},{"taxonomy":"post_tag","embeddable":true,"href":"https:\/\/cdnoticias.com\/index.php\/wp-json\/wp\/v2\/tags?post=67265"}],"curies":[{"name":"wp","href":"https:\/\/api.w.org\/{rel}","templated":true}]}}