{"id":67220,"date":"2022-10-14T19:00:17","date_gmt":"2022-10-14T22:00:17","guid":{"rendered":"https:\/\/www.centraldenoticias.com.ar\/?p=67220"},"modified":"2022-10-15T08:31:33","modified_gmt":"2022-10-15T11:31:33","slug":"detuvieron-al-acusado-de-cometer-abusos-sexuales-en-barrio-los-cuarteles","status":"publish","type":"post","link":"https:\/\/cdnoticias.com\/index.php\/2022\/10\/14\/detuvieron-al-acusado-de-cometer-abusos-sexuales-en-barrio-los-cuarteles\/","title":{"rendered":"Detuvieron al acusado de cometer abusos sexuales en barrio Los Cuarteles"},"content":{"rendered":"<p>Fue este viernes, en un operativo encabezado por personal de Comisar\u00eda Primera. Comparecer\u00e1 ante la fiscal de las causas, la doctora Paula Serrano. <!--more--><\/p>\n<hr \/>\n<p>Este viernes, en un operativo llevado adelante por personal de Comisar\u00eda Primera,<strong> qued\u00f3 detenido el hombre acusado de cometer abusos sexuales en barrio Los Cuarteles, que gener\u00f3 varias movilizaciones, cortes de ruta y di\u00e1logos en la sede de fiscal\u00eda.<\/strong><\/p>\n<p>&nbsp;<\/p>\n<p>Seg\u00fan explicaron desde fuentes policiales, <strong>el detenido es un hombre mayor de edad<em> \u201cen el marco de causa por el delito de abuso sexual gravemente ultrajante dos hechos en concurso real\u201d.<\/em><\/strong><\/p>\n<p>&nbsp;<\/p>\n<blockquote><p>La medida fue dispuesta para que el imputado pueda comparecer ante la fiscal de las causas, la doctora Paula Serrano de la UFI N\u00b04.<\/p><\/blockquote>\n<p>&nbsp;<\/p>\n<p>Adem\u00e1s, se dej\u00f3 en claro que <em>\u201cexisten otras causas en las que resulta denunciado el mismo detenido\u201d<\/em> y se aclar\u00f3 que <strong><em>\u201cno se brindar\u00e1n detalles que vulneraren a las v\u00edctimas\u201d.<\/em><\/strong><\/p>\n<p>&nbsp;<\/p>\n<p>Teniendo en cuenta las caracter\u00edsticas de las tres causas,<strong><em> \u201cdifieren en cuanto al momento en que las v\u00edctimas han podido o no a\u00fan contar lo sucedido y esto implica otros tiempos que deben ser respetados\u201d.<\/em><\/strong><\/p>\n","protected":false},"excerpt":{"rendered":"<p>Fue este viernes, en un operativo encabezado por personal de Comisar\u00eda Primera. Comparecer\u00e1 ante la fiscal de las causas, la<\/p>\n","protected":false},"author":2,"featured_media":67221,"comment_status":"closed","ping_status":"closed","sticky":false,"template":"","format":"standard","meta":{"_jetpack_memberships_contains_paid_content":false,"footnotes":""},"categories":[14,1],"tags":[],"class_list":["post-67220","post","type-post","status-publish","format-standard","has-post-thumbnail","hentry","category-policiales","category-portada"],"jetpack_featured_media_url":"https:\/\/i0.wp.com\/cdnoticias.com\/wp-content\/uploads\/2022\/10\/WhatsApp-Image-2022-10-14-at-18.20.43.jpeg?fit=1199%2C629&ssl=1","jetpack_sharing_enabled":true,"_links":{"self":[{"href":"https:\/\/cdnoticias.com\/index.php\/wp-json\/wp\/v2\/posts\/67220","targetHints":{"allow":["GET"]}}],"collection":[{"href":"https:\/\/cdnoticias.com\/index.php\/wp-json\/wp\/v2\/posts"}],"about":[{"href":"https:\/\/cdnoticias.com\/index.php\/wp-json\/wp\/v2\/types\/post"}],"author":[{"embeddable":true,"href":"https:\/\/cdnoticias.com\/index.php\/wp-json\/wp\/v2\/users\/2"}],"replies":[{"embeddable":true,"href":"https:\/\/cdnoticias.com\/index.php\/wp-json\/wp\/v2\/comments?post=67220"}],"version-history":[{"count":0,"href":"https:\/\/cdnoticias.com\/index.php\/wp-json\/wp\/v2\/posts\/67220\/revisions"}],"wp:featuredmedia":[{"embeddable":true,"href":"https:\/\/cdnoticias.com\/index.php\/wp-json\/wp\/v2\/media\/67221"}],"wp:attachment":[{"href":"https:\/\/cdnoticias.com\/index.php\/wp-json\/wp\/v2\/media?parent=67220"}],"wp:term":[{"taxonomy":"category","embeddable":true,"href":"https:\/\/cdnoticias.com\/index.php\/wp-json\/wp\/v2\/categories?post=67220"},{"taxonomy":"post_tag","embeddable":true,"href":"https:\/\/cdnoticias.com\/index.php\/wp-json\/wp\/v2\/tags?post=67220"}],"curies":[{"name":"wp","href":"https:\/\/api.w.org\/{rel}","templated":true}]}}