{"id":672,"date":"2020-09-03T15:17:26","date_gmt":"2020-09-03T18:17:26","guid":{"rendered":"http:\/\/www.centraldenoticias.com.ar\/?p=672"},"modified":"2020-09-03T16:05:40","modified_gmt":"2020-09-03T19:05:40","slug":"turismo-estuvimos-parados-seis-meses-pero-es-insostenible","status":"publish","type":"post","link":"https:\/\/cdnoticias.com\/index.php\/2020\/09\/03\/turismo-estuvimos-parados-seis-meses-pero-es-insostenible\/","title":{"rendered":"Turismo: \u201cEstuvimos parados seis meses, pero es insostenible\u201d"},"content":{"rendered":"<p class=\"western\">El sector tur\u00edstico, y los rubros asociados, se manifestaron para pedir protocolos y se\u00f1ales concretas de apertura. Soledad G\u00f3mez Cataldi tambi\u00e9n habl\u00f3 de la ley aprobada en el Congreso: &#8220;esper\u00e1bamos un apoyo un poco m\u00e1s fuerte&#8221; dijo.<!--more--><\/p>\n<hr \/>\n<p class=\"western\">Soledad G\u00f3mez Cataldi es propietaria de Big Apple Tours, una empresa local de turismo. Fue una de las convocantes a <a href=\"https:\/\/cdnoticias.com\/index.php\/2020\/09\/03\/el-turismo-se-hizo-sentir-en-el-centro-con-un-bocinazo\/\">la manifestaci\u00f3n que este jueves en Olavarr\u00eda<\/a> y en el pa\u00eds tuvo al sector tur\u00edstico en reclamo por apoyo y medidas para la reactivaci\u00f3n.<\/p>\n<p>&nbsp;<\/p>\n<p class=\"western\">La propuesta para la protesta callejera se dio a conocer la semana pasada por \u201cun grupo de autoconvocados\u201d que ya se hab\u00eda congregado a fin de 2019 cuando se modific\u00f3 la compra de d\u00f3lares. Soledad cont\u00f3 a Central de Noticias que con el inicio de la pandemia \u201cnuestra actividad qued\u00f3 complicada\u201d y ahora \u201cvenimos hace seis meses parados. No tenemos protocolos. La ley que ped\u00edamos era de emergencia y sali\u00f3 de reactivaci\u00f3n, aunque est\u00e1 tecleando porque hay un planteo por la anulaci\u00f3n de la sesi\u00f3n\u201d.<\/p>\n<p>&nbsp;<\/p>\n<p class=\"western\">Consider\u00f3 que la ley aprobada el mi\u00e9rcoles en el Congreso <strong>\u201ces en cierta forma de utilidad parcial para nosotros pero esper\u00e1bamos un apoyo un poco m\u00e1s fuerte\u201d<\/strong>. En ese sentido, apunt\u00f3 a que se dispusieron por ejemplo beneficios para los movimientos bancarios pero justamente es algo que ahora no sucede ante el parate casi total del rubro. <strong>\u201cEsper\u00e1bamos otro tipo de apoyo. Eso nos decepcion\u00f3 bastante\u201d<\/strong> resumi\u00f3.<\/p>\n<p>&nbsp;<\/p>\n<p class=\"western\"><img data-recalc-dims=\"1\" loading=\"lazy\" decoding=\"async\" class=\"aligncenter wp-image-670 size-large\" src=\"https:\/\/i0.wp.com\/cdnoticias.com\/wp-content\/uploads\/2020\/09\/ReclamoTurismo1.jpg?resize=800%2C600&#038;ssl=1\" alt=\"\" width=\"800\" height=\"600\" srcset=\"https:\/\/i0.wp.com\/cdnoticias.com\/wp-content\/uploads\/2020\/09\/ReclamoTurismo1.jpg?resize=1024%2C768&amp;ssl=1 1024w, https:\/\/i0.wp.com\/cdnoticias.com\/wp-content\/uploads\/2020\/09\/ReclamoTurismo1.jpg?resize=300%2C225&amp;ssl=1 300w, https:\/\/i0.wp.com\/cdnoticias.com\/wp-content\/uploads\/2020\/09\/ReclamoTurismo1.jpg?resize=768%2C576&amp;ssl=1 768w, https:\/\/i0.wp.com\/cdnoticias.com\/wp-content\/uploads\/2020\/09\/ReclamoTurismo1.jpg?w=1040&amp;ssl=1 1040w\" sizes=\"auto, (max-width: 800px) 100vw, 800px\" \/><\/p>\n<p>&nbsp;<\/p>\n<p class=\"western\">Agreg\u00f3 la falta de certezas respecto de la apertura de aeropuertos para vuelos regulares. \u201cNo pedimos descabelladamente que en pleno pico de pandemia subirnos a un avi\u00f3n e ir a hacer turismo a Canc\u00fan. Pedimos que no corten nuestras libertades individuales, <strong>queremos que la gente tambi\u00e9n tenga movimiento aeroportuario interprovincial<\/strong>. Como sociedad que nos eduquen pero no que nos coarten\u201d subray\u00f3. La empresaria hizo hincapi\u00e9 en que el sector solicita protocolos y reglamentos para poder funcionar. Y se\u00f1al\u00f3 dos aspectos, \u201csi no sale la vacuna o dura un a\u00f1o m\u00e1s \u00bfvamos a estar un a\u00f1o m\u00e1s incomunicados?\u201d y m\u00e1s adelante plante\u00f3 que \u201cel derecho al tr\u00e1nsito m\u00e1s all\u00e1 del turismo o no, no se le debe quitar a nadie\u201d.<\/p>\n<p>&nbsp;<\/p>\n<p class=\"western\">En la manifestaci\u00f3n en Olavarr\u00eda confluyeron integrantes del sector agencias y empresas de viajes y turismo, transporte, hoteles y gastron\u00f3micos. No hay n\u00fameros locales de cu\u00e1ntas personas involucra el rubro, pero a nivel nacional son aproximadamente un mill\u00f3n doscientos mil.<\/p>\n<p>&nbsp;<\/p>\n<p class=\"western\"><strong>Hoy en el mundo<\/strong><\/p>\n<p>&nbsp;<\/p>\n<p class=\"western\">El pedido de protocolos para el sector de viajes y turismo busca contemplar un futuro con actividad, certeza en los plazos, y adem\u00e1s la difusi\u00f3n con antelaci\u00f3n para que todos los potenciales viajeros conozcan c\u00f3mo manejarse. <strong>\u201cVan a ayudarnos para que cuando esto vaya pasando se reactive r\u00e1pido el turismo, que la gente ya los conozca\u201d<\/strong> plante\u00f3 Soledad.<\/p>\n<p>&nbsp;<\/p>\n<p><img data-recalc-dims=\"1\" loading=\"lazy\" decoding=\"async\" class=\"aligncenter wp-image-666 size-large\" src=\"https:\/\/i0.wp.com\/cdnoticias.com\/wp-content\/uploads\/2020\/09\/ReclamoTurismo.jpg?resize=800%2C600&#038;ssl=1\" alt=\"\" width=\"800\" height=\"600\" srcset=\"https:\/\/i0.wp.com\/cdnoticias.com\/wp-content\/uploads\/2020\/09\/ReclamoTurismo.jpg?resize=1024%2C768&amp;ssl=1 1024w, https:\/\/i0.wp.com\/cdnoticias.com\/wp-content\/uploads\/2020\/09\/ReclamoTurismo.jpg?resize=300%2C225&amp;ssl=1 300w, https:\/\/i0.wp.com\/cdnoticias.com\/wp-content\/uploads\/2020\/09\/ReclamoTurismo.jpg?resize=768%2C576&amp;ssl=1 768w, https:\/\/i0.wp.com\/cdnoticias.com\/wp-content\/uploads\/2020\/09\/ReclamoTurismo.jpg?w=1040&amp;ssl=1 1040w\" sizes=\"auto, (max-width: 800px) 100vw, 800px\" \/><\/p>\n<p>&nbsp;<\/p>\n<p class=\"western\">Es que los integrantes del sector saben que la apertura ser\u00e1 paulatina e incluso con modificaciones sobre la marcha.<\/p>\n<p>&nbsp;<\/p>\n<p class=\"western\">En ese sentido, la empresaria local se refiri\u00f3 a numerosos ejemplos de protocolos diferentes que se aplican en distintas aerol\u00edneas as\u00ed como las disposiciones de los pa\u00edses europeos o en Estados Unidos para llegar y transitar.<\/p>\n<p>&nbsp;<\/p>\n<blockquote>\n<p class=\"western\">\u201cEn la mayor\u00eda de los pa\u00edses se ha aceptado convivir con esto. Es una realidad que vino para quedarse, es decir no se puede parar el mundo hasta que no haya una vacuna. Estuvimos parados seis meses, pero es insostenible\u201d asegur\u00f3.<\/p>\n<\/blockquote>\n<p>&nbsp;<\/p>\n<p class=\"western\">G\u00f3mez Cataldi destac\u00f3 la importancia de los subsidios ATP para las empresas, aunque consider\u00f3 que en un momento no ser\u00e1n viables. \u201cSi no nos preparamos hoy para el d\u00eda despu\u00e9s va a ser insostenible la reactivaci\u00f3n. \u00bfQui\u00e9n se va a sostener? <strong>El d\u00eda despu\u00e9s va a ser la debacle<\/strong>\u201d se lament\u00f3.<\/p>\n","protected":false},"excerpt":{"rendered":"<p>El sector tur\u00edstico, y los rubros asociados, se manifestaron para pedir protocolos y se\u00f1ales concretas de apertura. Soledad G\u00f3mez Cataldi<\/p>\n","protected":false},"author":4,"featured_media":671,"comment_status":"closed","ping_status":"closed","sticky":false,"template":"","format":"standard","meta":{"_jetpack_memberships_contains_paid_content":false,"footnotes":""},"categories":[5,1],"tags":[],"class_list":["post-672","post","type-post","status-publish","format-standard","has-post-thumbnail","hentry","category-informacion-general","category-portada"],"jetpack_featured_media_url":"https:\/\/i0.wp.com\/cdnoticias.com\/wp-content\/uploads\/2020\/09\/ReclamoTurismo2.jpg?fit=4160%2C2688&ssl=1","jetpack_sharing_enabled":true,"_links":{"self":[{"href":"https:\/\/cdnoticias.com\/index.php\/wp-json\/wp\/v2\/posts\/672","targetHints":{"allow":["GET"]}}],"collection":[{"href":"https:\/\/cdnoticias.com\/index.php\/wp-json\/wp\/v2\/posts"}],"about":[{"href":"https:\/\/cdnoticias.com\/index.php\/wp-json\/wp\/v2\/types\/post"}],"author":[{"embeddable":true,"href":"https:\/\/cdnoticias.com\/index.php\/wp-json\/wp\/v2\/users\/4"}],"replies":[{"embeddable":true,"href":"https:\/\/cdnoticias.com\/index.php\/wp-json\/wp\/v2\/comments?post=672"}],"version-history":[{"count":0,"href":"https:\/\/cdnoticias.com\/index.php\/wp-json\/wp\/v2\/posts\/672\/revisions"}],"wp:featuredmedia":[{"embeddable":true,"href":"https:\/\/cdnoticias.com\/index.php\/wp-json\/wp\/v2\/media\/671"}],"wp:attachment":[{"href":"https:\/\/cdnoticias.com\/index.php\/wp-json\/wp\/v2\/media?parent=672"}],"wp:term":[{"taxonomy":"category","embeddable":true,"href":"https:\/\/cdnoticias.com\/index.php\/wp-json\/wp\/v2\/categories?post=672"},{"taxonomy":"post_tag","embeddable":true,"href":"https:\/\/cdnoticias.com\/index.php\/wp-json\/wp\/v2\/tags?post=672"}],"curies":[{"name":"wp","href":"https:\/\/api.w.org\/{rel}","templated":true}]}}