{"id":67198,"date":"2022-10-14T11:38:01","date_gmt":"2022-10-14T14:38:01","guid":{"rendered":"https:\/\/www.centraldenoticias.com.ar\/?p=67198"},"modified":"2022-10-14T12:35:58","modified_gmt":"2022-10-14T15:35:58","slug":"se-conocio-la-identidad-de-la-mujer-fallecida-en-un-accidente","status":"publish","type":"post","link":"https:\/\/cdnoticias.com\/index.php\/2022\/10\/14\/se-conocio-la-identidad-de-la-mujer-fallecida-en-un-accidente\/","title":{"rendered":"Se conoci\u00f3 la identidad de la mujer fallecida en un accidente"},"content":{"rendered":"<p>El siniestro vial ocurri\u00f3 durante la ma\u00f1ana de este viernes en Necochea y Moreno. En el lugar, chocaron una moto y un colectivo de Las Sierras.<!--more--><\/p>\n<hr \/>\n<p>Este viernes por la ma\u00f1ana ocurri\u00f3 un <strong>fatal accidente vial en Necocha y Moreno.<\/strong> Chocaron una moto Corven y un colectivo de la empresa de transporte interurbano Las Sierras S.R.L.<\/p>\n<p>&nbsp;<\/p>\n<blockquote><p>Producto del impacto, la conductora de la moto, Liliana Anah\u00ed Valcarcel de 50 a\u00f1os, falleci\u00f3 en el acto.<\/p><\/blockquote>\n<p>&nbsp;<\/p>\n<p>La causa est\u00e1 caratulada como<strong> \u201chomicidio culposo\u201d a cargo de la UFI N\u00b0 10 del doctor Miguel Pi\u00f1eiro.<\/strong><\/p>\n<p>&nbsp;<\/p>\n<blockquote class=\"wp-embedded-content\" data-secret=\"BfBdXFun0c\"><p><a href=\"https:\/\/cdnoticias.com\/index.php\/2022\/10\/14\/una-motociclista-fallecio-al-chocar-contra-un-colectivo-interurbano\/\">Una motociclista falleci\u00f3 al chocar contra un colectivo interurbano<\/a><\/p><\/blockquote>\n<p><iframe loading=\"lazy\" class=\"wp-embedded-content\" sandbox=\"allow-scripts\" security=\"restricted\" style=\"position: absolute; clip: rect(1px, 1px, 1px, 1px);\" title=\"&#8220;Una motociclista falleci\u00f3 al chocar contra un colectivo interurbano&#8221; &#8212; Central de Noticias | Olavarr\u00eda\" src=\"https:\/\/cdnoticias.com\/index.php\/2022\/10\/14\/una-motociclista-fallecio-al-chocar-contra-un-colectivo-interurbano\/embed\/#?secret=PyDsvL3oHW#?secret=BfBdXFun0c\" data-secret=\"BfBdXFun0c\" width=\"600\" height=\"338\" frameborder=\"0\" marginwidth=\"0\" marginheight=\"0\" scrolling=\"no\"><\/iframe><\/p>\n","protected":false},"excerpt":{"rendered":"<p>El siniestro vial ocurri\u00f3 durante la ma\u00f1ana de este viernes en Necochea y Moreno. En el lugar, chocaron una moto<\/p>\n","protected":false},"author":5,"featured_media":67179,"comment_status":"closed","ping_status":"closed","sticky":false,"template":"","format":"standard","meta":{"_jetpack_memberships_contains_paid_content":false,"footnotes":""},"categories":[14,1],"tags":[],"class_list":["post-67198","post","type-post","status-publish","format-standard","has-post-thumbnail","hentry","category-policiales","category-portada"],"jetpack_featured_media_url":"https:\/\/i0.wp.com\/cdnoticias.com\/wp-content\/uploads\/2022\/10\/choque-necochea-y-moreno-00.jpg?fit=800%2C445&ssl=1","jetpack_sharing_enabled":true,"_links":{"self":[{"href":"https:\/\/cdnoticias.com\/index.php\/wp-json\/wp\/v2\/posts\/67198","targetHints":{"allow":["GET"]}}],"collection":[{"href":"https:\/\/cdnoticias.com\/index.php\/wp-json\/wp\/v2\/posts"}],"about":[{"href":"https:\/\/cdnoticias.com\/index.php\/wp-json\/wp\/v2\/types\/post"}],"author":[{"embeddable":true,"href":"https:\/\/cdnoticias.com\/index.php\/wp-json\/wp\/v2\/users\/5"}],"replies":[{"embeddable":true,"href":"https:\/\/cdnoticias.com\/index.php\/wp-json\/wp\/v2\/comments?post=67198"}],"version-history":[{"count":0,"href":"https:\/\/cdnoticias.com\/index.php\/wp-json\/wp\/v2\/posts\/67198\/revisions"}],"wp:featuredmedia":[{"embeddable":true,"href":"https:\/\/cdnoticias.com\/index.php\/wp-json\/wp\/v2\/media\/67179"}],"wp:attachment":[{"href":"https:\/\/cdnoticias.com\/index.php\/wp-json\/wp\/v2\/media?parent=67198"}],"wp:term":[{"taxonomy":"category","embeddable":true,"href":"https:\/\/cdnoticias.com\/index.php\/wp-json\/wp\/v2\/categories?post=67198"},{"taxonomy":"post_tag","embeddable":true,"href":"https:\/\/cdnoticias.com\/index.php\/wp-json\/wp\/v2\/tags?post=67198"}],"curies":[{"name":"wp","href":"https:\/\/api.w.org\/{rel}","templated":true}]}}