{"id":67187,"date":"2022-10-14T10:33:46","date_gmt":"2022-10-14T13:33:46","guid":{"rendered":"https:\/\/www.centraldenoticias.com.ar\/?p=67187"},"modified":"2022-10-14T10:33:46","modified_gmt":"2022-10-14T13:33:46","slug":"aprehendido-por-llevar-cocaina","status":"publish","type":"post","link":"https:\/\/cdnoticias.com\/index.php\/2022\/10\/14\/aprehendido-por-llevar-cocaina\/","title":{"rendered":"Aprehendido por llevar coca\u00edna"},"content":{"rendered":"<p>Un joven de 20 a\u00f1os fue arrestado en inmediaciones de Alberdi y Mitre. Iba de pasajero en un remis.<!--more--><\/p>\n<hr \/>\n<p><strong>Un joven fue aprehendido en las \u00faltimas acusado de tenencia de coca\u00edna:<\/strong> lo interceptaron cuando viajaba como pasajero en un remis.<\/p>\n<p>&nbsp;<\/p>\n<p>Se detall\u00f3 que<strong> personal del Comando de Patrullas<\/strong>, identific\u00f3 en <strong>Alberdi y Mitre<\/strong> a una persona que<strong> descendi\u00f3 de un remis quien intent\u00f3 darse a la fuga al advertir la presencia policial.<\/strong><\/p>\n<p>&nbsp;<\/p>\n<blockquote><p>Los uniformados constataron que el sospechoso llevaba en su poder dos envoltorios de nylon que conten\u00edan una sustancia que, tras la realizaci\u00f3n del test correspondiente, se determin\u00f3 que era clorhidrato de coca\u00edna.<\/p><\/blockquote>\n<p>&nbsp;<\/p>\n<p>El aprehendido es <strong>un joven de 20 a\u00f1os<\/strong>. Fue trasladado y alojado en sede de Comisar\u00eda Primera a disposici\u00f3n del magistrado interviniente.<\/p>\n<p>&nbsp;<\/p>\n<p>Se iniciaron actuaciones por <strong>\u201cinfracci\u00f3n a la ley 23.737\u201d<\/strong> a cargo de la UFI N\u00ba 19.<\/p>\n<p>&nbsp;<\/p>\n<p>Se inform\u00f3 que<strong> las actuaciones del Comando de Patrullas se encuadraron en operativos dispuestos por la Estaci\u00f3n de Polic\u00eda Departamental de Seguridad Olavarr\u00eda.<\/strong><\/p>\n<p>&nbsp;<\/p>\n<p>&nbsp;<\/p>\n","protected":false},"excerpt":{"rendered":"<p>Un joven de 20 a\u00f1os fue arrestado en inmediaciones de Alberdi y Mitre. Iba de pasajero en un remis.<\/p>\n","protected":false},"author":4,"featured_media":67188,"comment_status":"closed","ping_status":"closed","sticky":false,"template":"","format":"standard","meta":{"_jetpack_memberships_contains_paid_content":false,"footnotes":""},"categories":[14,1],"tags":[],"class_list":["post-67187","post","type-post","status-publish","format-standard","has-post-thumbnail","hentry","category-policiales","category-portada"],"jetpack_featured_media_url":"https:\/\/i0.wp.com\/cdnoticias.com\/wp-content\/uploads\/2022\/10\/alberdi-y-mitre-droga-00.jpg?fit=800%2C444&ssl=1","jetpack_sharing_enabled":true,"_links":{"self":[{"href":"https:\/\/cdnoticias.com\/index.php\/wp-json\/wp\/v2\/posts\/67187","targetHints":{"allow":["GET"]}}],"collection":[{"href":"https:\/\/cdnoticias.com\/index.php\/wp-json\/wp\/v2\/posts"}],"about":[{"href":"https:\/\/cdnoticias.com\/index.php\/wp-json\/wp\/v2\/types\/post"}],"author":[{"embeddable":true,"href":"https:\/\/cdnoticias.com\/index.php\/wp-json\/wp\/v2\/users\/4"}],"replies":[{"embeddable":true,"href":"https:\/\/cdnoticias.com\/index.php\/wp-json\/wp\/v2\/comments?post=67187"}],"version-history":[{"count":0,"href":"https:\/\/cdnoticias.com\/index.php\/wp-json\/wp\/v2\/posts\/67187\/revisions"}],"wp:featuredmedia":[{"embeddable":true,"href":"https:\/\/cdnoticias.com\/index.php\/wp-json\/wp\/v2\/media\/67188"}],"wp:attachment":[{"href":"https:\/\/cdnoticias.com\/index.php\/wp-json\/wp\/v2\/media?parent=67187"}],"wp:term":[{"taxonomy":"category","embeddable":true,"href":"https:\/\/cdnoticias.com\/index.php\/wp-json\/wp\/v2\/categories?post=67187"},{"taxonomy":"post_tag","embeddable":true,"href":"https:\/\/cdnoticias.com\/index.php\/wp-json\/wp\/v2\/tags?post=67187"}],"curies":[{"name":"wp","href":"https:\/\/api.w.org\/{rel}","templated":true}]}}