{"id":67127,"date":"2022-10-13T17:30:36","date_gmt":"2022-10-13T20:30:36","guid":{"rendered":"https:\/\/www.centraldenoticias.com.ar\/?p=67127"},"modified":"2022-10-13T19:06:09","modified_gmt":"2022-10-13T22:06:09","slug":"se-aprobo-la-prorroga-para-la-presentacion-del-presupuesto-2023","status":"publish","type":"post","link":"https:\/\/cdnoticias.com\/index.php\/2022\/10\/13\/se-aprobo-la-prorroga-para-la-presentacion-del-presupuesto-2023\/","title":{"rendered":"Se aprob\u00f3 la pr\u00f3rroga para la presentaci\u00f3n del Presupuesto 2023"},"content":{"rendered":"<p>Sin discursos del oficialismo ni de la oposici\u00f3n, los concejales avalaron la solicitud del Ejecutivo. Adem\u00e1s, se celebr\u00f3 la aprobaci\u00f3n de la ordenanza n\u00famero 5.000.<!--more--><\/p>\n<hr \/>\n<p><a href=\"https:\/\/cdnoticias.com\/index.php\/2022\/10\/13\/comenzo-la-sesion-del-concejo-37-proyectos-en-debate\/\" target=\"_blank\" rel=\"noopener\">El \u00faltimo proyecto incluido en el orden del d\u00eda de la sesi\u00f3n de este jueves<\/a> fue el <strong>pedido de pr\u00f3rroga presentado por el Ejecutivo para la presentaci\u00f3n del Presupuesto 2023.<\/strong><\/p>\n<p>&nbsp;<\/p>\n<blockquote><p>Sin discursos del oficialismo ni de la oposici\u00f3n, la solicitud fue aprobada por unanimidad y se convirti\u00f3 en la ordenanza 5.000 del Concejo Deliberante.<\/p><\/blockquote>\n<p>&nbsp;<\/p>\n<p>De esta manera, <strong>el intendente Ezequiel Galli tendr\u00e1 hasta el 30 de noviembre<\/strong> para elevar al Concejo el C\u00e1lculo de Recursos y Gastos del a\u00f1o 2023.<\/p>\n<p>&nbsp;<\/p>\n<p>Adem\u00e1s, al cierre de la votaci\u00f3n, que adem\u00e1s fue el final de la sesi\u00f3n ordinaria<strong>, la presidenta Cecilia Krivochen destac\u00f3 la aprobaci\u00f3n de la ordenanza n\u00famero 5.000<\/strong> y se\u00f1al\u00f3 que <em>\u201cen diciembre de 1983 el Concejo aprob\u00f3 la ordenanza n\u00famero 1\u201d<\/em>, tras lo que sigui\u00f3 el aplauso de los ediles.<\/p>\n<p>&nbsp;<\/p>\n<p><img data-recalc-dims=\"1\" loading=\"lazy\" decoding=\"async\" class=\"size-full wp-image-67129 aligncenter\" src=\"https:\/\/i0.wp.com\/cdnoticias.com\/wp-content\/uploads\/2022\/10\/HCD-presidencia1.jpg?resize=800%2C445&#038;ssl=1\" alt=\"\" width=\"800\" height=\"445\" srcset=\"https:\/\/i0.wp.com\/cdnoticias.com\/wp-content\/uploads\/2022\/10\/HCD-presidencia1.jpg?w=800&amp;ssl=1 800w, https:\/\/i0.wp.com\/cdnoticias.com\/wp-content\/uploads\/2022\/10\/HCD-presidencia1.jpg?resize=300%2C167&amp;ssl=1 300w, https:\/\/i0.wp.com\/cdnoticias.com\/wp-content\/uploads\/2022\/10\/HCD-presidencia1.jpg?resize=768%2C427&amp;ssl=1 768w\" sizes=\"auto, (max-width: 800px) 100vw, 800px\" \/><\/p>\n<p>&nbsp;<\/p>\n<p><span style=\"text-decoration: underline;\"><strong>Postergaci\u00f3n<\/strong><\/span><\/p>\n<p>&nbsp;<\/p>\n<p><strong>El intendente Ezequiel Galli hab\u00eda argumentado el <a href=\"https:\/\/cdnoticias.com\/index.php\/2022\/10\/05\/el-ejecutivo-pidio-un-mes-de-prorroga-para-la-presentacion-del-presupuesto-2023\/\" target=\"_blank\" rel=\"noopener\">pedido de postergaci\u00f3n<\/a><\/strong> para elevar el proyecto de Presupuesto 2023 en dos aspectos.<\/p>\n<p>&nbsp;<\/p>\n<p>Por un lado,<strong> apunt\u00f3 a que durante noviembre continuar\u00e1 la paritaria con el Sindicato de Trabajadores Municipales<\/strong> y, probablemente, los acuerdos que se alcancen tengan impacto en los gastos de los primeros meses del a\u00f1o pr\u00f3ximo.<\/p>\n<p>&nbsp;<\/p>\n<p>Por otro lado, hizo referencia a la <strong>situaci\u00f3n econ\u00f3mica nacional y a la falta de previsibilidad<\/strong> sobre el cierre del \u00cdndice de Precios al Consumidor para este a\u00f1o. En ese sentido, tambi\u00e9n se aludi\u00f3 a que la administraci\u00f3n bonaerense tampoco present\u00f3 el Presupuesto 2023 a trav\u00e9s del cual se conocer\u00e1n aspectos de la gesti\u00f3n, entre ellos, <a href=\"https:\/\/cdnoticias.com\/index.php\/2022\/10\/09\/numeros-que-se-sospechan-y-condicionan\/\" target=\"_blank\" rel=\"noopener\">lo que se prev\u00e9 para la coparticipaci\u00f3n<\/a>.<\/p>\n<p>&nbsp;<\/p>\n","protected":false},"excerpt":{"rendered":"<p>Sin discursos del oficialismo ni de la oposici\u00f3n, los concejales avalaron la solicitud del Ejecutivo. Adem\u00e1s, se celebr\u00f3 la aprobaci\u00f3n<\/p>\n","protected":false},"author":4,"featured_media":67128,"comment_status":"closed","ping_status":"closed","sticky":false,"template":"","format":"standard","meta":{"_jetpack_memberships_contains_paid_content":false,"footnotes":""},"categories":[4,1],"tags":[],"class_list":["post-67127","post","type-post","status-publish","format-standard","has-post-thumbnail","hentry","category-politica","category-portada"],"jetpack_featured_media_url":"https:\/\/i0.wp.com\/cdnoticias.com\/wp-content\/uploads\/2022\/10\/HCD-votacion.jpg?fit=800%2C445&ssl=1","jetpack_sharing_enabled":true,"_links":{"self":[{"href":"https:\/\/cdnoticias.com\/index.php\/wp-json\/wp\/v2\/posts\/67127","targetHints":{"allow":["GET"]}}],"collection":[{"href":"https:\/\/cdnoticias.com\/index.php\/wp-json\/wp\/v2\/posts"}],"about":[{"href":"https:\/\/cdnoticias.com\/index.php\/wp-json\/wp\/v2\/types\/post"}],"author":[{"embeddable":true,"href":"https:\/\/cdnoticias.com\/index.php\/wp-json\/wp\/v2\/users\/4"}],"replies":[{"embeddable":true,"href":"https:\/\/cdnoticias.com\/index.php\/wp-json\/wp\/v2\/comments?post=67127"}],"version-history":[{"count":0,"href":"https:\/\/cdnoticias.com\/index.php\/wp-json\/wp\/v2\/posts\/67127\/revisions"}],"wp:featuredmedia":[{"embeddable":true,"href":"https:\/\/cdnoticias.com\/index.php\/wp-json\/wp\/v2\/media\/67128"}],"wp:attachment":[{"href":"https:\/\/cdnoticias.com\/index.php\/wp-json\/wp\/v2\/media?parent=67127"}],"wp:term":[{"taxonomy":"category","embeddable":true,"href":"https:\/\/cdnoticias.com\/index.php\/wp-json\/wp\/v2\/categories?post=67127"},{"taxonomy":"post_tag","embeddable":true,"href":"https:\/\/cdnoticias.com\/index.php\/wp-json\/wp\/v2\/tags?post=67127"}],"curies":[{"name":"wp","href":"https:\/\/api.w.org\/{rel}","templated":true}]}}