{"id":67121,"date":"2022-10-13T13:30:20","date_gmt":"2022-10-13T16:30:20","guid":{"rendered":"https:\/\/www.centraldenoticias.com.ar\/?p=67121"},"modified":"2022-10-14T07:46:50","modified_gmt":"2022-10-14T10:46:50","slug":"paro-de-transporte-tienen-que-primar-las-mesas-de-dialogo","status":"publish","type":"post","link":"https:\/\/cdnoticias.com\/index.php\/2022\/10\/13\/paro-de-transporte-tienen-que-primar-las-mesas-de-dialogo\/","title":{"rendered":"Paro de Transporte: &#8220;Tienen que primar las mesas de di\u00e1logo&#8221;\u00a0"},"content":{"rendered":"<p>Luego del cruce en redes sociales, el ministro de Transporte Jorge D&#8217;Onofrio y el intendente Ezequiel Galli dialogaron personalmente.<!--more--><\/p>\n<hr \/>\n<p>\u201cPrimero entre hinchas de San Lorenzo no hay cruces \u00bfno?\u201d, brome\u00f3 el ministro de Transporte. \u201cEntiendo la posici\u00f3n del Intendente que plantea la defensa de las asimetr\u00edas que hay con el transporte del interior. <strong><a href=\"https:\/\/cdnoticias.com\/index.php\/2022\/10\/12\/galli-opino-del-paro-de-transporte-y-el-ministro-donofrio-le-respondio\/\" target=\"_blank\" rel=\"noopener\">Antes de contestarle por Twitter<\/a> lo llam\u00e9 para explicarle cu\u00e1l era la situaci\u00f3n que se estaba dando<\/strong>\u201d, asegur\u00f3.<\/p>\n<p>&nbsp;<\/p>\n<blockquote><p>\u201cLo que tienen ac\u00e1 no es un t\u00edtulo de que nos cruzamos, nos enojamos. Tienen dos funcionarios que trabajan para la gente\u201d.<\/p><\/blockquote>\n<p>&nbsp;<\/p>\n<p>En ese sentido, indic\u00f3 que \u201c<strong>la provincia est\u00e1 pagando lo que se est\u00e1 reclamando en el resto de las provincias<\/strong> y habr\u00e1 que ver en los pr\u00f3ximos d\u00edas si este paro en algunos municipios no en todos, fue o porque los empresarios no cumplieron habiendo tenido los fondos o porque el sindicalismo decidi\u00f3 ir adelante tambi\u00e9n con este paro en solidaridad con el resto de las provincias\u201d.<\/p>\n<p>&nbsp;<\/p>\n<p>\u201cLa provincia de Buenos Aires es la \u00fanica, despu\u00e9s del Pacto Fiscal de 2018 que <strong>est\u00e1 cumpliendo totalmente con sus obligaciones<\/strong> y cuando digo la provincia el esfuerzo lo hacemos todos, porque los impuestos los pagan todos los bonaerenses\u201d, agreg\u00f3.<\/p>\n<p>&nbsp;<\/p>\n<p><img data-recalc-dims=\"1\" loading=\"lazy\" decoding=\"async\" class=\"aligncenter size-full wp-image-67111\" src=\"https:\/\/i0.wp.com\/cdnoticias.com\/wp-content\/uploads\/2022\/10\/donofrio-pase-libre-transporte-02-scaled.jpg?resize=800%2C480&#038;ssl=1\" alt=\"\" width=\"800\" height=\"480\" srcset=\"https:\/\/i0.wp.com\/cdnoticias.com\/wp-content\/uploads\/2022\/10\/donofrio-pase-libre-transporte-02-scaled.jpg?w=2560&amp;ssl=1 2560w, https:\/\/i0.wp.com\/cdnoticias.com\/wp-content\/uploads\/2022\/10\/donofrio-pase-libre-transporte-02-scaled.jpg?resize=300%2C180&amp;ssl=1 300w, https:\/\/i0.wp.com\/cdnoticias.com\/wp-content\/uploads\/2022\/10\/donofrio-pase-libre-transporte-02-scaled.jpg?resize=1024%2C614&amp;ssl=1 1024w, https:\/\/i0.wp.com\/cdnoticias.com\/wp-content\/uploads\/2022\/10\/donofrio-pase-libre-transporte-02-scaled.jpg?resize=768%2C461&amp;ssl=1 768w, https:\/\/i0.wp.com\/cdnoticias.com\/wp-content\/uploads\/2022\/10\/donofrio-pase-libre-transporte-02-scaled.jpg?resize=1536%2C921&amp;ssl=1 1536w, https:\/\/i0.wp.com\/cdnoticias.com\/wp-content\/uploads\/2022\/10\/donofrio-pase-libre-transporte-02-scaled.jpg?resize=2048%2C1228&amp;ssl=1 2048w, https:\/\/i0.wp.com\/cdnoticias.com\/wp-content\/uploads\/2022\/10\/donofrio-pase-libre-transporte-02-scaled.jpg?w=1600&amp;ssl=1 1600w, https:\/\/i0.wp.com\/cdnoticias.com\/wp-content\/uploads\/2022\/10\/donofrio-pase-libre-transporte-02-scaled.jpg?w=2400&amp;ssl=1 2400w\" sizes=\"auto, (max-width: 800px) 100vw, 800px\" \/><\/p>\n<p>&nbsp;<\/p>\n<p>Por \u00faltimo, asegur\u00f3 que \u201cen ninguna parte del mundo el sistema de transporte es rentable, siempre el Estado tiene que auxiliar. Lo que siempre decimos \u2013y en esto seguro vamos a coincidir con el Intendente- podemos discutir cualquier cosa pero no tengamos la gente como reh\u00e9n\u201d.<\/p>\n<p>&nbsp;<\/p>\n<p>Por su parte, el Intendente <strong>valor\u00f3 el llamado del ministro<\/strong> y resalt\u00f3 que \u201cla cuesti\u00f3n es por qu\u00e9 hay una diferencia tan grande entre la tarifa del interior versus la tarifa de AMMBA, c\u00f3mo hacer para poder equiparar y eso termine redundando en una paritaria.<strong> Despu\u00e9s hay que ver a trav\u00e9s de los gremios, a trav\u00e9s de las c\u00e1maras, c\u00f3mo es que llega esa tarifa del subsidio al salario de los trabajadores<\/strong>\u201d.<\/p>\n<p>&nbsp;<\/p>\n<p><img data-recalc-dims=\"1\" loading=\"lazy\" decoding=\"async\" class=\"aligncenter size-full wp-image-67113\" src=\"https:\/\/i0.wp.com\/cdnoticias.com\/wp-content\/uploads\/2022\/10\/galli-pase-libre-transporte-scaled.jpg?resize=800%2C480&#038;ssl=1\" alt=\"\" width=\"800\" height=\"480\" srcset=\"https:\/\/i0.wp.com\/cdnoticias.com\/wp-content\/uploads\/2022\/10\/galli-pase-libre-transporte-scaled.jpg?w=2560&amp;ssl=1 2560w, https:\/\/i0.wp.com\/cdnoticias.com\/wp-content\/uploads\/2022\/10\/galli-pase-libre-transporte-scaled.jpg?resize=300%2C180&amp;ssl=1 300w, https:\/\/i0.wp.com\/cdnoticias.com\/wp-content\/uploads\/2022\/10\/galli-pase-libre-transporte-scaled.jpg?resize=1024%2C614&amp;ssl=1 1024w, https:\/\/i0.wp.com\/cdnoticias.com\/wp-content\/uploads\/2022\/10\/galli-pase-libre-transporte-scaled.jpg?resize=768%2C461&amp;ssl=1 768w, https:\/\/i0.wp.com\/cdnoticias.com\/wp-content\/uploads\/2022\/10\/galli-pase-libre-transporte-scaled.jpg?resize=1536%2C921&amp;ssl=1 1536w, https:\/\/i0.wp.com\/cdnoticias.com\/wp-content\/uploads\/2022\/10\/galli-pase-libre-transporte-scaled.jpg?resize=2048%2C1228&amp;ssl=1 2048w, https:\/\/i0.wp.com\/cdnoticias.com\/wp-content\/uploads\/2022\/10\/galli-pase-libre-transporte-scaled.jpg?w=1600&amp;ssl=1 1600w, https:\/\/i0.wp.com\/cdnoticias.com\/wp-content\/uploads\/2022\/10\/galli-pase-libre-transporte-scaled.jpg?w=2400&amp;ssl=1 2400w\" sizes=\"auto, (max-width: 800px) 100vw, 800px\" \/><\/p>\n<p>&nbsp;<\/p>\n<p>\u201cLo que a m\u00ed me trasladan los vecinos es que terminan siendo rehenes del trasporte p\u00fablico por una cuesti\u00f3n que hay que ajustar o trabajar en conjunto\u201d, se\u00f1al\u00f3 e indic\u00f3 respecto al paro de 48 horas que \u201c<strong>yo no soy quien para decir si es una medida adecuada o no.<\/strong> Creo que las mesas de di\u00e1logo son las que tienen que primar a la hora de discutir estas cuestiones para que el vecino siga teniendo el servicio, el trabajador cobre un salario digno, el empresario pueda recibir los subsidios en tiempo y forma, y podamos pensar en c\u00f3mo mejorar las condiciones del transporte y no estar evaluando si hay un paro de 48 o 72 horas\u201d.<\/p>\n<p>&nbsp;<\/p>\n<blockquote class=\"wp-embedded-content\" data-secret=\"4bHNTCWzvC\"><p><a href=\"https:\/\/cdnoticias.com\/index.php\/2022\/10\/13\/galli-y-donofrio-entregaron-pases-libres-de-transporte-para-personas-con-discapacidad\/\">Galli y D\u2019Onofrio entregaron pases libres de transporte para personas con discapacidad<\/a><\/p><\/blockquote>\n<p><iframe loading=\"lazy\" class=\"wp-embedded-content\" sandbox=\"allow-scripts\" security=\"restricted\" style=\"position: absolute; clip: rect(1px, 1px, 1px, 1px);\" title=\"&#8220;Galli y D\u2019Onofrio entregaron pases libres de transporte para personas con discapacidad&#8221; &#8212; Central de Noticias | Olavarr\u00eda\" src=\"https:\/\/cdnoticias.com\/index.php\/2022\/10\/13\/galli-y-donofrio-entregaron-pases-libres-de-transporte-para-personas-con-discapacidad\/embed\/#?secret=sY5jXqQWFk#?secret=4bHNTCWzvC\" data-secret=\"4bHNTCWzvC\" width=\"600\" height=\"338\" frameborder=\"0\" marginwidth=\"0\" marginheight=\"0\" scrolling=\"no\"><\/iframe><\/p>\n","protected":false},"excerpt":{"rendered":"<p>Luego del cruce en redes sociales, el ministro de Transporte Jorge D&#8217;Onofrio y el intendente Ezequiel Galli dialogaron personalmente.<\/p>\n","protected":false},"author":5,"featured_media":67112,"comment_status":"closed","ping_status":"closed","sticky":false,"template":"","format":"standard","meta":{"_jetpack_memberships_contains_paid_content":false,"footnotes":""},"categories":[5,1],"tags":[],"class_list":["post-67121","post","type-post","status-publish","format-standard","has-post-thumbnail","hentry","category-informacion-general","category-portada"],"jetpack_featured_media_url":"https:\/\/i0.wp.com\/cdnoticias.com\/wp-content\/uploads\/2022\/10\/galli-donofrio-pase-libre-transporte-scaled.jpg?fit=2560%2C1536&ssl=1","jetpack_sharing_enabled":true,"_links":{"self":[{"href":"https:\/\/cdnoticias.com\/index.php\/wp-json\/wp\/v2\/posts\/67121","targetHints":{"allow":["GET"]}}],"collection":[{"href":"https:\/\/cdnoticias.com\/index.php\/wp-json\/wp\/v2\/posts"}],"about":[{"href":"https:\/\/cdnoticias.com\/index.php\/wp-json\/wp\/v2\/types\/post"}],"author":[{"embeddable":true,"href":"https:\/\/cdnoticias.com\/index.php\/wp-json\/wp\/v2\/users\/5"}],"replies":[{"embeddable":true,"href":"https:\/\/cdnoticias.com\/index.php\/wp-json\/wp\/v2\/comments?post=67121"}],"version-history":[{"count":0,"href":"https:\/\/cdnoticias.com\/index.php\/wp-json\/wp\/v2\/posts\/67121\/revisions"}],"wp:featuredmedia":[{"embeddable":true,"href":"https:\/\/cdnoticias.com\/index.php\/wp-json\/wp\/v2\/media\/67112"}],"wp:attachment":[{"href":"https:\/\/cdnoticias.com\/index.php\/wp-json\/wp\/v2\/media?parent=67121"}],"wp:term":[{"taxonomy":"category","embeddable":true,"href":"https:\/\/cdnoticias.com\/index.php\/wp-json\/wp\/v2\/categories?post=67121"},{"taxonomy":"post_tag","embeddable":true,"href":"https:\/\/cdnoticias.com\/index.php\/wp-json\/wp\/v2\/tags?post=67121"}],"curies":[{"name":"wp","href":"https:\/\/api.w.org\/{rel}","templated":true}]}}