{"id":67109,"date":"2022-10-13T13:29:45","date_gmt":"2022-10-13T16:29:45","guid":{"rendered":"https:\/\/www.centraldenoticias.com.ar\/?p=67109"},"modified":"2022-10-13T16:33:38","modified_gmt":"2022-10-13T19:33:38","slug":"galli-y-donofrio-entregaron-pases-libres-de-transporte-para-personas-con-discapacidad","status":"publish","type":"post","link":"https:\/\/cdnoticias.com\/index.php\/2022\/10\/13\/galli-y-donofrio-entregaron-pases-libres-de-transporte-para-personas-con-discapacidad\/","title":{"rendered":"Galli y D\u2019Onofrio entregaron pases libres de transporte para personas con discapacidad"},"content":{"rendered":"<p>El Intendente y el ministro de Transporte provincial resaltaron el trabajo conjunto para lograr la entrega de 450 pases multimodales. El despu\u00e9s del cruce en Twitter, los controles de carga y un convenio con Trenes Argentinos.<!--more--><\/p>\n<hr \/>\n<p>Este jueves <strong>el intendente Ezequiel Galli y el ministro de Transporte de la provincia de Buenos Aires Jorge D\u00b4Onofrio,<\/strong> encabezaron el acto de <strong>entrega de 450 pases multimodales de transporte para personas adultas mayores y\/o con discapacidad.<\/strong> El encuentro se dio luego del cruce de los funcionarios en redes sociales a ra\u00edz del paro de transporte. <a href=\"https:\/\/cdnoticias.com\/index.php\/2022\/10\/13\/paro-de-transporte-tienen-que-primar-las-mesas-de-dialogo\/\" target=\"_blank\" rel=\"noopener\">&#8220;Antes de contestarle por Twitter lo llam\u00e9 para explicarle cu\u00e1l era la situaci\u00f3n que se estaba dando\u201d, asegur\u00f3 D\u2019Onofrio.<\/a><\/p>\n<p>&nbsp;<\/p>\n<p>Tambi\u00e9n estuvieron presentes el secretario de Desarrollo Humano y Calidad de Vida de la Municipalidad de Olavarr\u00eda Diego Robbiani, la subsecretaria de Derechos, Igualdad y Oportunidades Valeria Chiramberro, la referente del Programa de Promoci\u00f3n de Derechos para personas con discapacidad y personas mayores Romina Sponer y el director provincial de Transporte Miguel Bettili.<\/p>\n<p>&nbsp;<\/p>\n<p><img data-recalc-dims=\"1\" loading=\"lazy\" decoding=\"async\" class=\"aligncenter size-full wp-image-67116\" src=\"https:\/\/i0.wp.com\/cdnoticias.com\/wp-content\/uploads\/2022\/10\/pase-libre-transporte-03-scaled.jpg?resize=800%2C480&#038;ssl=1\" alt=\"\" width=\"800\" height=\"480\" srcset=\"https:\/\/i0.wp.com\/cdnoticias.com\/wp-content\/uploads\/2022\/10\/pase-libre-transporte-03-scaled.jpg?w=2560&amp;ssl=1 2560w, https:\/\/i0.wp.com\/cdnoticias.com\/wp-content\/uploads\/2022\/10\/pase-libre-transporte-03-scaled.jpg?resize=300%2C180&amp;ssl=1 300w, https:\/\/i0.wp.com\/cdnoticias.com\/wp-content\/uploads\/2022\/10\/pase-libre-transporte-03-scaled.jpg?resize=1024%2C614&amp;ssl=1 1024w, https:\/\/i0.wp.com\/cdnoticias.com\/wp-content\/uploads\/2022\/10\/pase-libre-transporte-03-scaled.jpg?resize=768%2C461&amp;ssl=1 768w, https:\/\/i0.wp.com\/cdnoticias.com\/wp-content\/uploads\/2022\/10\/pase-libre-transporte-03-scaled.jpg?resize=1536%2C922&amp;ssl=1 1536w, https:\/\/i0.wp.com\/cdnoticias.com\/wp-content\/uploads\/2022\/10\/pase-libre-transporte-03-scaled.jpg?resize=2048%2C1229&amp;ssl=1 2048w, https:\/\/i0.wp.com\/cdnoticias.com\/wp-content\/uploads\/2022\/10\/pase-libre-transporte-03-scaled.jpg?w=1600&amp;ssl=1 1600w, https:\/\/i0.wp.com\/cdnoticias.com\/wp-content\/uploads\/2022\/10\/pase-libre-transporte-03-scaled.jpg?w=2400&amp;ssl=1 2400w\" sizes=\"auto, (max-width: 800px) 100vw, 800px\" \/><\/p>\n<p>&nbsp;<\/p>\n<p>El pase de transporte multimodal es un instrumento que facilita el <strong>acceso libre y gratuito al transporte p\u00fablico<\/strong> a las personas con discapacidad dentro de la provincia de Buenos Aires, un beneficio que a nivel local se traduce tanto en los servicios internos como en los interurbanos que unen a las localidades serranas.<\/p>\n<p>&nbsp;<\/p>\n<p>\u201cEste acto es tan importante para tantos olavarrienses que van a acceder a este beneficio, este derecho que es el pase multimodal. <strong>En este caso, en Olavarr\u00eda incluye el transporte urbano e interurbano pero tambi\u00e9n es para poder viajar por alguna cuesti\u00f3n de necesidad o por alg\u00fan tema de la salud a otras ciudades como lo pueden ser La Plata o Buenos Aires.<\/strong> Realmente es una alegr\u00eda saber que podemos trabajar articuladamente con el Ministerio desde nuestra Secretar\u00eda de Desarrollo Humano y Calidad de Vida\u201d, enfatiz\u00f3 el intendente municipal Ezequiel Galli, quien adem\u00e1s celebr\u00f3 tambi\u00e9n las tareas de control que desde el mencionado Ministerio se realizan en torno a los transportes de carga que ingresan o egresan de nuestro Partido.<\/p>\n<p>&nbsp;<\/p>\n<p><img data-recalc-dims=\"1\" loading=\"lazy\" decoding=\"async\" class=\"aligncenter size-full wp-image-67117\" src=\"https:\/\/i0.wp.com\/cdnoticias.com\/wp-content\/uploads\/2022\/10\/pase-libre-transporte-04-scaled.jpg?resize=800%2C480&#038;ssl=1\" alt=\"\" width=\"800\" height=\"480\" srcset=\"https:\/\/i0.wp.com\/cdnoticias.com\/wp-content\/uploads\/2022\/10\/pase-libre-transporte-04-scaled.jpg?w=2560&amp;ssl=1 2560w, https:\/\/i0.wp.com\/cdnoticias.com\/wp-content\/uploads\/2022\/10\/pase-libre-transporte-04-scaled.jpg?resize=300%2C180&amp;ssl=1 300w, https:\/\/i0.wp.com\/cdnoticias.com\/wp-content\/uploads\/2022\/10\/pase-libre-transporte-04-scaled.jpg?resize=1024%2C614&amp;ssl=1 1024w, https:\/\/i0.wp.com\/cdnoticias.com\/wp-content\/uploads\/2022\/10\/pase-libre-transporte-04-scaled.jpg?resize=768%2C461&amp;ssl=1 768w, https:\/\/i0.wp.com\/cdnoticias.com\/wp-content\/uploads\/2022\/10\/pase-libre-transporte-04-scaled.jpg?resize=1536%2C921&amp;ssl=1 1536w, https:\/\/i0.wp.com\/cdnoticias.com\/wp-content\/uploads\/2022\/10\/pase-libre-transporte-04-scaled.jpg?resize=2048%2C1228&amp;ssl=1 2048w, https:\/\/i0.wp.com\/cdnoticias.com\/wp-content\/uploads\/2022\/10\/pase-libre-transporte-04-scaled.jpg?w=1600&amp;ssl=1 1600w, https:\/\/i0.wp.com\/cdnoticias.com\/wp-content\/uploads\/2022\/10\/pase-libre-transporte-04-scaled.jpg?w=2400&amp;ssl=1 2400w\" sizes=\"auto, (max-width: 800px) 100vw, 800px\" \/><\/p>\n<p>&nbsp;<\/p>\n<p>Por su parte, el ministro <strong>Jorge D\u00b4Onofrio<\/strong> a\u00f1adi\u00f3 que \u201ca veces solamente que haya una ley que reconozca un derecho que genera beneficios no alcanza si todos los que estamos involucrados en esta cadena no hacemos lo que lo que hay que hacer, ac\u00e1 es un gran ejemplo donde todo funciona y funciona muy bien\u201d, subray\u00f3.<\/p>\n<p>&nbsp;<\/p>\n<p>En ese marco explic\u00f3 como este beneficio se enmarca en la Ley Nacional de Discapacidad y se\u00f1al\u00f3 que \u201cel tr\u00e1mite se inicia desde el municipio, el municipio tiene que generar el certificado de discapacidad y ah\u00ed empieza toda la toda la historia\u201d. En este aspecto, <strong>resalt\u00f3 el trabajo realizado desde municipio<\/strong> para lograr la concreci\u00f3n del certificado y ayudar y acompa\u00f1ar en la inscripci\u00f3n a la p\u00e1gina de Transporte para poder generar este carnet.<\/p>\n<p>&nbsp;<\/p>\n<p>\u201cIndependientemente de la jurisdicci\u00f3n, sea nacional, provincial o municipal, lo importante es que la letra fr\u00eda de la ley se termine cumpliendo con la calidez que se tiene en el mano a mano y con el derecho que estamos satisfaciendo en este momento\u201d, subray\u00f3.<\/p>\n<p>&nbsp;<\/p>\n<p><img data-recalc-dims=\"1\" loading=\"lazy\" decoding=\"async\" class=\"aligncenter size-full wp-image-67118\" src=\"https:\/\/i0.wp.com\/cdnoticias.com\/wp-content\/uploads\/2022\/10\/pase-libre-transporte-05-scaled.jpg?resize=800%2C480&#038;ssl=1\" alt=\"\" width=\"800\" height=\"480\" srcset=\"https:\/\/i0.wp.com\/cdnoticias.com\/wp-content\/uploads\/2022\/10\/pase-libre-transporte-05-scaled.jpg?w=2560&amp;ssl=1 2560w, https:\/\/i0.wp.com\/cdnoticias.com\/wp-content\/uploads\/2022\/10\/pase-libre-transporte-05-scaled.jpg?resize=300%2C180&amp;ssl=1 300w, https:\/\/i0.wp.com\/cdnoticias.com\/wp-content\/uploads\/2022\/10\/pase-libre-transporte-05-scaled.jpg?resize=1024%2C614&amp;ssl=1 1024w, https:\/\/i0.wp.com\/cdnoticias.com\/wp-content\/uploads\/2022\/10\/pase-libre-transporte-05-scaled.jpg?resize=768%2C461&amp;ssl=1 768w, https:\/\/i0.wp.com\/cdnoticias.com\/wp-content\/uploads\/2022\/10\/pase-libre-transporte-05-scaled.jpg?resize=1536%2C922&amp;ssl=1 1536w, https:\/\/i0.wp.com\/cdnoticias.com\/wp-content\/uploads\/2022\/10\/pase-libre-transporte-05-scaled.jpg?resize=2048%2C1229&amp;ssl=1 2048w, https:\/\/i0.wp.com\/cdnoticias.com\/wp-content\/uploads\/2022\/10\/pase-libre-transporte-05-scaled.jpg?w=1600&amp;ssl=1 1600w, https:\/\/i0.wp.com\/cdnoticias.com\/wp-content\/uploads\/2022\/10\/pase-libre-transporte-05-scaled.jpg?w=2400&amp;ssl=1 2400w\" sizes=\"auto, (max-width: 800px) 100vw, 800px\" \/><\/p>\n<p>&nbsp;<\/p>\n<p><strong>Controles de carga y convenio con Trenes Argentinos <\/strong><\/p>\n<p>&nbsp;<\/p>\n<p>El ministro D\u2019Onofrio hizo referencia a los <a href=\"https:\/\/cdnoticias.com\/index.php\/2022\/10\/13\/arba-en-olavarria-operativo-en-grandes-cementeras-corralones-y-canteras\/\" target=\"_blank\" rel=\"noopener\">controles de carga<\/a> que se realizan de manera coordinada con ARBA, AFIP, la Direcci\u00f3n provincial de Vialidad y la subsecretar\u00eda de Miner\u00eda.<\/p>\n<p>&nbsp;<\/p>\n<p>\u201cUn cami\u00f3n que est\u00e9 por encima de la carga permitida es peligroso para la seguridad vial, tambi\u00e9n es grave porque nos rompe las rutas y todo lo que va por arriba de la carga permitida va en negro, con lo cual hay una evasi\u00f3n que nos resta recursos para atender a los sectores que m\u00e1s necesitan ser atendidos\u201d, asegur\u00f3.<\/p>\n<p>&nbsp;<\/p>\n<p>Por otra parte, adelant\u00f3 que \u201cantes de fin de a\u00f1o\u201d se podr\u00e1 concretar un<strong> convenio entre Trenes Argentinos y el Ministerio de Transporte de Naci\u00f3n para poder incluir ferrocarriles en el pase libre multimodal.<\/strong><\/p>\n","protected":false},"excerpt":{"rendered":"<p>El Intendente y el ministro de Transporte provincial resaltaron el trabajo conjunto para lograr la entrega de 450 pases multimodales.<\/p>\n","protected":false},"author":5,"featured_media":67115,"comment_status":"closed","ping_status":"closed","sticky":false,"template":"","format":"standard","meta":{"_jetpack_memberships_contains_paid_content":false,"footnotes":""},"categories":[5,1],"tags":[],"class_list":["post-67109","post","type-post","status-publish","format-standard","has-post-thumbnail","hentry","category-informacion-general","category-portada"],"jetpack_featured_media_url":"https:\/\/i0.wp.com\/cdnoticias.com\/wp-content\/uploads\/2022\/10\/pase-libre-transporte-02-scaled.jpg?fit=2560%2C1536&ssl=1","jetpack_sharing_enabled":true,"_links":{"self":[{"href":"https:\/\/cdnoticias.com\/index.php\/wp-json\/wp\/v2\/posts\/67109","targetHints":{"allow":["GET"]}}],"collection":[{"href":"https:\/\/cdnoticias.com\/index.php\/wp-json\/wp\/v2\/posts"}],"about":[{"href":"https:\/\/cdnoticias.com\/index.php\/wp-json\/wp\/v2\/types\/post"}],"author":[{"embeddable":true,"href":"https:\/\/cdnoticias.com\/index.php\/wp-json\/wp\/v2\/users\/5"}],"replies":[{"embeddable":true,"href":"https:\/\/cdnoticias.com\/index.php\/wp-json\/wp\/v2\/comments?post=67109"}],"version-history":[{"count":0,"href":"https:\/\/cdnoticias.com\/index.php\/wp-json\/wp\/v2\/posts\/67109\/revisions"}],"wp:featuredmedia":[{"embeddable":true,"href":"https:\/\/cdnoticias.com\/index.php\/wp-json\/wp\/v2\/media\/67115"}],"wp:attachment":[{"href":"https:\/\/cdnoticias.com\/index.php\/wp-json\/wp\/v2\/media?parent=67109"}],"wp:term":[{"taxonomy":"category","embeddable":true,"href":"https:\/\/cdnoticias.com\/index.php\/wp-json\/wp\/v2\/categories?post=67109"},{"taxonomy":"post_tag","embeddable":true,"href":"https:\/\/cdnoticias.com\/index.php\/wp-json\/wp\/v2\/tags?post=67109"}],"curies":[{"name":"wp","href":"https:\/\/api.w.org\/{rel}","templated":true}]}}