{"id":67090,"date":"2022-10-13T11:00:26","date_gmt":"2022-10-13T14:00:26","guid":{"rendered":"https:\/\/www.centraldenoticias.com.ar\/?p=67090"},"modified":"2022-10-13T14:57:04","modified_gmt":"2022-10-13T17:57:04","slug":"este-jueves-se-conmemora-el-dia-del-psicologo-y-la-psicologa","status":"publish","type":"post","link":"https:\/\/cdnoticias.com\/index.php\/2022\/10\/13\/este-jueves-se-conmemora-el-dia-del-psicologo-y-la-psicologa\/","title":{"rendered":"Este jueves se conmemora el D\u00eda del Psic\u00f3logo y la Psic\u00f3loga"},"content":{"rendered":"<p>El Consejo Directivo del Colegio de Psic\u00f3logos y Psic\u00f3logas de la provincia de Buenos Aires-Distrito VIII destac\u00f3 la fecha.<!--more--><\/p>\n<hr \/>\n<p><strong>El 13 de octubre de 1974 tuvo lugar el primer gran encuentro de psic\u00f3logos organizado por la COPRA (Confederaci\u00f3n de Psic\u00f3logos de la Rep\u00fablica Argentina)<\/strong> con el prop\u00f3sito de fortalecer el campo de la disciplina.<\/p>\n<p>&nbsp;<\/p>\n<p>Desde aquel hito hasta la dictadura ese proceso se afianz\u00f3 y sent\u00f3 buena parte de las bases de la psicolog\u00eda como pr\u00e1ctica profesional que culmin\u00f3 con la sanci\u00f3n de la Ley 23277 de Ejercicio Profesional de la Psicolog\u00eda.<\/p>\n<p>&nbsp;<\/p>\n<p>\u201cA partir de ese ordenamiento legal, el psic\u00f3logo adopt\u00f3 el mismo status profesional que el m\u00e9dico en su campo: dej\u00f3 de ser un vicario del psiquiatra y adquiri\u00f3 <strong>autonom\u00eda e incumbencia profesional propia<\/strong>. Un paso fundamental para legitimar el ejercicio de la disciplina\u201d se explic\u00f3.<\/p>\n<p>&nbsp;<\/p>\n<blockquote><p>Desde el Consejo Directivo del Colegio de Psic\u00f3logos y Psic\u00f3logas de la provincia de Buenos Aires-Distrito VIII se envi\u00f3 un \u201csaludo a todos colegas, invit\u00e1ndolos a ser parte de la vida institucional, porque la historia se cuenta y reescribe mejor cuando se hace de manera colectiva\u201d.<\/p><\/blockquote>\n<p>&nbsp;<\/p>\n<p>&nbsp;<\/p>\n","protected":false},"excerpt":{"rendered":"<p>El Consejo Directivo del Colegio de Psic\u00f3logos y Psic\u00f3logas de la provincia de Buenos Aires-Distrito VIII destac\u00f3 la fecha.<\/p>\n","protected":false},"author":4,"featured_media":67091,"comment_status":"closed","ping_status":"closed","sticky":false,"template":"","format":"standard","meta":{"_jetpack_memberships_contains_paid_content":false,"footnotes":""},"categories":[5],"tags":[],"class_list":["post-67090","post","type-post","status-publish","format-standard","has-post-thumbnail","hentry","category-informacion-general"],"jetpack_featured_media_url":"https:\/\/i0.wp.com\/cdnoticias.com\/wp-content\/uploads\/2022\/10\/consejo-de-psicologos.jpg?fit=800%2C445&ssl=1","jetpack_sharing_enabled":true,"_links":{"self":[{"href":"https:\/\/cdnoticias.com\/index.php\/wp-json\/wp\/v2\/posts\/67090","targetHints":{"allow":["GET"]}}],"collection":[{"href":"https:\/\/cdnoticias.com\/index.php\/wp-json\/wp\/v2\/posts"}],"about":[{"href":"https:\/\/cdnoticias.com\/index.php\/wp-json\/wp\/v2\/types\/post"}],"author":[{"embeddable":true,"href":"https:\/\/cdnoticias.com\/index.php\/wp-json\/wp\/v2\/users\/4"}],"replies":[{"embeddable":true,"href":"https:\/\/cdnoticias.com\/index.php\/wp-json\/wp\/v2\/comments?post=67090"}],"version-history":[{"count":0,"href":"https:\/\/cdnoticias.com\/index.php\/wp-json\/wp\/v2\/posts\/67090\/revisions"}],"wp:featuredmedia":[{"embeddable":true,"href":"https:\/\/cdnoticias.com\/index.php\/wp-json\/wp\/v2\/media\/67091"}],"wp:attachment":[{"href":"https:\/\/cdnoticias.com\/index.php\/wp-json\/wp\/v2\/media?parent=67090"}],"wp:term":[{"taxonomy":"category","embeddable":true,"href":"https:\/\/cdnoticias.com\/index.php\/wp-json\/wp\/v2\/categories?post=67090"},{"taxonomy":"post_tag","embeddable":true,"href":"https:\/\/cdnoticias.com\/index.php\/wp-json\/wp\/v2\/tags?post=67090"}],"curies":[{"name":"wp","href":"https:\/\/api.w.org\/{rel}","templated":true}]}}