{"id":67011,"date":"2022-10-12T17:13:58","date_gmt":"2022-10-12T20:13:58","guid":{"rendered":"https:\/\/www.centraldenoticias.com.ar\/?p=67011"},"modified":"2022-10-17T07:43:07","modified_gmt":"2022-10-17T10:43:07","slug":"tras-los-cruces-en-redes-galli-recibio-a-concejales-del-frente-de-todos","status":"publish","type":"post","link":"https:\/\/cdnoticias.com\/index.php\/2022\/10\/12\/tras-los-cruces-en-redes-galli-recibio-a-concejales-del-frente-de-todos\/","title":{"rendered":"Tras los cruces en redes, Galli recibi\u00f3 a concejales del Frente de Todos"},"content":{"rendered":"<p>Fue en la ma\u00f1ana de este mi\u00e9rcoles, en el Palacio San Mart\u00edn. Hubo di\u00e1logo sobre varios temas \u201crelacionados a la actualidad del Partido de Olavarr\u00eda\u201d. <!--more--><\/p>\n<hr \/>\n<p>En la ma\u00f1ana de este mi\u00e9rcoles, y luego de <strong>dos pol\u00e9micas en redes sociales entre dirigentes del Frente de Todos y el Intendente Galli, el jefe comunal recibi\u00f3 al interbloque del Frente de Todos en el Palacio San Mart\u00edn<\/strong>, donde dialogaron sobre varios temas de actualidad referidos al distrito.<\/p>\n<p>&nbsp;<\/p>\n<blockquote><p>Participaron, adem\u00e1s de Galli, el \u201cpuente\u201d entre el Ejecutivo y el \u00e1mbito Deliberativo, Ferm\u00edn Ferreira, y las concejalas Mercedes Land\u00edvar (presidenta del Interbloque), Natalia \u00c1lvarez, In\u00e9s Creimer y Telma Cazot, y los concejales Gast\u00f3n Sarachu, Ubaldo Garc\u00eda y Juan S\u00e1nchez. Estuvo ausente Maximiliano Wesner.<\/p><\/blockquote>\n<p>&nbsp;<\/p>\n<blockquote class=\"wp-embedded-content\" data-secret=\"moX1pBU3yu\"><p><a href=\"https:\/\/cdnoticias.com\/index.php\/2022\/10\/10\/cesar-valicenti-le-respondio-al-intendente-galli-por-los-dichos-contra-kicillof\/\">C\u00e9sar Valicenti le respondi\u00f3 al Intendente Galli por los dichos contra Kicillof<\/a><\/p><\/blockquote>\n<p><iframe loading=\"lazy\" class=\"wp-embedded-content\" sandbox=\"allow-scripts\" security=\"restricted\" style=\"position: absolute; clip: rect(1px, 1px, 1px, 1px);\" title=\"&#8220;C\u00e9sar Valicenti le respondi\u00f3 al Intendente Galli por los dichos contra Kicillof&#8221; &#8212; Central de Noticias | Olavarr\u00eda\" src=\"https:\/\/cdnoticias.com\/index.php\/2022\/10\/10\/cesar-valicenti-le-respondio-al-intendente-galli-por-los-dichos-contra-kicillof\/embed\/#?secret=cX1o96PC5H#?secret=moX1pBU3yu\" data-secret=\"moX1pBU3yu\" width=\"600\" height=\"338\" frameborder=\"0\" marginwidth=\"0\" marginheight=\"0\" scrolling=\"no\"><\/iframe><\/p>\n<p>&nbsp;<\/p>\n<blockquote class=\"wp-embedded-content\" data-secret=\"uaIRzp2Ghu\"><p><a href=\"https:\/\/cdnoticias.com\/index.php\/2022\/10\/10\/galli-cruzo-a-axel-kicillof-no-le-mienta-a-los-vecinos\/\">Galli cruz\u00f3 a Axel Kicillof: &#8220;no le mienta a los vecinos&#8221;<\/a><\/p><\/blockquote>\n<p><iframe loading=\"lazy\" class=\"wp-embedded-content\" sandbox=\"allow-scripts\" security=\"restricted\" style=\"position: absolute; clip: rect(1px, 1px, 1px, 1px);\" title=\"&#8220;Galli cruz\u00f3 a Axel Kicillof: &#8220;no le mienta a los vecinos&#8221;&#8221; &#8212; Central de Noticias | Olavarr\u00eda\" src=\"https:\/\/cdnoticias.com\/index.php\/2022\/10\/10\/galli-cruzo-a-axel-kicillof-no-le-mienta-a-los-vecinos\/embed\/#?secret=99Hz5wC6GO#?secret=uaIRzp2Ghu\" data-secret=\"uaIRzp2Ghu\" width=\"600\" height=\"338\" frameborder=\"0\" marginwidth=\"0\" marginheight=\"0\" scrolling=\"no\"><\/iframe><\/p>\n<p>&nbsp;<\/p>\n<p>En di\u00e1logo con <strong>Central de Noticias<\/strong>, participantes del encuentro se\u00f1alaron que m\u00e1s all\u00e1 de lo sucedido los \u00faltimos d\u00edas (con cruces en Twitter entre Valicenti y Galli y luego se sumaron otros funcionarios y dirigentes) <strong>el encuentro fue \u201ccordial\u201d y \u201cen muy buenos t\u00e9rminos\u201d.<\/strong><\/p>\n<p>&nbsp;<\/p>\n<p>Galli dijo en Twitter que la reuni\u00f3n sirvi\u00f3 para abordar <em>\u201cdiferentes tem\u00e1ticas que tienen que ver con la actualidad del Partido de Olavarr\u00eda\u201d<\/em> y <strong><em>\u201cdialogamos sobre la manera de trabajar articuladamente con situaciones del d\u00eda a d\u00eda de la gesti\u00f3n y el HCD\u201d.<\/em><\/strong><\/p>\n<p>&nbsp;<\/p>\n<blockquote class=\"twitter-tweet\">\n<p dir=\"ltr\" lang=\"es\">En la ma\u00f1ana de este mi\u00e9rcoles, mantuvimos una reuni\u00f3n de trabajo con integrantes del Interbloque del Frente de Todos y abordamos diferentes tem\u00e1ticas que tienen que ver con la actualidad del Partido de <a href=\"https:\/\/twitter.com\/hashtag\/Olavarr%C3%ADa?src=hash&amp;ref_src=twsrc%5Etfw\">#Olavarr\u00eda<\/a> <a href=\"https:\/\/t.co\/zdjC1ucbl4\">pic.twitter.com\/zdjC1ucbl4<\/a><\/p>\n<p>\u2014 Ezequiel Galli (@ezequielgalli) <a href=\"https:\/\/twitter.com\/ezequielgalli\/status\/1580240888537944064?ref_src=twsrc%5Etfw\">October 12, 2022<\/a><\/p><\/blockquote>\n<p><script async src=\"https:\/\/platform.twitter.com\/widgets.js\" charset=\"utf-8\"><\/script><\/p>\n<p>&nbsp;<\/p>\n<p>Desde el Frente de Todos, por su parte, se plantearon algunas cuestiones vinculadas<em> \u201ccon la demora o directamente la no contestaci\u00f3n de pedidos de informes\u201d.<\/em><\/p>\n<p>&nbsp;<\/p>\n<p>Tambi\u00e9n<strong> se habl\u00f3 de la causa terrenos, particularmente \u201csi el Intendente ten\u00eda alguna novedad el municipio como particular damnificado\u201d.<\/strong> De todas maneras, se insisti\u00f3 en que el di\u00e1logo \u201cfue cordial, en buenos t\u00e9rminos\u201d.<\/p>\n","protected":false},"excerpt":{"rendered":"<p>Fue en la ma\u00f1ana de este mi\u00e9rcoles, en el Palacio San Mart\u00edn. Hubo di\u00e1logo sobre varios temas \u201crelacionados a la<\/p>\n","protected":false},"author":2,"featured_media":67012,"comment_status":"closed","ping_status":"closed","sticky":false,"template":"","format":"standard","meta":{"_jetpack_memberships_contains_paid_content":false,"footnotes":""},"categories":[4,1],"tags":[],"class_list":["post-67011","post","type-post","status-publish","format-standard","has-post-thumbnail","hentry","category-politica","category-portada"],"jetpack_featured_media_url":"https:\/\/i0.wp.com\/cdnoticias.com\/wp-content\/uploads\/2022\/10\/reunion-galli-fdt.jpg?fit=1280%2C853&ssl=1","jetpack_sharing_enabled":true,"_links":{"self":[{"href":"https:\/\/cdnoticias.com\/index.php\/wp-json\/wp\/v2\/posts\/67011","targetHints":{"allow":["GET"]}}],"collection":[{"href":"https:\/\/cdnoticias.com\/index.php\/wp-json\/wp\/v2\/posts"}],"about":[{"href":"https:\/\/cdnoticias.com\/index.php\/wp-json\/wp\/v2\/types\/post"}],"author":[{"embeddable":true,"href":"https:\/\/cdnoticias.com\/index.php\/wp-json\/wp\/v2\/users\/2"}],"replies":[{"embeddable":true,"href":"https:\/\/cdnoticias.com\/index.php\/wp-json\/wp\/v2\/comments?post=67011"}],"version-history":[{"count":0,"href":"https:\/\/cdnoticias.com\/index.php\/wp-json\/wp\/v2\/posts\/67011\/revisions"}],"wp:featuredmedia":[{"embeddable":true,"href":"https:\/\/cdnoticias.com\/index.php\/wp-json\/wp\/v2\/media\/67012"}],"wp:attachment":[{"href":"https:\/\/cdnoticias.com\/index.php\/wp-json\/wp\/v2\/media?parent=67011"}],"wp:term":[{"taxonomy":"category","embeddable":true,"href":"https:\/\/cdnoticias.com\/index.php\/wp-json\/wp\/v2\/categories?post=67011"},{"taxonomy":"post_tag","embeddable":true,"href":"https:\/\/cdnoticias.com\/index.php\/wp-json\/wp\/v2\/tags?post=67011"}],"curies":[{"name":"wp","href":"https:\/\/api.w.org\/{rel}","templated":true}]}}