{"id":66998,"date":"2022-10-12T14:02:32","date_gmt":"2022-10-12T17:02:32","guid":{"rendered":"https:\/\/www.centraldenoticias.com.ar\/?p=66998"},"modified":"2022-10-12T17:14:12","modified_gmt":"2022-10-12T20:14:12","slug":"presupuesto-2023-el-hcd-tratara-sobre-tablas-el-pedido-de-prorroga","status":"publish","type":"post","link":"https:\/\/cdnoticias.com\/index.php\/2022\/10\/12\/presupuesto-2023-el-hcd-tratara-sobre-tablas-el-pedido-de-prorroga\/","title":{"rendered":"Presupuesto 2023: el HCD tratar\u00e1 sobre tablas el pedido de pr\u00f3rroga"},"content":{"rendered":"<p>Este jueves sesionar\u00e1 el Concejo y ya se defini\u00f3 el orden del d\u00eda. Uno de los temas en debate ser\u00e1 la colocaci\u00f3n de publicidad en el transporte p\u00fablico de pasajeros de Olavarr\u00eda.<!--more--><\/p>\n<hr \/>\n<p><strong>Presidida por Cecilia Krivochen se desarroll\u00f3 este mi\u00e9rcoles la reuni\u00f3n de Labor Parlamentaria previa a la 14\u00b0 sesi\u00f3n ordinaria del HCD<\/strong> que tendr\u00e1 lugar este jueves desde las 9 horas en el sal\u00f3n de la Sociedad Espa\u00f1ola.<\/p>\n<p>&nbsp;<\/p>\n<p>Por unanimidad <strong>se determin\u00f3 que el proyecto de ordenanza presentado por el intendente Galli solicitando la pr\u00f3rroga en la presentaci\u00f3n del presupuesto 2023 sea tratado sobre tablas<\/strong>.<\/p>\n<p>&nbsp;<\/p>\n<p>De la reuni\u00f3n tomaron parte <em>Mart\u00edn Endere, presidente del bloque Juntos; Mercedes Land\u00edvar, presidenta del bloque Frente de Todos; In\u00e9s Creimer, presidenta del bloque Foro Olavarr\u00eda-FR en el Frente de Todos; Celeste Arouxet, presidenta del bloque Ahora Olavarr\u00eda y Sebasti\u00e1n Matrella, presidente del bloque UCR-Juntos<\/em>.<\/p>\n<p>&nbsp;<\/p>\n<p>En el inicio de la reuni\u00f3n adem\u00e1s quedaron establecidas las comisiones a las que ser\u00e1n remitidos los expedientes ingresados en t\u00e9rmino reglamentario, son 24 en total y en su mayor\u00eda, se trata de proyectos de ordenanza remitidos por el Departamento Ejecutivo Municipal.<\/p>\n<p>&nbsp;<\/p>\n<p><img data-recalc-dims=\"1\" loading=\"lazy\" decoding=\"async\" class=\"size-full wp-image-66999 aligncenter\" src=\"https:\/\/i0.wp.com\/cdnoticias.com\/wp-content\/uploads\/2022\/10\/HCD-labor-parlamentaria-0.jpg?resize=800%2C445&#038;ssl=1\" alt=\"\" width=\"800\" height=\"445\" srcset=\"https:\/\/i0.wp.com\/cdnoticias.com\/wp-content\/uploads\/2022\/10\/HCD-labor-parlamentaria-0.jpg?w=800&amp;ssl=1 800w, https:\/\/i0.wp.com\/cdnoticias.com\/wp-content\/uploads\/2022\/10\/HCD-labor-parlamentaria-0.jpg?resize=300%2C167&amp;ssl=1 300w, https:\/\/i0.wp.com\/cdnoticias.com\/wp-content\/uploads\/2022\/10\/HCD-labor-parlamentaria-0.jpg?resize=768%2C427&amp;ssl=1 768w\" sizes=\"auto, (max-width: 800px) 100vw, 800px\" \/><\/p>\n<p>&nbsp;<\/p>\n<p>Por otro lado, ya en el orden del d\u00eda de la sesi\u00f3n, <strong>este jueves se pondr\u00e1n en consideraci\u00f3n y de manera conjunta cinco proyectos de ordenanza referidos a la donaci\u00f3n de inmuebles<\/strong> a vecinos y vecinas del Partido de Olavarr\u00eda. Sancionado el instrumento normativo se podr\u00e1 continuar con el proceso de escrituraci\u00f3n de dichos inmuebles.\u00a0 Adem\u00e1s, durante la 14\u00b0 sesi\u00f3n ordinaria tendr\u00e1n tratamiento otros cuatro proyectos con despacho de la comisi\u00f3n de Legislaci\u00f3n, entre ellos, <strong>un proyecto de ordenanza que regula la colocaci\u00f3n de publicidad en el transporte p\u00fablico de pasajeros<\/strong> y la <a href=\"https:\/\/cdnoticias.com\/index.php\/2022\/10\/12\/el-concejo-tratara-los-proyectos-de-ficha-limpia\/\" target=\"_blank\" rel=\"noopener\">implementaci\u00f3n de \u201cFicha Limpia\u201d<\/a>.<\/p>\n<p>&nbsp;<\/p>\n<p>Ser\u00e1n, entonces, nueve los proyectos que se tratar\u00e1n el jueves y que tienen despacho de la comisi\u00f3n de Legislaci\u00f3n.<\/p>\n<p>&nbsp;<\/p>\n<p>Por otro lado, en la sala de sesiones se les dar\u00e1 tratamiento a<strong> 28 proyectos sobre tablas.<\/strong> Se trata de expedientes que fueron ingresados en t\u00e9rmino reglamentario y por su naturaleza se omite el tratamiento en comisi\u00f3n. Son 20 proyectos de resoluci\u00f3n, 5 comunicaciones, 2 pedidos de informes y una ordenanza.<\/p>\n<p>&nbsp;<\/p>\n<p>Esta \u00faltima es la referida a la pr\u00f3rroga para la presentaci\u00f3n del <a href=\"https:\/\/cdnoticias.com\/index.php\/2022\/10\/05\/el-ejecutivo-pidio-un-mes-de-prorroga-para-la-presentacion-del-presupuesto-2023\/\" target=\"_blank\" rel=\"noopener\">presupuesto 2023 presentada por el intendente Ezequiel Galli la semana pasada<\/a>.<\/p>\n<p>&nbsp;<\/p>\n<p>De esta manera, y al sumar los expedientes despachados y los sobre tablas, <strong>durante la 14\u00aa sesi\u00f3n ordinaria se tratar\u00e1n un total de 37 proyectos.<\/strong><\/p>\n<blockquote class=\"wp-embedded-content\" data-secret=\"2o7CVryKCj\"><p><a href=\"https:\/\/cdnoticias.com\/index.php\/2022\/10\/09\/numeros-que-se-sospechan-y-condicionan\/\">N\u00fameros que se sospechan y condicionan<\/a><\/p><\/blockquote>\n<p><iframe loading=\"lazy\" class=\"wp-embedded-content\" sandbox=\"allow-scripts\" security=\"restricted\" style=\"position: absolute; clip: rect(1px, 1px, 1px, 1px);\" title=\"&#8220;N\u00fameros que se sospechan y condicionan&#8221; &#8212; Central de Noticias | Olavarr\u00eda\" src=\"https:\/\/cdnoticias.com\/index.php\/2022\/10\/09\/numeros-que-se-sospechan-y-condicionan\/embed\/#?secret=hjrEDoXn25#?secret=2o7CVryKCj\" data-secret=\"2o7CVryKCj\" width=\"600\" height=\"338\" frameborder=\"0\" marginwidth=\"0\" marginheight=\"0\" scrolling=\"no\"><\/iframe><\/p>\n<p>&nbsp;<\/p>\n","protected":false},"excerpt":{"rendered":"<p>Este jueves sesionar\u00e1 el Concejo y ya se defini\u00f3 el orden del d\u00eda. Uno de los temas en debate ser\u00e1<\/p>\n","protected":false},"author":4,"featured_media":67000,"comment_status":"closed","ping_status":"closed","sticky":false,"template":"","format":"standard","meta":{"_jetpack_memberships_contains_paid_content":false,"footnotes":""},"categories":[4,1],"tags":[],"class_list":["post-66998","post","type-post","status-publish","format-standard","has-post-thumbnail","hentry","category-politica","category-portada"],"jetpack_featured_media_url":"https:\/\/i0.wp.com\/cdnoticias.com\/wp-content\/uploads\/2022\/10\/HCD-labor-parlamentaria-1.jpg?fit=800%2C445&ssl=1","jetpack_sharing_enabled":true,"_links":{"self":[{"href":"https:\/\/cdnoticias.com\/index.php\/wp-json\/wp\/v2\/posts\/66998","targetHints":{"allow":["GET"]}}],"collection":[{"href":"https:\/\/cdnoticias.com\/index.php\/wp-json\/wp\/v2\/posts"}],"about":[{"href":"https:\/\/cdnoticias.com\/index.php\/wp-json\/wp\/v2\/types\/post"}],"author":[{"embeddable":true,"href":"https:\/\/cdnoticias.com\/index.php\/wp-json\/wp\/v2\/users\/4"}],"replies":[{"embeddable":true,"href":"https:\/\/cdnoticias.com\/index.php\/wp-json\/wp\/v2\/comments?post=66998"}],"version-history":[{"count":0,"href":"https:\/\/cdnoticias.com\/index.php\/wp-json\/wp\/v2\/posts\/66998\/revisions"}],"wp:featuredmedia":[{"embeddable":true,"href":"https:\/\/cdnoticias.com\/index.php\/wp-json\/wp\/v2\/media\/67000"}],"wp:attachment":[{"href":"https:\/\/cdnoticias.com\/index.php\/wp-json\/wp\/v2\/media?parent=66998"}],"wp:term":[{"taxonomy":"category","embeddable":true,"href":"https:\/\/cdnoticias.com\/index.php\/wp-json\/wp\/v2\/categories?post=66998"},{"taxonomy":"post_tag","embeddable":true,"href":"https:\/\/cdnoticias.com\/index.php\/wp-json\/wp\/v2\/tags?post=66998"}],"curies":[{"name":"wp","href":"https:\/\/api.w.org\/{rel}","templated":true}]}}