{"id":66974,"date":"2022-10-12T11:34:06","date_gmt":"2022-10-12T14:34:06","guid":{"rendered":"https:\/\/www.centraldenoticias.com.ar\/?p=66974"},"modified":"2022-10-12T11:56:43","modified_gmt":"2022-10-12T14:56:43","slug":"galli-opino-del-paro-de-transporte-y-el-ministro-donofrio-le-respondio","status":"publish","type":"post","link":"https:\/\/cdnoticias.com\/index.php\/2022\/10\/12\/galli-opino-del-paro-de-transporte-y-el-ministro-donofrio-le-respondio\/","title":{"rendered":"Galli opin\u00f3 del paro de transporte y el ministro D\u00b4Onofrio le respondi\u00f3"},"content":{"rendered":"<p>El Intendente pidi\u00f3 \u201csubsidios equitativos\u201d y dijo que los trabajadores son \u201crehenes\u201d. El titular de Transporte bonaerense asegur\u00f3 que hubo \u201cun esfuerzo\u201d para incrementarlos.<!--more--><\/p>\n<hr \/>\n<p><strong>Nuevamente Ezequiel Galli <a href=\"https:\/\/cdnoticias.com\/index.php\/2022\/10\/10\/galli-cruzo-a-axel-kicillof-no-le-mienta-a-los-vecinos\/\" target=\"_blank\" rel=\"noopener\">apunt\u00f3 contra la gesti\u00f3n provincial<\/a> y hubo respuesta<\/strong>: el <strong>paro de transporte p\u00fablico<\/strong> fue el eje y el ministro provincial Jorge D\u00b4Onofrio se hizo eco de la declaraci\u00f3n.<\/p>\n<p>&nbsp;<\/p>\n<p><strong>El Intendente pidi\u00f3 \u201csubsidios equitativos\u201d<\/strong> entre el interior y el AMBA, y <strong>dijo que los trabajadores son \u201crehenes de la inoperancia del Estado\u201d<\/strong>. Se refiri\u00f3 con ello al argumento de las empresas en el conflicto con el sindicato UTA:<a href=\"https:\/\/cdnoticias.com\/index.php\/2022\/10\/11\/paro-de-transporte-sin-acuerdo-los-colectivos-de-olavarria-no-funcionaran-por-48-horas\/\" target=\"_blank\" rel=\"noopener\"> la falta de acuerdo salarial deriv\u00f3 en la medida de fuerza que paraliz\u00f3 el transporte por 48 horas en gran parte del pa\u00eds<\/a>.<\/p>\n<p>&nbsp;<\/p>\n<p><strong>El ministro de Transporte bonaerense le respondi\u00f3 la publicaci\u00f3n en la red Twitter.<\/strong> <em>\u201cEn el caso de la provincia de Buenos Aires se ha hecho el esfuerzo de incrementar subsidios llegando a una proporci\u00f3n 70% PBA y 30% Naci\u00f3n\u201d<\/em>.<\/p>\n<p>&nbsp;<\/p>\n<p>En ese punto, <strong>D\u00b4Onofrio busc\u00f3 contrarrestar los dichos de Galli y tambi\u00e9n la postura de la c\u00e1mara FATAP<\/strong> al asegurar que \u201clos empresarios del interior est\u00e1n en condiciones de pagar los aumentos convenidos con la UTA\u201d.<\/p>\n<p>&nbsp;<\/p>\n<blockquote class=\"twitter-tweet\">\n<p dir=\"ltr\" lang=\"es\">Estimado Intendente, en el caso de la Provincia de Buenos Aires se ha hecho el esfuerzo de incrementar subsidios llegando a una proporci\u00f3n de 70% PBA y 30% Nacion<br \/>\nLos empresarios del interior est\u00e1n en condiciones de pagar los aumentos convenidos con la UTA<\/p>\n<p>\u2014 Jorge D\u00b4Onofrio (@donofriojorge) <a href=\"https:\/\/twitter.com\/donofriojorge\/status\/1580196928792727552?ref_src=twsrc%5Etfw\">October 12, 2022<\/a><\/p><\/blockquote>\n<p><script async src=\"https:\/\/platform.twitter.com\/widgets.js\" charset=\"utf-8\"><\/script><\/p>\n","protected":false},"excerpt":{"rendered":"<p>El Intendente pidi\u00f3 \u201csubsidios equitativos\u201d y dijo que los trabajadores son \u201crehenes\u201d. El titular de Transporte bonaerense asegur\u00f3 que hubo<\/p>\n","protected":false},"author":4,"featured_media":66975,"comment_status":"closed","ping_status":"closed","sticky":false,"template":"","format":"standard","meta":{"_jetpack_memberships_contains_paid_content":false,"footnotes":""},"categories":[4,1],"tags":[],"class_list":["post-66974","post","type-post","status-publish","format-standard","has-post-thumbnail","hentry","category-politica","category-portada"],"jetpack_featured_media_url":"https:\/\/i0.wp.com\/cdnoticias.com\/wp-content\/uploads\/2022\/10\/galli-donofrio.jpg?fit=800%2C445&ssl=1","jetpack_sharing_enabled":true,"_links":{"self":[{"href":"https:\/\/cdnoticias.com\/index.php\/wp-json\/wp\/v2\/posts\/66974","targetHints":{"allow":["GET"]}}],"collection":[{"href":"https:\/\/cdnoticias.com\/index.php\/wp-json\/wp\/v2\/posts"}],"about":[{"href":"https:\/\/cdnoticias.com\/index.php\/wp-json\/wp\/v2\/types\/post"}],"author":[{"embeddable":true,"href":"https:\/\/cdnoticias.com\/index.php\/wp-json\/wp\/v2\/users\/4"}],"replies":[{"embeddable":true,"href":"https:\/\/cdnoticias.com\/index.php\/wp-json\/wp\/v2\/comments?post=66974"}],"version-history":[{"count":0,"href":"https:\/\/cdnoticias.com\/index.php\/wp-json\/wp\/v2\/posts\/66974\/revisions"}],"wp:featuredmedia":[{"embeddable":true,"href":"https:\/\/cdnoticias.com\/index.php\/wp-json\/wp\/v2\/media\/66975"}],"wp:attachment":[{"href":"https:\/\/cdnoticias.com\/index.php\/wp-json\/wp\/v2\/media?parent=66974"}],"wp:term":[{"taxonomy":"category","embeddable":true,"href":"https:\/\/cdnoticias.com\/index.php\/wp-json\/wp\/v2\/categories?post=66974"},{"taxonomy":"post_tag","embeddable":true,"href":"https:\/\/cdnoticias.com\/index.php\/wp-json\/wp\/v2\/tags?post=66974"}],"curies":[{"name":"wp","href":"https:\/\/api.w.org\/{rel}","templated":true}]}}