{"id":66954,"date":"2022-10-12T10:14:39","date_gmt":"2022-10-12T13:14:39","guid":{"rendered":"https:\/\/www.centraldenoticias.com.ar\/?p=66954"},"modified":"2022-10-12T10:14:39","modified_gmt":"2022-10-12T13:14:39","slug":"dia-de-la-diversidad-cultural-este-miercoles-presentacion-en-el-paseo-mendia","status":"publish","type":"post","link":"https:\/\/cdnoticias.com\/index.php\/2022\/10\/12\/dia-de-la-diversidad-cultural-este-miercoles-presentacion-en-el-paseo-mendia\/","title":{"rendered":"D\u00eda de la Diversidad Cultural: este mi\u00e9rcoles, presentaci\u00f3n en el Paseo Mend\u00eda"},"content":{"rendered":"<p>Estudiantes y docentes de la Modalidad de Educaci\u00f3n de Adultos junto al Centro de Investigaci\u00f3n e Innovaci\u00f3n Educativa levar\u00e1n adelante una exposici\u00f3n desde las 16.<!--more--><\/p>\n<hr \/>\n<p><strong>La Direcci\u00f3n de Educaci\u00f3n de Regi\u00f3n 25 anunci\u00f3 una presentaci\u00f3n en el \u201cPaseo Jes\u00fas Mend\u00eda\u201d<\/strong> este mi\u00e9rcoles para conmemorar el <strong>D\u00eda de la Diversidad Cultural<\/strong>.<\/p>\n<p>&nbsp;<\/p>\n<p><em>\u201c\u00bfQui\u00e9n somos? \u00bfDe d\u00f3nde venimos? \u00bfHacia d\u00f3nde vamos?\u201d<\/em> son las preguntas que gu\u00edan la propuesta de este evento que se llevar\u00e1 a cabo <strong>este mi\u00e9rcoles a las 16 horas en el paseo Jes\u00fas Mend\u00eda y se extender\u00e1 hasta las 18 horas<\/strong>.<\/p>\n<p>&nbsp;<\/p>\n<p><strong>Estudiantes y docentes de la Modalidad de Educaci\u00f3n de Adultos<\/strong> (primaria y secundaria) junto al <strong>Centro de Investigaci\u00f3n e Innovaci\u00f3n Educativa<\/strong> (CIIE) llevar\u00e1n adelante una exposici\u00f3n hacia la comunidad, sobre las diferentes actividades que realizaron en cada instituci\u00f3n para conmemorar el D\u00eda del Respeto a la Diversidad Cultural.<\/p>\n<p>&nbsp;<\/p>\n<p>La <strong>exposici\u00f3n es libre y gratuita<\/strong>, para todo p\u00fablico y contar\u00e1 con la presencia de <strong>danzas cl\u00e1sicas y grupos musicales<\/strong>.<\/p>\n<p>&nbsp;<\/p>\n","protected":false},"excerpt":{"rendered":"<p>Estudiantes y docentes de la Modalidad de Educaci\u00f3n de Adultos junto al Centro de Investigaci\u00f3n e Innovaci\u00f3n Educativa levar\u00e1n adelante<\/p>\n","protected":false},"author":4,"featured_media":66955,"comment_status":"closed","ping_status":"closed","sticky":false,"template":"","format":"standard","meta":{"_jetpack_memberships_contains_paid_content":false,"footnotes":""},"categories":[9,1],"tags":[],"class_list":["post-66954","post","type-post","status-publish","format-standard","has-post-thumbnail","hentry","category-cultura","category-portada"],"jetpack_featured_media_url":"https:\/\/i0.wp.com\/cdnoticias.com\/wp-content\/uploads\/2022\/10\/dia-de-la-diversidad-cultural.jpg?fit=800%2C445&ssl=1","jetpack_sharing_enabled":true,"_links":{"self":[{"href":"https:\/\/cdnoticias.com\/index.php\/wp-json\/wp\/v2\/posts\/66954","targetHints":{"allow":["GET"]}}],"collection":[{"href":"https:\/\/cdnoticias.com\/index.php\/wp-json\/wp\/v2\/posts"}],"about":[{"href":"https:\/\/cdnoticias.com\/index.php\/wp-json\/wp\/v2\/types\/post"}],"author":[{"embeddable":true,"href":"https:\/\/cdnoticias.com\/index.php\/wp-json\/wp\/v2\/users\/4"}],"replies":[{"embeddable":true,"href":"https:\/\/cdnoticias.com\/index.php\/wp-json\/wp\/v2\/comments?post=66954"}],"version-history":[{"count":0,"href":"https:\/\/cdnoticias.com\/index.php\/wp-json\/wp\/v2\/posts\/66954\/revisions"}],"wp:featuredmedia":[{"embeddable":true,"href":"https:\/\/cdnoticias.com\/index.php\/wp-json\/wp\/v2\/media\/66955"}],"wp:attachment":[{"href":"https:\/\/cdnoticias.com\/index.php\/wp-json\/wp\/v2\/media?parent=66954"}],"wp:term":[{"taxonomy":"category","embeddable":true,"href":"https:\/\/cdnoticias.com\/index.php\/wp-json\/wp\/v2\/categories?post=66954"},{"taxonomy":"post_tag","embeddable":true,"href":"https:\/\/cdnoticias.com\/index.php\/wp-json\/wp\/v2\/tags?post=66954"}],"curies":[{"name":"wp","href":"https:\/\/api.w.org\/{rel}","templated":true}]}}