{"id":6694,"date":"2020-11-17T10:12:12","date_gmt":"2020-11-17T13:12:12","guid":{"rendered":"http:\/\/www.centraldenoticias.com.ar\/?p=6694"},"modified":"2020-11-17T12:13:58","modified_gmt":"2020-11-17T15:13:58","slug":"confirmado-la-provincia-habilita-actividades-deportivas-hasta-10-personas","status":"publish","type":"post","link":"https:\/\/cdnoticias.com\/index.php\/2020\/11\/17\/confirmado-la-provincia-habilita-actividades-deportivas-hasta-10-personas\/","title":{"rendered":"Confirmado: la provincia habilita actividades deportivas \u201chasta 10 personas\u201d"},"content":{"rendered":"<p>Ser\u00e1 para la \u201cgrand\u00edsima\u201d mayor\u00eda de los distritos de la Provincia de Buenos Aires. Adem\u00e1s, ratific\u00f3 la apertura de bares y restaurantes en espacios cerrados con las medidas sanitarias correspondientes. Adem\u00e1s del \u201cfulbito\u201d tambi\u00e9n se habilitar\u00e1 v\u00f3ley, b\u00e1squet y deportes \u201ccon amplia ventilaci\u00f3n\u201d.<!--more--><\/p>\n<hr \/>\n<p>En la ahora tradicional conferencia de prensa encabezada por el Ministro de Salud Daniel Goll\u00e1n y el Jefe de Gabinete bonaerense Carlos Bianco, se confirm\u00f3 que <strong>Olavarr\u00eda continuar\u00e1 en Fase 4 y, adem\u00e1s, que tal como se anticip\u00f3 se habilitar\u00e1n nuevas actividades, entre ellas las deportivas \u201chasta 10 personas\u201d.<\/strong><\/p>\n<p>&nbsp;<\/p>\n<blockquote><p>La famosa frase \u201cfulbito s\u00ed\u201d se ratificar\u00e1 en Olavarr\u00eda desde hoy: se podr\u00e1n realizar actividades deportivas de hasta 10 personas en espacios abiertos o cerrados con ventilaci\u00f3n natural, complementado con el decreto que el Intendente Galli firm\u00f3 en las \u00faltimas horas.<\/p><\/blockquote>\n<p>&nbsp;<\/p>\n<p><strong>El propio intendente Galli en di\u00e1logo con Central de Noticias<\/strong> agreg\u00f3 que<em> \u201cel s\u00e1bado charl\u00e9 con el Jefe de Gabinete, Carlos Bianco, y me anticip\u00f3 que por c\u00f3mo ven\u00eda la situaci\u00f3n sanitaria habilitar\u00eda las actividades deportivas y fue incluido en el decreto que firm\u00e9\u201d.<\/em><\/p>\n<p>&nbsp;<\/p>\n<p>Adem\u00e1s, desde la Provincia se \u201cratific\u00f3\u201d la posibilidad de trabajo para el personal auxiliar de casas particulares a varios domicilios; gimnasios cerrados que tengan ventilaci\u00f3n natural y ampliaci\u00f3n de la construcci\u00f3n privada.<strong> Cabe aclarar que la mayor\u00eda de estos rubros ya estaban habilitados en nuestra ciudad.<\/strong><\/p>\n<p>&nbsp;<\/p>\n<p>El sistema de fases sufri\u00f3 pocas modificaciones, pero entre lo m\u00e1s destacado <strong>Tandil y Roque P\u00e9rez, en conjunto con el distrito de San Cayetano, son los \u00fanicos tres territorios que continuar\u00e1n en Fase 3 al menos una semana m\u00e1s.<\/strong><\/p>\n<p>&nbsp;<\/p>\n<p>Sobre Tandil, Bianco afirm\u00f3 que \u201c<em>es cierto que hay una baja en la cantidad de casos por d\u00eda\u201d <\/em>pero<strong><em> \u201cla ocupaci\u00f3n de camas sigue siendo alta, as\u00ed que decidimos continuar en esa Fase\u201d.<\/em><\/strong> Sobre los otros dos casos, en tanto, el funcionario se\u00f1al\u00f3 que <em>\u201cnos preocupa\u201d<\/em> la <strong><em>\u201calta circulaci\u00f3n del virus en forma comunitaria\u201d<\/em><\/strong>. Estos distritos continuar\u00e1n bajo el Aislamiento Social Preventivo y Obligatorio.<\/p>\n<p>&nbsp;<\/p>\n<p>Bianco se tom\u00f3 un apartado para saludar a la militancia por el \u201cD\u00eda del militante peronista\u201d y otro para responder dichos del jefe comunal de Pergamino sobre la llegada de fondos a los Municipios y una relaci\u00f3n \u201ctirante\u201d con el gobierno provincial. <strong><em>\u201cNo sabemos a qu\u00e9 se refiere, venimos trabajando de forma madura y razonable con Pergamino\u201d.<\/em><\/strong><\/p>\n","protected":false},"excerpt":{"rendered":"<p>Ser\u00e1 para la \u201cgrand\u00edsima\u201d mayor\u00eda de los distritos de la Provincia de Buenos Aires. Adem\u00e1s, ratific\u00f3 la apertura de bares<\/p>\n","protected":false},"author":2,"featured_media":6695,"comment_status":"closed","ping_status":"closed","sticky":false,"template":"","format":"standard","meta":{"_jetpack_memberships_contains_paid_content":false,"footnotes":""},"categories":[5,1],"tags":[],"class_list":["post-6694","post","type-post","status-publish","format-standard","has-post-thumbnail","hentry","category-informacion-general","category-portada"],"jetpack_featured_media_url":"https:\/\/i0.wp.com\/cdnoticias.com\/wp-content\/uploads\/2020\/11\/carlos-bianco.jpg?fit=1280%2C853&ssl=1","jetpack_sharing_enabled":true,"_links":{"self":[{"href":"https:\/\/cdnoticias.com\/index.php\/wp-json\/wp\/v2\/posts\/6694","targetHints":{"allow":["GET"]}}],"collection":[{"href":"https:\/\/cdnoticias.com\/index.php\/wp-json\/wp\/v2\/posts"}],"about":[{"href":"https:\/\/cdnoticias.com\/index.php\/wp-json\/wp\/v2\/types\/post"}],"author":[{"embeddable":true,"href":"https:\/\/cdnoticias.com\/index.php\/wp-json\/wp\/v2\/users\/2"}],"replies":[{"embeddable":true,"href":"https:\/\/cdnoticias.com\/index.php\/wp-json\/wp\/v2\/comments?post=6694"}],"version-history":[{"count":0,"href":"https:\/\/cdnoticias.com\/index.php\/wp-json\/wp\/v2\/posts\/6694\/revisions"}],"wp:featuredmedia":[{"embeddable":true,"href":"https:\/\/cdnoticias.com\/index.php\/wp-json\/wp\/v2\/media\/6695"}],"wp:attachment":[{"href":"https:\/\/cdnoticias.com\/index.php\/wp-json\/wp\/v2\/media?parent=6694"}],"wp:term":[{"taxonomy":"category","embeddable":true,"href":"https:\/\/cdnoticias.com\/index.php\/wp-json\/wp\/v2\/categories?post=6694"},{"taxonomy":"post_tag","embeddable":true,"href":"https:\/\/cdnoticias.com\/index.php\/wp-json\/wp\/v2\/tags?post=6694"}],"curies":[{"name":"wp","href":"https:\/\/api.w.org\/{rel}","templated":true}]}}