{"id":6691,"date":"2020-11-17T09:09:28","date_gmt":"2020-11-17T12:09:28","guid":{"rendered":"http:\/\/www.centraldenoticias.com.ar\/?p=6691"},"modified":"2020-11-17T10:34:09","modified_gmt":"2020-11-17T13:34:09","slug":"vidal-llega-a-la-septima-con-una-visita-virtual","status":"publish","type":"post","link":"https:\/\/cdnoticias.com\/index.php\/2020\/11\/17\/vidal-llega-a-la-septima-con-una-visita-virtual\/","title":{"rendered":"Vidal llega a la S\u00e9ptima con una visita virtual"},"content":{"rendered":"<p>La ex gobernadora mantiene reuniones con referentes de Juntos por el Cambio de cada secci\u00f3n en la Provincia. Este martes Ezequiel Galli ser\u00e1 el anfitri\u00f3n de una videoconferencia de la que tambi\u00e9n se espera que participe Jorge Macri.<!--more--><\/p>\n<hr \/>\n<p><strong>Este martes desde las 16.30 la ex gobernadora Mar\u00eda Eugenia Vidal encabezar\u00e1 una visita virtual a la S\u00e9ptima secci\u00f3n.<\/strong><\/p>\n<p>La ex mandataria, que busc\u00f3 ser reconocida por su presencia en todo el territorio bonaerense tanto en su gesti\u00f3n como en las campa\u00f1as 2015 y 2019, retom\u00f3 su agenda de actividades en el \u00e1mbito provincial. Desde el mes pasado, inici\u00f3 una serie de visitas a todas las secciones electorales para tomar contacto con dirigentes y militantes de Juntos por el Cambio.<\/p>\n<p>En ese marco, este martes <strong>Ezequiel Galli ser\u00e1 el anfitri\u00f3n<\/strong> de la visita a la secci\u00f3n y <strong>se espera que tambi\u00e9n participe el intendente de Vicente L\u00f3pez, Jorge Macri<\/strong>, presidente del Pro bonaerense y l\u00edder de los intendentes del Grupo Dorrego.<\/p>\n<p>D\u00edas pasados<strong> Galli hizo p\u00fablica la invitaci\u00f3n a los \u201creferentes y voluntarios<\/strong>\u201d que quieran asistir a la reuni\u00f3n que se har\u00e1 mediante la plataforma Zoom. Aclar\u00f3 que se trata de <strong>una reuni\u00f3n \u201cabierta\u201d para \u201cintercambiar ideas y experiencias\u201d<\/strong>.<\/p>\n<p><strong>Autocr\u00edtica<\/strong><\/p>\n<p>Hasta ahora, Vidal ha mantenido reuniones en cuatro secciones electorales. Se han caracterizado por dos mensajes. Por un lado, <strong>la \u201cautocr\u00edtica\u201d por la derrota electoral<\/strong> de Juntos por el Cambio a nivel nacional y provincial. Por otro, la expresi\u00f3n de la <strong>intenci\u00f3n de ampliaci\u00f3n de la convocatoria a la integraci\u00f3n del frente<\/strong>.<\/p>\n<p>En cada visita se presenta junto al referente seccional y tambi\u00e9n toma intervenci\u00f3n Jorge Macri, en su calidad de presidente del Pro bonaerense.<\/p>\n<p>A fines de octubre, la Tercera secci\u00f3n vio el inicio de las visitas virtuales de la ex gobernadora. Luego pas\u00f3 por la Octava, la Sexta, y la semana pasada, por la Segunda secci\u00f3n.<\/p>\n<p>Despu\u00e9s de la S\u00e9ptima, seguir\u00e1n la Cuarta, la Quinta y el cierre ser\u00e1 con la Primera secci\u00f3n electoral.<\/p>\n","protected":false},"excerpt":{"rendered":"<p>La ex gobernadora mantiene reuniones con referentes de Juntos por el Cambio de cada secci\u00f3n en la Provincia. Este martes<\/p>\n","protected":false},"author":4,"featured_media":6692,"comment_status":"closed","ping_status":"closed","sticky":false,"template":"","format":"standard","meta":{"_jetpack_memberships_contains_paid_content":false,"footnotes":""},"categories":[4,1],"tags":[],"class_list":["post-6691","post","type-post","status-publish","format-standard","has-post-thumbnail","hentry","category-politica","category-portada"],"jetpack_featured_media_url":"https:\/\/i0.wp.com\/cdnoticias.com\/wp-content\/uploads\/2020\/11\/maria-eugenia-vidal-800x445.jpg?fit=1200%2C670&ssl=1","jetpack_sharing_enabled":true,"_links":{"self":[{"href":"https:\/\/cdnoticias.com\/index.php\/wp-json\/wp\/v2\/posts\/6691","targetHints":{"allow":["GET"]}}],"collection":[{"href":"https:\/\/cdnoticias.com\/index.php\/wp-json\/wp\/v2\/posts"}],"about":[{"href":"https:\/\/cdnoticias.com\/index.php\/wp-json\/wp\/v2\/types\/post"}],"author":[{"embeddable":true,"href":"https:\/\/cdnoticias.com\/index.php\/wp-json\/wp\/v2\/users\/4"}],"replies":[{"embeddable":true,"href":"https:\/\/cdnoticias.com\/index.php\/wp-json\/wp\/v2\/comments?post=6691"}],"version-history":[{"count":0,"href":"https:\/\/cdnoticias.com\/index.php\/wp-json\/wp\/v2\/posts\/6691\/revisions"}],"wp:featuredmedia":[{"embeddable":true,"href":"https:\/\/cdnoticias.com\/index.php\/wp-json\/wp\/v2\/media\/6692"}],"wp:attachment":[{"href":"https:\/\/cdnoticias.com\/index.php\/wp-json\/wp\/v2\/media?parent=6691"}],"wp:term":[{"taxonomy":"category","embeddable":true,"href":"https:\/\/cdnoticias.com\/index.php\/wp-json\/wp\/v2\/categories?post=6691"},{"taxonomy":"post_tag","embeddable":true,"href":"https:\/\/cdnoticias.com\/index.php\/wp-json\/wp\/v2\/tags?post=6691"}],"curies":[{"name":"wp","href":"https:\/\/api.w.org\/{rel}","templated":true}]}}