{"id":66872,"date":"2022-10-12T18:01:48","date_gmt":"2022-10-12T21:01:48","guid":{"rendered":"https:\/\/www.centraldenoticias.com.ar\/?p=66872"},"modified":"2022-10-12T18:02:26","modified_gmt":"2022-10-12T21:02:26","slug":"semana-de-las-artes-en-escuelas-y-jardines-rurales-la-celebracion-de-la-memoria","status":"publish","type":"post","link":"https:\/\/cdnoticias.com\/index.php\/2022\/10\/12\/semana-de-las-artes-en-escuelas-y-jardines-rurales-la-celebracion-de-la-memoria\/","title":{"rendered":"Semana de las Artes en escuelas y jardines rurales: la celebraci\u00f3n de la memoria"},"content":{"rendered":"<p>Los establecimientos educativos rurales del partido de Olavarr\u00eda se reunieron en Mapis para conmemorar a trav\u00e9s del arte, los 40 a\u00f1os de la Guerra de Malvinas.<!--more--><\/p>\n<hr \/>\n<p>En la Semana de las Artes las escuelas y jardines rurales del<strong> partido de Olavarr\u00eda, Iturregui, Recalde, Blanca Grande y Mapis<\/strong> se reunieron en esta \u00faltima localidad, con el motivo de conmemoraci\u00f3n de los 40 a\u00f1os de la Guerra de Malvinas.<\/p>\n<p>&nbsp;<\/p>\n<p>All\u00ed se homenaje\u00f3 a los <strong>Veteranos de Malvinas<\/strong> mediante charlas e intervenciones art\u00edsticas.<\/p>\n<p>&nbsp;<\/p>\n<p>Participaron ex-combatientes de nuestra ciudad que contaron sus experiencias vividas en las Islas, <strong>Jos\u00e9 Mar\u00eda Trinchin, Haroldo Esteban Duhau, Ricardo Oscar Moreno y Omar Pereira.<\/strong><\/p>\n<p>&nbsp;<\/p>\n<p>[soliloquy id=&#8221;66879&#8243;]<\/p>\n<p>&nbsp;<\/p>\n<p>Tambi\u00e9n se cont\u00f3 con la participaci\u00f3n de dos artistas locales <strong>Eugenio Mitre y Trinidad Vailati<\/strong> que representaron estatuas vivientes, arte del silencio, quienes jugaron y aprendieron junto a estudiantes en torno a la tem\u00e1tica abordada.<\/p>\n<p>&nbsp;<\/p>\n<p>Se trat\u00f3 una jornada muy emotiva de aprendizaje y conocimiento sobre la historia reciente de nuestro pa\u00eds, interpelada desde <strong>la memoria y el arte.<\/strong><\/p>\n","protected":false},"excerpt":{"rendered":"<p>Los establecimientos educativos rurales del partido de Olavarr\u00eda se reunieron en Mapis para conmemorar a trav\u00e9s del arte, los 40<\/p>\n","protected":false},"author":5,"featured_media":66873,"comment_status":"closed","ping_status":"closed","sticky":false,"template":"","format":"standard","meta":{"_jetpack_memberships_contains_paid_content":false,"footnotes":""},"categories":[9,1],"tags":[],"class_list":["post-66872","post","type-post","status-publish","format-standard","has-post-thumbnail","hentry","category-cultura","category-portada"],"jetpack_featured_media_url":"https:\/\/i0.wp.com\/cdnoticias.com\/wp-content\/uploads\/2022\/10\/mapis05.jpg?fit=1600%2C960&ssl=1","jetpack_sharing_enabled":true,"_links":{"self":[{"href":"https:\/\/cdnoticias.com\/index.php\/wp-json\/wp\/v2\/posts\/66872","targetHints":{"allow":["GET"]}}],"collection":[{"href":"https:\/\/cdnoticias.com\/index.php\/wp-json\/wp\/v2\/posts"}],"about":[{"href":"https:\/\/cdnoticias.com\/index.php\/wp-json\/wp\/v2\/types\/post"}],"author":[{"embeddable":true,"href":"https:\/\/cdnoticias.com\/index.php\/wp-json\/wp\/v2\/users\/5"}],"replies":[{"embeddable":true,"href":"https:\/\/cdnoticias.com\/index.php\/wp-json\/wp\/v2\/comments?post=66872"}],"version-history":[{"count":0,"href":"https:\/\/cdnoticias.com\/index.php\/wp-json\/wp\/v2\/posts\/66872\/revisions"}],"wp:featuredmedia":[{"embeddable":true,"href":"https:\/\/cdnoticias.com\/index.php\/wp-json\/wp\/v2\/media\/66873"}],"wp:attachment":[{"href":"https:\/\/cdnoticias.com\/index.php\/wp-json\/wp\/v2\/media?parent=66872"}],"wp:term":[{"taxonomy":"category","embeddable":true,"href":"https:\/\/cdnoticias.com\/index.php\/wp-json\/wp\/v2\/categories?post=66872"},{"taxonomy":"post_tag","embeddable":true,"href":"https:\/\/cdnoticias.com\/index.php\/wp-json\/wp\/v2\/tags?post=66872"}],"curies":[{"name":"wp","href":"https:\/\/api.w.org\/{rel}","templated":true}]}}