{"id":66869,"date":"2022-10-11T09:26:04","date_gmt":"2022-10-11T12:26:04","guid":{"rendered":"https:\/\/www.centraldenoticias.com.ar\/?p=66869"},"modified":"2022-10-11T09:26:04","modified_gmt":"2022-10-11T12:26:04","slug":"violencia-de-genero-fue-aprehendido-por-violar-una-prohibicion-de-acercamiento","status":"publish","type":"post","link":"https:\/\/cdnoticias.com\/index.php\/2022\/10\/11\/violencia-de-genero-fue-aprehendido-por-violar-una-prohibicion-de-acercamiento\/","title":{"rendered":"Violencia de g\u00e9nero: Fue aprehendido por violar una prohibici\u00f3n de acercamiento"},"content":{"rendered":"<p>El hombre de 33 a\u00f1os fue trasladado al a comisar\u00eda Primera a disposici\u00f3n de la UFI N\u00b0 5 de Olavarr\u00eda.<!--more--><\/p>\n<hr \/>\n<p>Un <strong>hombre de 33 a\u00f1os<\/strong> fue aprehendido en las inmediaciones de Brown y \u00c1lvaro Barros cuando se encontraba cerca de una mujer con la que ten\u00eda una prohibici\u00f3n de acercamiento.<\/p>\n<p>&nbsp;<\/p>\n<p>La medida de protecci\u00f3n hab\u00eda sido interpuesta por el <strong>Juzgado de Familia N\u00b0 2.<\/strong><\/p>\n<p>&nbsp;<\/p>\n<p>Personal policial del Comando de Patrullas Olavarr\u00eda con colaboraci\u00f3n de efectivos de la comisar\u00eda Primera participaron de la aprehensi\u00f3n y trasladaron al hombre a la sede policial a disposici\u00f3n de la <strong>UFI N\u00b0 5 especializada en violencia familiar y de g\u00e9nero a cargo de la doctora Viviana Beyt\u00eda.<\/strong><\/p>\n<p>&nbsp;<\/p>\n<p>&nbsp;<\/p>\n<p style=\"text-align: center;\"><em>Si sos v\u00edctima o conoces alguien que est\u00e9 sufriendo violencia de g\u00e9nero comun\u00edcate al 144.<\/em><\/p>\n<p style=\"text-align: center;\"><em>Olavarr\u00eda cuenta con la Direcci\u00f3n de Pol\u00edticas de G\u00e9nero, San Mart\u00edn N\u00b01106 de lunes a viernes de 8 a 18 o mediante los tel\u00e9fonos 02284 417400 o el celular de guardia: 02284 \u2013 15672508.<\/em><\/p>\n<p style=\"text-align: center;\"><em>Tambi\u00e9n te pod\u00e9s acercar a la Comisar\u00eda De la Mujer y la Familia en 9 de Julio 2652 o al tel\u00e9fono 2284 480100; o la sede judicial local, en Rufino Fal 2943, tel\u00e9fono 2284 423427.<\/em><\/p>\n","protected":false},"excerpt":{"rendered":"<p>El hombre de 33 a\u00f1os fue trasladado al a comisar\u00eda Primera a disposici\u00f3n de la UFI N\u00b0 5 de Olavarr\u00eda.<\/p>\n","protected":false},"author":5,"featured_media":66870,"comment_status":"closed","ping_status":"closed","sticky":false,"template":"","format":"standard","meta":{"_jetpack_memberships_contains_paid_content":false,"footnotes":""},"categories":[14,1],"tags":[],"class_list":["post-66869","post","type-post","status-publish","format-standard","has-post-thumbnail","hentry","category-policiales","category-portada"],"jetpack_featured_media_url":"https:\/\/i0.wp.com\/cdnoticias.com\/wp-content\/uploads\/2022\/10\/aprehendido-violencia-genero-11-10-22.jpeg?fit=2082%2C1249&ssl=1","jetpack_sharing_enabled":true,"_links":{"self":[{"href":"https:\/\/cdnoticias.com\/index.php\/wp-json\/wp\/v2\/posts\/66869","targetHints":{"allow":["GET"]}}],"collection":[{"href":"https:\/\/cdnoticias.com\/index.php\/wp-json\/wp\/v2\/posts"}],"about":[{"href":"https:\/\/cdnoticias.com\/index.php\/wp-json\/wp\/v2\/types\/post"}],"author":[{"embeddable":true,"href":"https:\/\/cdnoticias.com\/index.php\/wp-json\/wp\/v2\/users\/5"}],"replies":[{"embeddable":true,"href":"https:\/\/cdnoticias.com\/index.php\/wp-json\/wp\/v2\/comments?post=66869"}],"version-history":[{"count":0,"href":"https:\/\/cdnoticias.com\/index.php\/wp-json\/wp\/v2\/posts\/66869\/revisions"}],"wp:featuredmedia":[{"embeddable":true,"href":"https:\/\/cdnoticias.com\/index.php\/wp-json\/wp\/v2\/media\/66870"}],"wp:attachment":[{"href":"https:\/\/cdnoticias.com\/index.php\/wp-json\/wp\/v2\/media?parent=66869"}],"wp:term":[{"taxonomy":"category","embeddable":true,"href":"https:\/\/cdnoticias.com\/index.php\/wp-json\/wp\/v2\/categories?post=66869"},{"taxonomy":"post_tag","embeddable":true,"href":"https:\/\/cdnoticias.com\/index.php\/wp-json\/wp\/v2\/tags?post=66869"}],"curies":[{"name":"wp","href":"https:\/\/api.w.org\/{rel}","templated":true}]}}