{"id":66837,"date":"2022-10-22T17:30:20","date_gmt":"2022-10-22T20:30:20","guid":{"rendered":"https:\/\/www.centraldenoticias.com.ar\/?p=66837"},"modified":"2022-10-22T18:13:20","modified_gmt":"2022-10-22T21:13:20","slug":"y-si-fueras-vos-un-proyecto-para-generar-conciencia-vial-y-empatia","status":"publish","type":"post","link":"https:\/\/cdnoticias.com\/index.php\/2022\/10\/22\/y-si-fueras-vos-un-proyecto-para-generar-conciencia-vial-y-empatia\/","title":{"rendered":"&#8220;\u00bfY si fueras vos?&#8221;, un proyecto para generar conciencia vial y empat\u00eda"},"content":{"rendered":"<p>Mensualmente en la ciudad de Olavarr\u00eda ocurren 90 siniestros viales, el 50% de ellos resultan con heridos. La Facultad de Ciencias Sociales inici\u00f3 un proyecto para tomar conciencia sobre la responsabilidad que tenemos al circular.<!--more--><\/p>\n<hr \/>\n<p><em>Rocio Beltramella \/ Agencia Comunica<\/em><\/p>\n<p>&nbsp;<\/p>\n<p>En <strong>Olavarr\u00eda el a\u00f1o pasado se registraron aproximadamente 1000 siniestros viales<\/strong>, de los cuales el <strong>50% fue con heridos<\/strong>. <strong>Agust\u00edn Falivene<\/strong>, responsable de Tr\u00e1nsito y Seguridad Vial del Municipio, asegur\u00f3 que en nuestra ciudad se producen unos <strong>90 siniestros mensuales<\/strong> y de ellos, en el<strong> 7% est\u00e1 implicada una bicicleta<\/strong>. En cuanto a <strong>fallecimientos<\/strong>, las estad\u00edsticas locales muestran que la ciudad cuenta con <strong>once muertos por a\u00f1o<\/strong> y 120 mil habitantes, es decir, que est\u00e1 por debajo de la media nacional de doce decesos cada 100 mil personas, seg\u00fan explic\u00f3 el funcionario municipal.<\/p>\n<p>&nbsp;<\/p>\n<p>A partir de esta problem\u00e1tica, un grupo de docentes y estudiantes de la <strong>Facultad de Ciencias Sociales iniciaron un proyecto de investigaci\u00f3n<\/strong>, que tiene a los siniestros viales de la ciudad como eje. El <strong>objetivo es concientizar a la sociedad en favor de prevenirlos<\/strong>. El proyecto tiene su origen en el primer PIO (Proyectos Interdisciplinarios Orientados) con los estudiantes de 2021.<\/p>\n<p>&nbsp;<\/p>\n<p>El proyecto llamado<em><strong> \u00bfY si fueras vos?<\/strong><\/em> es para el docente de la c\u00e1tedra \u201cTaller II\u201d de comunicaci\u00f3n, <strong>Exequiel Alonso<\/strong>, &#8220;<em><strong>una oportunidad para pensar un problema de nuestra ciudad desde una perspectiva comunicacional&#8221;.<\/strong><\/em><\/p>\n<p>&nbsp;<\/p>\n<p>El docente universitario mencion\u00f3 que \u201csurgi\u00f3 como una cuesti\u00f3n que pod\u00edamos trabajar en conjunto con la gente de la Facultad de Ingenier\u00eda y de la Escuela de Ciencias de la Salud.\u201d El comunicador asegur\u00f3 que era necesario para <strong>\u201crelevar aquellos discursos que se construyen, tanto en la comunidad como los medios de comunicaci\u00f3n<\/strong>\u201d acerca de los siniestros viales y una oportunidad para repensar c\u00f3mo nos movemos en la v\u00eda p\u00fablica.<\/p>\n<p>&nbsp;<\/p>\n<p>El objetivo central del proyecto se plantea desde el nombre. As\u00ed lo explic\u00f3 el estudiante de Comunicaci\u00f3n, Juan Pablo Palmieri &#8220;cambiar un poco la perspectiva de que<strong> los siniestros viales son accidentes,<\/strong> cosas que le pasan a otro por culpa del otro&#8221;. La propuesta es concientizar interpelando a la otra persona a salir del individualismo y ver a los siniestros como un problema p\u00fablico y social.<\/p>\n<p>&nbsp;<\/p>\n<p>El proyecto est\u00e1 destinado a los j\u00f3venes, ya que eran centrales dentro del primer PIO en el que nace esta propuesta comunicacional. A su vez, los estudiantes de la c\u00e1tedra identificaron que es la edad en la que comienzan a manejar, y hasta consiguen un veh\u00edculo. El grupo busca llegar a ellos con un mensaje m\u00e1s emp\u00e1tico y humano, de solidarizarse y responsabilizarse, como mencion\u00f3 la estudiante Florencia Schantl, tener en claro que &#8220;todos hacemos a los siniestros viales.&#8221;<\/p>\n<p>&nbsp;<\/p>\n<p>A su vez, los estudiantes rememoran la educaci\u00f3n que ellos mismos recibieron en los niveles b\u00e1sicos para poder circular en la v\u00eda p\u00fablica. En este sentido, dan cuenta de que es necesario reforzar esta informaci\u00f3n y, como menciona la estudiante Magdalena Del R\u00edo \u201ces muy importante que sea destinado a chicos que est\u00e1n en la escuela todav\u00eda y que puedan arrancar desde temprano a saber lo que tienen que hacer\u201d.<\/p>\n<p>&nbsp;<\/p>\n<p>Adem\u00e1s, la iniciativa cuenta con la participaci\u00f3n de<strong> agrupaciones sociales de la ciudad<\/strong> como es el caso de <strong>Bici Tours Olavarr\u00eda.<\/strong> Su referente <strong>Mat\u00edas Casta\u00f1ares,<\/strong> m\u00e1s conocido como &#8220;Bachi&#8221;, quien organiza una salida multitudinaria los fines de semana en bicicleta, recalc\u00f3 que con los participantes existe una <strong>cuesti\u00f3n obligatoria: el uso de casco<\/strong>. En el caso de no tener, el grupo le brinda uno. <strong>&#8220;Nadie sale de ac\u00e1 sin casco. No se puede, es si o si. Lo hacemos para concientizar de que el uso es importante&#8221;<\/strong> coment\u00f3 Casta\u00f1ares.<\/p>\n<p>&nbsp;<\/p>\n<p><img data-recalc-dims=\"1\" loading=\"lazy\" decoding=\"async\" class=\"aligncenter wp-image-66839 size-full\" src=\"https:\/\/i0.wp.com\/cdnoticias.com\/wp-content\/uploads\/2022\/10\/bicituor.jpg?resize=800%2C600&#038;ssl=1\" alt=\"\" width=\"800\" height=\"600\" srcset=\"https:\/\/i0.wp.com\/cdnoticias.com\/wp-content\/uploads\/2022\/10\/bicituor.jpg?w=1600&amp;ssl=1 1600w, https:\/\/i0.wp.com\/cdnoticias.com\/wp-content\/uploads\/2022\/10\/bicituor.jpg?resize=300%2C225&amp;ssl=1 300w, https:\/\/i0.wp.com\/cdnoticias.com\/wp-content\/uploads\/2022\/10\/bicituor.jpg?resize=1024%2C768&amp;ssl=1 1024w, https:\/\/i0.wp.com\/cdnoticias.com\/wp-content\/uploads\/2022\/10\/bicituor.jpg?resize=768%2C576&amp;ssl=1 768w, https:\/\/i0.wp.com\/cdnoticias.com\/wp-content\/uploads\/2022\/10\/bicituor.jpg?resize=1536%2C1152&amp;ssl=1 1536w\" sizes=\"auto, (max-width: 800px) 100vw, 800px\" \/><\/p>\n<p><em>En Bicitour nadie sale sin casco para concientizar sobre el uso<\/em><\/p>\n<p>&nbsp;<\/p>\n<p>Paula Belmes, Profesora de la C\u00e1tedra Taller II, destac\u00f3 que la raz\u00f3n de incorporar a las agrupaciones se basa en la posibilidad de \u201cproyectar una campa\u00f1a con el asesoramiento de quienes se ocupan de estos temas&#8221;. La docente explic\u00f3 que el v\u00ednculo generado es interesante, porque las organizaciones pueden hacer uso de los recursos de la Facultad, como lo son los <strong>medios de comunicaci\u00f3n<\/strong>. Y a su vez, en esta relaci\u00f3n se pone en juego lo que se ven\u00eda haciendo, en materia de concientizaci\u00f3n, tanto en la calle como en la Universidad.<\/p>\n<p>&nbsp;<\/p>\n<p>Por otro lado, Paula Belmes explic\u00f3 que esta es una oportunidad para los estudiantes de poner en pr\u00e1ctica lo aprendido, propuesta que en otras oportunidades no se da. &#8220;Vimos nuestra oportunidad de llevar adelante una tarea de investigaci\u00f3n concreta, no una investigaci\u00f3n sin destino&#8221;, mencion\u00f3 la docente. Los estudiantes comenzaron realizando observaciones y entrevistas acerca de <strong>c\u00f3mo circulamos en la ciudad<\/strong>. Esto les permiti\u00f3 que puedan llegar actualmente a una etapa de producci\u00f3n para posteriormente realizar una difusi\u00f3n.<\/p>\n<p>&nbsp;<\/p>\n<p>La producci\u00f3n de contenidos como flyers, folletos, videos y la confecci\u00f3n de un spot tiene como meta &#8220;salir de la tradici\u00f3n de ese tono imperativo t\u00edpico de la campa\u00f1a de accidente vial, el tel\u00e9fono al volante mata, este tipo de comunicaci\u00f3n prescriptiva y antigua&#8221;, destac\u00f3 Belmes.<\/p>\n<p>&nbsp;<\/p>\n<p>La incorporaci\u00f3n de los estudiantes a este tipo de proyectos, mencionan los profesores Paula Belmes y Exequiel Alonso, es enriquecedora porque logran incorporar a la propuesta cuestiones que no se ten\u00edan en cuenta en un modelo inicial. Como es el caso de Ana Belen Lamela y Florencia Schantl, dos estudiantes que propusieron crear y analizar la categor\u00eda de g\u00e9nero, cuesti\u00f3n que no se encontraba dentro del proyecto.<\/p>\n<p>&nbsp;<\/p>\n<p>A su vez, la iniciativa tambi\u00e9n es una oportunidad para articular el proyecto con los medios de comunicaci\u00f3n de la facultad, Facso Producciones, Radio Universidad y Agencia Comunica, principalmente en la construcci\u00f3n de la <strong>campa\u00f1a que posteriormente ser\u00e1 difundida,<\/strong> coment\u00f3 <strong>Exequiel Alonso.<\/strong><\/p>\n<p>&nbsp;<\/p>\n<p>Finalmente, el proyecto ha logrado buenos resultados en las etapas transcurridas, es por ello, que la docente Paula Belmes explic\u00f3 que la propuesta \u201cpeg\u00f3 un salto\u201d y esa es la raz\u00f3n por la que ser\u00e1 el punto central del pr\u00f3ximo PIO. El objetivo es seguir profundizando la investigaci\u00f3n en cuanto a los siniestros viales y el modo en que circulamos en la ciudad, desde un abordaje comunicacional.<\/p>\n<p>&nbsp;<\/p>\n<p>&nbsp;<\/p>\n","protected":false},"excerpt":{"rendered":"<p>Mensualmente en la ciudad de Olavarr\u00eda ocurren 90 siniestros viales, el 50% de ellos resultan con heridos. La Facultad de<\/p>\n","protected":false},"author":6,"featured_media":66838,"comment_status":"closed","ping_status":"closed","sticky":false,"template":"","format":"standard","meta":{"_jetpack_memberships_contains_paid_content":false,"footnotes":""},"categories":[5,1],"tags":[],"class_list":["post-66837","post","type-post","status-publish","format-standard","has-post-thumbnail","hentry","category-informacion-general","category-portada"],"jetpack_featured_media_url":"https:\/\/i0.wp.com\/cdnoticias.com\/wp-content\/uploads\/2022\/10\/siniestro.jpeg?fit=1032%2C774&ssl=1","jetpack_sharing_enabled":true,"_links":{"self":[{"href":"https:\/\/cdnoticias.com\/index.php\/wp-json\/wp\/v2\/posts\/66837","targetHints":{"allow":["GET"]}}],"collection":[{"href":"https:\/\/cdnoticias.com\/index.php\/wp-json\/wp\/v2\/posts"}],"about":[{"href":"https:\/\/cdnoticias.com\/index.php\/wp-json\/wp\/v2\/types\/post"}],"author":[{"embeddable":true,"href":"https:\/\/cdnoticias.com\/index.php\/wp-json\/wp\/v2\/users\/6"}],"replies":[{"embeddable":true,"href":"https:\/\/cdnoticias.com\/index.php\/wp-json\/wp\/v2\/comments?post=66837"}],"version-history":[{"count":0,"href":"https:\/\/cdnoticias.com\/index.php\/wp-json\/wp\/v2\/posts\/66837\/revisions"}],"wp:featuredmedia":[{"embeddable":true,"href":"https:\/\/cdnoticias.com\/index.php\/wp-json\/wp\/v2\/media\/66838"}],"wp:attachment":[{"href":"https:\/\/cdnoticias.com\/index.php\/wp-json\/wp\/v2\/media?parent=66837"}],"wp:term":[{"taxonomy":"category","embeddable":true,"href":"https:\/\/cdnoticias.com\/index.php\/wp-json\/wp\/v2\/categories?post=66837"},{"taxonomy":"post_tag","embeddable":true,"href":"https:\/\/cdnoticias.com\/index.php\/wp-json\/wp\/v2\/tags?post=66837"}],"curies":[{"name":"wp","href":"https:\/\/api.w.org\/{rel}","templated":true}]}}