{"id":66773,"date":"2022-10-09T18:10:03","date_gmt":"2022-10-09T21:10:03","guid":{"rendered":"https:\/\/www.centraldenoticias.com.ar\/?p=66773"},"modified":"2022-10-09T20:30:54","modified_gmt":"2022-10-09T23:30:54","slug":"numeros-que-se-sospechan-y-condicionan","status":"publish","type":"post","link":"https:\/\/cdnoticias.com\/index.php\/2022\/10\/09\/numeros-que-se-sospechan-y-condicionan\/","title":{"rendered":"N\u00fameros que se sospechan y condicionan"},"content":{"rendered":"<p>Las discusiones t\u00e9cnicas y pol\u00edticas, locales y provinciales, en torno al pedido de pr\u00f3rroga que hizo Galli para presentar el Presupuesto 2023. Un m\u00e1s en las TUVI. La UCR y \u00bfun quiebre? con Manes.<\/p>\n<p><!--more--><\/p>\n<hr \/>\n<p><em>(Este es un extracto del newsletter Volver a las Fuentes*, realizado por Josefina Bargas y Alexis Grierson.<a href=\"https:\/\/mailchi.mp\/516b65b84ebc\/ejecucin-y-proyeccin-nmeros-que-se-sospechan-y-condicionan?e=e4ffb04d40\" target=\"_blank\" rel=\"noopener\">\u00a0La versi\u00f3n completa la pueden leer ac\u00e1<\/a>).\u00a0<\/em><\/p>\n<p>&nbsp;<\/p>\n<p><span style=\"text-decoration: underline;\"><strong>\u201cDame un mes m\u00e1s\u201d<\/strong><\/span><\/p>\n<p>&nbsp;<\/p>\n<p>El mi\u00e9rcoles, el Intendente Galli sorprendi\u00f3 al\u00a0<a href=\"https:\/\/cdnoticias.com\/index.php\/2022\/10\/05\/el-ejecutivo-pidio-un-mes-de-prorroga-para-la-presentacion-del-presupuesto-2023\/\" target=\"_blank\" rel=\"noopener\">solicitar una pr\u00f3rroga en la presentaci\u00f3n del Presupuesto 2023<\/a> en el Concejo Deliberante. Ten\u00eda hasta el 31 de octubre pero <strong>decidi\u00f3 solicitar un mes m\u00e1s por razones t\u00e9cnicas y tambi\u00e9n pol\u00edticas<\/strong>. Dos certezas:\u00a0las definiciones provinciales para 2023 condicionan -y mucho-\u00a0las partidas presupuestarias y\u00a0la paritaria con el Sindicato de Municipales es m\u00e1s que compleja, m\u00e1s all\u00e1 del escenario econ\u00f3mico nacional.<\/p>\n<p>Para tratar de entender esta situaci\u00f3n, desde VAF tratamos de profundizar en las razones. Primero vayamos a lo estrictamente t\u00e9cnico.<\/p>\n<p>&nbsp;<\/p>\n<p><a href=\"https:\/\/cdnoticias.com\/index.php\/2022\/07\/01\/tras-el-acuerdo-paritario-trabajadores-municipales-cobraran-con-aumento-este-sabado\/\" target=\"_blank\" rel=\"noopener\">El acuerdo paritario firmado con el Sindicato de Municipales<\/a> <strong>sentar\u00e1 nuevamente a las partes en noviembre\u00a0<\/strong>para rever el acuerdo. M\u00e1s all\u00e1 del atraso por inflaci\u00f3n y todo lo que sucedi\u00f3 (se estima que el IPC podr\u00eda rozar el 100%) este a\u00f1o la negociaci\u00f3n tuvo much\u00edsimas particulares que fueron m\u00e1s all\u00e1 del pedido de suba y nada m\u00e1s. Es decir, la discusi\u00f3n fue t\u00e9cnica, precisa y con otro fondo.<\/p>\n<p>&nbsp;<\/p>\n<p>\u00bfCu\u00e1l fue el fondo?<strong>\u00a0Si la recaudaci\u00f3n supera ciertos montos<\/strong>, \u00bfpor qu\u00e9 ese excedente siempre queda en las arcas municipales y no puede ser \u201crepartido\u201d\u00a0tambi\u00e9n para los trabajadores, quienes forman parte del Estado?<\/p>\n<p>&nbsp;<\/p>\n<p><img data-recalc-dims=\"1\" loading=\"lazy\" decoding=\"async\" class=\"aligncenter wp-image-49984 size-full\" src=\"https:\/\/i0.wp.com\/cdnoticias.com\/wp-content\/uploads\/2022\/03\/General-Primera-Mesa-Paritaria-2022-2.jpg?resize=640%2C371&#038;ssl=1\" alt=\"\" width=\"640\" height=\"371\" srcset=\"https:\/\/i0.wp.com\/cdnoticias.com\/wp-content\/uploads\/2022\/03\/General-Primera-Mesa-Paritaria-2022-2.jpg?w=640&amp;ssl=1 640w, https:\/\/i0.wp.com\/cdnoticias.com\/wp-content\/uploads\/2022\/03\/General-Primera-Mesa-Paritaria-2022-2.jpg?resize=300%2C174&amp;ssl=1 300w\" sizes=\"auto, (max-width: 640px) 100vw, 640px\" \/><\/p>\n<p>&nbsp;<\/p>\n<p>Si la recaudaci\u00f3n anualizada <strong>alcanza los 11.500 millones de pesos, el \u201creparto\u201d en la suba salarial significa\u00a0un aumento estimado del 20% en el \u00edtem de Personal<\/strong>. Estos son n\u00fameros estimativos dado que el porcentaje es mucho m\u00e1s espec\u00edfico pero, adem\u00e1s, es tentativo: todav\u00eda no llegamos a noviembre.<\/p>\n<p>&nbsp;<\/p>\n<p><strong>Ese 20% se modifica en enero y febrero de 2023, lo que condiciona directamente la presentaci\u00f3n del Presupuesto<\/strong> en octubre.\u00a0<em>\u201cLo que podemos presentar autom\u00e1ticamente queda viejo a los d\u00edas, tiene sentido hacer las cosas bien\u201d<\/em>\u00a0aclararon desde la comuna en di\u00e1logo con este newsletter.<\/p>\n<p>&nbsp;<\/p>\n<p>\u201cSi bien los n\u00fameros de inflaci\u00f3n y otras variables nacionales todav\u00eda no est\u00e1n y determinan el Presupuesto del a\u00f1o que viene,\u00a0<strong>el ejecutado de este a\u00f1o es el punto de partida. Si no ten\u00e9s cerrada la paritaria es dif\u00edcil pararse para proyectar para adelante\u201d<\/strong> agregaron.<\/p>\n<p>&nbsp;<\/p>\n<p>La negociaci\u00f3n de este punto fue lo que tuvo en vilo la negociaci\u00f3n entre el Sindicato y el Municipio.\u00a0<strong>La diferencia en ese \u201creparto\u201d son alrededor de 100 millones de pesos.<\/strong>\u00a0De todas maneras, al ser una discusi\u00f3n muy t\u00e9cnica, \u201ccon los n\u00fameros arriba de la mesa no deber\u00eda haber grandes demoras. Se proyectan los n\u00fameros a fin de a\u00f1o sobre lo cobrado y en base a eso vemos si se aplican las cl\u00e1usulas o no\u201d.<\/p>\n<p>&nbsp;<\/p>\n<p><img data-recalc-dims=\"1\" loading=\"lazy\" decoding=\"async\" class=\"aligncenter wp-image-50344\" src=\"https:\/\/i0.wp.com\/cdnoticias.com\/wp-content\/uploads\/2022\/03\/Entrega-Rendicion-de-Cuentas-1-1024x685-1.jpg?resize=800%2C535&#038;ssl=1\" alt=\"\" width=\"800\" height=\"535\" srcset=\"https:\/\/i0.wp.com\/cdnoticias.com\/wp-content\/uploads\/2022\/03\/Entrega-Rendicion-de-Cuentas-1-1024x685-1.jpg?w=1024&amp;ssl=1 1024w, https:\/\/i0.wp.com\/cdnoticias.com\/wp-content\/uploads\/2022\/03\/Entrega-Rendicion-de-Cuentas-1-1024x685-1.jpg?resize=300%2C201&amp;ssl=1 300w, https:\/\/i0.wp.com\/cdnoticias.com\/wp-content\/uploads\/2022\/03\/Entrega-Rendicion-de-Cuentas-1-1024x685-1.jpg?resize=768%2C514&amp;ssl=1 768w, https:\/\/i0.wp.com\/cdnoticias.com\/wp-content\/uploads\/2022\/03\/Entrega-Rendicion-de-Cuentas-1-1024x685-1.jpg?resize=272%2C182&amp;ssl=1 272w\" sizes=\"auto, (max-width: 800px) 100vw, 800px\" \/><\/p>\n<p>&nbsp;<\/p>\n<p>Pasemos a lo t\u00e9cnico pero con un poco de contenido pol\u00edtico. Otras variables importantes para determinar el Presupuesto 2023 para Olavarr\u00eda son las que determina la Provincia por <strong>el\u00a0CUD, y el Fondo de Infraestructura Municipal<\/strong>.<\/p>\n<p>&nbsp;<\/p>\n<p><strong>Lo del CUD es uno de los puntos claves, \u201cpero eso no lo vamos a saber hasta el pr\u00f3ximo a\u00f1o\u201d<\/strong>. Indicaron que 2022\u00a0fue un a\u00f1o \u201cperjudicial\u201d para el Municipio porque<strong> las variables que determinan el reparto de fondos fueron subestimadas en el promedio<\/strong>.\u00a0\u201cTenemos 600 mil pr\u00e1cticas computadas y luego de hacer un promedio en toda la Provincia, quedamos solo con 450 mil\u201d. \u00bfVos tambi\u00e9n pensas que estamos como en la pel\u00edcula de \u201cEl d\u00eda de la marmota\u201d con el CUD? Olavarr\u00eda pierde, otra vez. \u201cEs un promedio que beneficia a algunos y perjudica a otros, a nosotros nos pas\u00f3 lo segundo\u201d agregaron e incluso admitieron que para 2022 tendr\u00e1n \u201c900 mil pr\u00e1cticas computadas\u201d.<\/p>\n<p>&nbsp;<\/p>\n<p><strong>El Fondo de Infraestructura Municipal<\/strong> es, pr\u00e1cticamente, 100% pol\u00edtico. En\u00a0un a\u00f1o de<strong> chispazos entre la gesti\u00f3n Kicillof y los municipios<\/strong>\u00a0por ese tema, la experiencia 2022 ser\u00e1 clave para\u00a0pensar el <strong>FIM 2023, si es que lo hay<\/strong>.<\/p>\n<p>&nbsp;<\/p>\n<blockquote class=\"wp-embedded-content\" data-secret=\"pz5kosuHid\"><p><a href=\"https:\/\/cdnoticias.com\/index.php\/2022\/08\/08\/intendentes-pro-denunciaron-a-kicillof-por-ajustar-obras-en-municipios-de-juntos\/\">Intendentes Pro denunciaron a Kicillof por \u201cajustar obras en municipios de Juntos\u201d<\/a><\/p><\/blockquote>\n<p><iframe loading=\"lazy\" class=\"wp-embedded-content\" sandbox=\"allow-scripts\" security=\"restricted\" style=\"position: absolute; clip: rect(1px, 1px, 1px, 1px);\" title=\"&#8220;Intendentes Pro denunciaron a Kicillof por \u201cajustar obras en municipios de Juntos\u201d&#8221; &#8212; Central de Noticias | Olavarr\u00eda\" src=\"https:\/\/cdnoticias.com\/index.php\/2022\/08\/08\/intendentes-pro-denunciaron-a-kicillof-por-ajustar-obras-en-municipios-de-juntos\/embed\/#?secret=zG96AezSfv#?secret=pz5kosuHid\" data-secret=\"pz5kosuHid\" width=\"600\" height=\"338\" frameborder=\"0\" marginwidth=\"0\" marginheight=\"0\" scrolling=\"no\"><\/iframe><\/p>\n<p>&nbsp;<\/p>\n<p><a href=\"https:\/\/cdnoticias.com\/index.php\/2022\/09\/10\/intendentes-de-juntos-en-balcarce-el-eje-fue-la-autonomia-municipal\/\" target=\"_blank\" rel=\"noopener\">En principio -y como lo adelantaron incluso por escrito-<\/a> <strong>los intendentes de Juntos buscar\u00e1n que el Fondo se actualice por inflaci\u00f3n buscando \u201cevitar\u201d lo sucedido este a\u00f1o<\/strong>: salieron las obras, licitaron y la inflaci\u00f3n hizo que muchas comunas se hagan cargo de la diferencia. Incluso <strong>en di\u00e1logo con mandatarios de la regi\u00f3n, no se descart\u00f3 que algunos \u201cdirectamente hagan obras chicas con el fondo<\/strong> que se env\u00ede contemplando un estimativo de inflaci\u00f3n\u201d. Es decir, literalmente achicar las obras, como la oposici\u00f3n denunci\u00f3 que fue la respuesta del gobierno ante el planteo. Este tema ya lo hablamos en ediciones anteriores, pero vamos a repetir que el FIM es una de las \u201carmas\u201d con las que los intendentes (especialmente los de Juntos) quieren ir a discutir el presupuesto provincial. <strong>La deuda bonaerense est\u00e1 en la mira.<\/strong><\/p>\n<p>&nbsp;<\/p>\n<p>Ojo al dato final.\u00a0<strong>El efecto pr\u00f3rroga en la presentaci\u00f3n de presupuestos comenz\u00f3 a viralizarse por la Provincia<\/strong>. A lo sucedido con Galli le siguieron Carlos S\u00e1nchez (Tres Arroyos), Sergio Bordoni (Tornquist), Manuel Passaglia (San Nicol\u00e1s), y Pablo Petrecca (Jun\u00edn). Algunos, incluso, pidieron pr\u00f3rroga hasta mediados de diciembre. \u00a1Van a estar votando con los lobos marinos y el protector solar en enero!<\/p>\n<p>&nbsp;<\/p>\n<p>Volvemos al HCD: <strong>este pedido del intendente es un proyecto de ordenanza<\/strong> y\u00a0va a tomar estado parlamentario en la sesi\u00f3n del jueves.<strong> \u00bfVa a tener tratamiento sobre tablas? \u00bfO va a ir a comisiones?<\/strong>\u00a0Despu\u00e9s del jueves, quedar\u00e1 s\u00f3lo una sesi\u00f3n m\u00e1s antes del 31 de octubre, cuando vence el plazo de presentaci\u00f3n.<\/p>\n<p>&nbsp;<\/p>\n<p><span style=\"text-decoration: underline;\"><strong>Una contrataci\u00f3n directa &#8220;is coming&#8221;<\/strong><\/span><\/p>\n<p>&nbsp;<\/p>\n<p><strong>\u201cUna buena noticia\u201d. As\u00ed present\u00f3 el Municipio a los adjudicatarios de las viviendas TUVI industrializadas<\/strong> la novedad de que<a href=\"https:\/\/cdnoticias.com\/index.php\/2022\/10\/08\/el-municipio-anuncio-la-continuidad-de-las-viviendas-tuvi-industrializadas\/\" target=\"_blank\" rel=\"noopener\">\u00a0la semana que viene se formalizar\u00e1 la contrataci\u00f3n de una empresa<\/a> para dar continuidad a la construcci\u00f3n\u00a0que qued\u00f3 totalmente paralizada con la rescisi\u00f3n del contrato a la adjudicataria a mediados de septiembre.<\/p>\n<p>&nbsp;<\/p>\n<p><img data-recalc-dims=\"1\" loading=\"lazy\" decoding=\"async\" class=\"size-full wp-image-65022 aligncenter\" src=\"https:\/\/i0.wp.com\/cdnoticias.com\/wp-content\/uploads\/2022\/09\/Obras-Reunion-TUVI-01.jpg?resize=800%2C445&#038;ssl=1\" alt=\"\" width=\"800\" height=\"445\" srcset=\"https:\/\/i0.wp.com\/cdnoticias.com\/wp-content\/uploads\/2022\/09\/Obras-Reunion-TUVI-01.jpg?w=800&amp;ssl=1 800w, https:\/\/i0.wp.com\/cdnoticias.com\/wp-content\/uploads\/2022\/09\/Obras-Reunion-TUVI-01.jpg?resize=300%2C167&amp;ssl=1 300w, https:\/\/i0.wp.com\/cdnoticias.com\/wp-content\/uploads\/2022\/09\/Obras-Reunion-TUVI-01.jpg?resize=768%2C427&amp;ssl=1 768w\" sizes=\"auto, (max-width: 800px) 100vw, 800px\" \/><\/p>\n<p>&nbsp;<\/p>\n<p><strong>\u201cLa pr\u00f3xima semana estar\u00e1 firmado el decreto de continuidad de obra\u201d\u00a0<\/strong>fue el anuncio que se complet\u00f3 con que \u201cllegamos a un acuerdo con\u00a0una empresa privada que continuar\u00e1 la construcci\u00f3n\u201d.<\/p>\n<p>&nbsp;<\/p>\n<p>Desde el Municipio se explic\u00f3 que<strong> estaba todo previsto para definirse el jueves, pero\u00a0por \u201ccuestiones administrativas\u201d pas\u00f3 para la semana que viene<\/strong>. Galli, pr\u00e1cticamente, espera con la lapicera en la mano. Se firmar\u00e1 un decreto con la contrataci\u00f3n directa de la empresa Tancredi para que asuma la continuidad. Ser\u00e1n cerca de siete meses de plazo para la finalizaci\u00f3n.<\/p>\n<p>&nbsp;<\/p>\n<p>Una vez que los papeles est\u00e9n listos,\u00a0<strong>los adjudicatarios ser\u00e1n convocados a una reuni\u00f3n para informarles de manera presencial c\u00f3mo seguir\u00e1 todo.<\/strong> La empresa podr\u00e1 ingresar al predio una vez que la documentaci\u00f3n quede completa. Tanto desde la constructora, como obviamente desde el Municipio la intenci\u00f3n es que eso se d\u00e9 \u201ccuanto antes\u201d.<\/p>\n<p>&nbsp;<\/p>\n<p><img data-recalc-dims=\"1\" loading=\"lazy\" decoding=\"async\" class=\"size-full wp-image-54357 aligncenter\" src=\"https:\/\/i0.wp.com\/cdnoticias.com\/wp-content\/uploads\/2022\/05\/TUVI-viviendas-insdustrializadas-00-1.jpg?resize=800%2C445&#038;ssl=1\" alt=\"\" width=\"800\" height=\"445\" srcset=\"https:\/\/i0.wp.com\/cdnoticias.com\/wp-content\/uploads\/2022\/05\/TUVI-viviendas-insdustrializadas-00-1.jpg?w=800&amp;ssl=1 800w, https:\/\/i0.wp.com\/cdnoticias.com\/wp-content\/uploads\/2022\/05\/TUVI-viviendas-insdustrializadas-00-1.jpg?resize=300%2C167&amp;ssl=1 300w, https:\/\/i0.wp.com\/cdnoticias.com\/wp-content\/uploads\/2022\/05\/TUVI-viviendas-insdustrializadas-00-1.jpg?resize=768%2C427&amp;ssl=1 768w\" sizes=\"auto, (max-width: 800px) 100vw, 800px\" \/><\/p>\n<p>&nbsp;<\/p>\n<p><strong>\u201cSe par\u00f3 la pelota. Se tom\u00f3 una decisi\u00f3n\u201d\u00a0<\/strong>defini\u00f3 un funcionario del Ejecutivo para resumir las medidas tomadas, y tras se\u00f1alar algunas resalt\u00f3 que \u201ctodo se hizo en menos de un mes\u201d, en referencia a la fecha de rescisi\u00f3n del contrato.<\/p>\n<p>&nbsp;<\/p>\n<p><span style=\"text-decoration: underline;\"><strong>M\u00e1s locales radicales<\/strong><\/span><\/p>\n<p>&nbsp;<\/p>\n<p><strong>Los dichos de Facundo Manes sobre Mauricio Macri causaron\u00a0una implosi\u00f3n en Juntos<\/strong>\u00a0bastante importante. Repudios, posicionamientos, defensas y acusaciones, la UCR trata de mostrarse competitiva y a la altura de un Pro que domin\u00f3 el frente opositor desde su creaci\u00f3n, en 2015 bajo el nombre Cambiemos, hoy Juntos.<\/p>\n<p>&nbsp;<\/p>\n<p><strong>\u201cEllos pueden decir que Yrigoyen era populista y nosotros no podemos decir algo que efectivamente pas\u00f3\u201d\u00a0<\/strong>chicane\u00f3 un dirigente radical visiblemente ofuscado no s\u00f3lo con la actitud del Pro, sino tambi\u00e9n con la del Partido centenario de tratar de trabajar para mantener la oposici\u00f3n unida.<\/p>\n<p>&nbsp;<\/p>\n<p><img data-recalc-dims=\"1\" loading=\"lazy\" decoding=\"async\" class=\"size-full wp-image-37829 aligncenter\" src=\"https:\/\/i0.wp.com\/cdnoticias.com\/wp-content\/uploads\/2021\/11\/Manes07.jpg?resize=800%2C445&#038;ssl=1\" alt=\"\" width=\"800\" height=\"445\" srcset=\"https:\/\/i0.wp.com\/cdnoticias.com\/wp-content\/uploads\/2021\/11\/Manes07.jpg?w=800&amp;ssl=1 800w, https:\/\/i0.wp.com\/cdnoticias.com\/wp-content\/uploads\/2021\/11\/Manes07.jpg?resize=300%2C167&amp;ssl=1 300w, https:\/\/i0.wp.com\/cdnoticias.com\/wp-content\/uploads\/2021\/11\/Manes07.jpg?resize=768%2C427&amp;ssl=1 768w\" sizes=\"auto, (max-width: 800px) 100vw, 800px\" \/><\/p>\n<p>&nbsp;<\/p>\n<p>\u201cTrabajar en la disidencia s\u00ed, vamos todos unidos. <strong>Trabajar y ser obedientes al Pro no\u201d\u00a0insistieron<\/strong>.<\/p>\n<p>&nbsp;<\/p>\n<p>De todas maneras,\u00a0<strong>la situaci\u00f3n dividi\u00f3 las aguas dentro del radicalismo<\/strong>: por un lado, apareci\u00f3 el comunicado de la UCR Nacional que pidi\u00f3 \u201ccuidar la esperanza que construy\u00f3 Juntos por el Cambio\u201d como \u201cherramienta para terminar con este ciclo del kirchnerismo que llev\u00f3 a m\u00e1s inflaci\u00f3n, m\u00e1s pobreza y m\u00e1s degradaci\u00f3n institucional\u201d.<\/p>\n<p>&nbsp;<\/p>\n<p><strong>A nivel local, la postura m\u00e1s fuerte fue la de\u00a0Sebasti\u00e1n Matrella<\/strong>. <a href=\"https:\/\/cdnoticias.com\/index.php\/2022\/10\/05\/matrella-se-despego-de-los-dichos-de-manes-y-pidio-no-defraudar-a-millones-de-argentinos\/\" target=\"_blank\" rel=\"noopener\">El concejal radical<\/a> (y en momentos donde se pod\u00eda ver incluso con im\u00e1genes que todos se abroquelaban detr\u00e1s del neurocient\u00edfico) dijo que <em>\u201cdebemos entender como oposici\u00f3n que no podemos defraudar a millones de argentinos que hoy apuestan a que nuestro espacio sea la salida para esta crisis que estamos viviendo\u201d<\/em>.<\/p>\n<p>&nbsp;<\/p>\n<p><strong>\u201cLa agenda es pensar en la inflaci\u00f3n, la educaci\u00f3n, la pobreza y no los egos\u201d<\/strong>\u00a0remat\u00f3.<\/p>\n<p>&nbsp;<\/p>\n<p><img data-recalc-dims=\"1\" loading=\"lazy\" decoding=\"async\" class=\"size-full wp-image-59456 aligncenter\" src=\"https:\/\/i0.wp.com\/cdnoticias.com\/wp-content\/uploads\/2022\/07\/HCD-1-matrella.jpg?resize=800%2C445&#038;ssl=1\" alt=\"\" width=\"800\" height=\"445\" srcset=\"https:\/\/i0.wp.com\/cdnoticias.com\/wp-content\/uploads\/2022\/07\/HCD-1-matrella.jpg?w=800&amp;ssl=1 800w, https:\/\/i0.wp.com\/cdnoticias.com\/wp-content\/uploads\/2022\/07\/HCD-1-matrella.jpg?resize=300%2C167&amp;ssl=1 300w, https:\/\/i0.wp.com\/cdnoticias.com\/wp-content\/uploads\/2022\/07\/HCD-1-matrella.jpg?resize=768%2C427&amp;ssl=1 768w\" sizes=\"auto, (max-width: 800px) 100vw, 800px\" \/><\/p>\n<p>&nbsp;<\/p>\n<p>Mientras tanto\u2026<strong>otro sector de la UCR prepara una inauguraci\u00f3n de un local partidario en la nueva \u201czona pol\u00edtica de la ciudad\u201d<\/strong>. A pocos pasos del <a href=\"https:\/\/cdnoticias.com\/index.php\/2022\/09\/30\/ritondo-estuvo-en-olavarria-y-mostro-a-dalton-jauregui-como-alternativa-local\/\" target=\"_blank\" rel=\"noopener\">local instalado por Dalton J\u00e1uregui representando a Mar\u00eda Eugenia Vidal y Cristian Ritondo<\/a>: <strong>un sector del radicalismo mostrar\u00e1 el expreso acompa\u00f1amiento a Facundo Manes<\/strong>.<\/p>\n<p>&nbsp;<\/p>\n<p><strong>Es un sector que no comparte la conducci\u00f3n del actual comit\u00e9 local\u00a0y que buscar\u00e1 posicionarse en el mapa pol\u00edtico<\/strong>. Se espera un importante acto durante la semana, con visitas provinciales y\u00a0\u201cpuede ser una jornada a priori disruptiva en la escena pol\u00edtica\u201d. Veremos por qu\u00e9.<\/p>\n<p>&nbsp;<\/p>\n<p>*<em> Un extracto<\/em><\/p>\n<p>&nbsp;<\/p>\n<p><em>Esta publicaci\u00f3n es parte de la edici\u00f3n de este domingo del\u00a0newsletter Volver a las Fuentes\u00a0que escriben\u00a0Alexis Grierson y Josefina Bargas.\u00a0<a href=\"https:\/\/mailchi.mp\/516b65b84ebc\/ejecucin-y-proyeccin-nmeros-que-se-sospechan-y-condicionan?e=e4ffb04d40\" target=\"_blank\" rel=\"noopener\">La edici\u00f3n completa est\u00e1 disponible aqu\u00ed<\/a> y se pueden suscribir de forma gratuita para recibirlo por mail<a href=\"https:\/\/gmail.us17.list-manage.com\/subscribe?u=cba2a41506a8e26d100c3f0f8&amp;id=63ce583cd9\" target=\"_blank\" rel=\"noopener\">\u00a0dejando sus datos en este formulario.<\/a><\/em><\/p>\n<p>&nbsp;<\/p>\n","protected":false},"excerpt":{"rendered":"<p>Las discusiones t\u00e9cnicas y pol\u00edticas, locales y provinciales, en torno al pedido de pr\u00f3rroga que hizo Galli para presentar el<\/p>\n","protected":false},"author":4,"featured_media":66774,"comment_status":"closed","ping_status":"closed","sticky":false,"template":"","format":"standard","meta":{"_jetpack_memberships_contains_paid_content":false,"footnotes":""},"categories":[4,1],"tags":[],"class_list":["post-66773","post","type-post","status-publish","format-standard","has-post-thumbnail","hentry","category-politica","category-portada"],"jetpack_featured_media_url":"https:\/\/i0.wp.com\/cdnoticias.com\/wp-content\/uploads\/2022\/10\/obras-construccion-ezequiel-galli-julio-ferraro-0.jpg?fit=800%2C445&ssl=1","jetpack_sharing_enabled":true,"_links":{"self":[{"href":"https:\/\/cdnoticias.com\/index.php\/wp-json\/wp\/v2\/posts\/66773","targetHints":{"allow":["GET"]}}],"collection":[{"href":"https:\/\/cdnoticias.com\/index.php\/wp-json\/wp\/v2\/posts"}],"about":[{"href":"https:\/\/cdnoticias.com\/index.php\/wp-json\/wp\/v2\/types\/post"}],"author":[{"embeddable":true,"href":"https:\/\/cdnoticias.com\/index.php\/wp-json\/wp\/v2\/users\/4"}],"replies":[{"embeddable":true,"href":"https:\/\/cdnoticias.com\/index.php\/wp-json\/wp\/v2\/comments?post=66773"}],"version-history":[{"count":0,"href":"https:\/\/cdnoticias.com\/index.php\/wp-json\/wp\/v2\/posts\/66773\/revisions"}],"wp:featuredmedia":[{"embeddable":true,"href":"https:\/\/cdnoticias.com\/index.php\/wp-json\/wp\/v2\/media\/66774"}],"wp:attachment":[{"href":"https:\/\/cdnoticias.com\/index.php\/wp-json\/wp\/v2\/media?parent=66773"}],"wp:term":[{"taxonomy":"category","embeddable":true,"href":"https:\/\/cdnoticias.com\/index.php\/wp-json\/wp\/v2\/categories?post=66773"},{"taxonomy":"post_tag","embeddable":true,"href":"https:\/\/cdnoticias.com\/index.php\/wp-json\/wp\/v2\/tags?post=66773"}],"curies":[{"name":"wp","href":"https:\/\/api.w.org\/{rel}","templated":true}]}}