{"id":66699,"date":"2022-10-08T15:17:19","date_gmt":"2022-10-08T18:17:19","guid":{"rendered":"https:\/\/www.centraldenoticias.com.ar\/?p=66699"},"modified":"2022-10-08T21:00:52","modified_gmt":"2022-10-09T00:00:52","slug":"se-dicto-la-prision-preventiva-para-martin-marcelli","status":"publish","type":"post","link":"https:\/\/cdnoticias.com\/index.php\/2022\/10\/08\/se-dicto-la-prision-preventiva-para-martin-marcelli\/","title":{"rendered":"Se dict\u00f3 la prisi\u00f3n preventiva para Mart\u00edn Marcelli"},"content":{"rendered":"<p>El defensor oficial suspendido en su cargo est\u00e1 imputado por tres causas enmarcadas en violencia de g\u00e9nero. Sigue alojado en una unidad penal de Sierra Chica.<!--more--><\/p>\n<hr \/>\n<p><strong>D\u00edas pasados se dict\u00f3 la prisi\u00f3n preventiva contra el defensor oficial suspendido en su cargo, Mart\u00edn Marcelli (51)<\/strong>. La medida hab\u00eda sido solicitada por el la <strong>UFIE, a cargo del fiscal Ignacio Calonje<\/strong>, que tiene a su cargo las averiguaciones en las tres causas enmarcadas en violencia de g\u00e9nero por las que el abogado <a href=\"https:\/\/cdnoticias.com\/index.php\/2022\/08\/29\/pueblo-nuevo-detuvieron-al-ex-defensor-oficial-martin-marcelli\/\" target=\"_blank\" rel=\"noopener\">fue detenido el 29 de agosto pasado en Olavarr\u00eda<\/a>.<\/p>\n<p>&nbsp;<\/p>\n<p>De esta manera, <strong>Marcelli seguir\u00e1 en prisi\u00f3n mientras se desarrolla el proceso en su contra<\/strong>. Sigue alojado en la Unidad 38 de Sierra Chica.<\/p>\n<p>&nbsp;<\/p>\n<p>Tras su detenci\u00f3n, <a href=\"https:\/\/cdnoticias.com\/index.php\/2022\/08\/31\/el-ex-defensor-oficial-martin-marcelli-declaro-ante-el-fiscal-calonje\/\" target=\"_blank\" rel=\"noopener\">Marcelli hab\u00eda declarado ante el fiscal<\/a> y neg\u00f3 su autor\u00eda en tres causas en las que se imputado. Una de ellas es<strong> \u201creducci\u00f3n a estado de servidumbre en concurso real con lesiones leves calificadas por el v\u00ednculo en un contexto de violencia de g\u00e9nero (reiteradas)\u201d<\/strong>, los otros son <strong>\u201camenazas calificadas por el uso de arma\u201d<\/strong> y <strong>\u201camenazas agravadas\u201d<\/strong>.<\/p>\n<p>&nbsp;<\/p>\n<p>A fines de noviembre pasado el todav\u00eda Defensor Oficial fue suspendido de sus funciones, luego de que desde La Plata hab\u00eda sido sometido a un <strong>Jurado de Enjuiciamiento<\/strong>.<\/p>\n<p>&nbsp;<\/p>\n<p>&nbsp;<\/p>\n","protected":false},"excerpt":{"rendered":"<p>El defensor oficial suspendido en su cargo est\u00e1 imputado por tres causas enmarcadas en violencia de g\u00e9nero. Sigue alojado en<\/p>\n","protected":false},"author":4,"featured_media":63646,"comment_status":"closed","ping_status":"closed","sticky":false,"template":"","format":"standard","meta":{"_jetpack_memberships_contains_paid_content":false,"footnotes":""},"categories":[14,1],"tags":[],"class_list":["post-66699","post","type-post","status-publish","format-standard","has-post-thumbnail","hentry","category-policiales","category-portada"],"jetpack_featured_media_url":"https:\/\/i0.wp.com\/cdnoticias.com\/wp-content\/uploads\/2022\/08\/martin-marcelli-detenido-00.jpg?fit=800%2C445&ssl=1","jetpack_sharing_enabled":true,"_links":{"self":[{"href":"https:\/\/cdnoticias.com\/index.php\/wp-json\/wp\/v2\/posts\/66699","targetHints":{"allow":["GET"]}}],"collection":[{"href":"https:\/\/cdnoticias.com\/index.php\/wp-json\/wp\/v2\/posts"}],"about":[{"href":"https:\/\/cdnoticias.com\/index.php\/wp-json\/wp\/v2\/types\/post"}],"author":[{"embeddable":true,"href":"https:\/\/cdnoticias.com\/index.php\/wp-json\/wp\/v2\/users\/4"}],"replies":[{"embeddable":true,"href":"https:\/\/cdnoticias.com\/index.php\/wp-json\/wp\/v2\/comments?post=66699"}],"version-history":[{"count":0,"href":"https:\/\/cdnoticias.com\/index.php\/wp-json\/wp\/v2\/posts\/66699\/revisions"}],"wp:featuredmedia":[{"embeddable":true,"href":"https:\/\/cdnoticias.com\/index.php\/wp-json\/wp\/v2\/media\/63646"}],"wp:attachment":[{"href":"https:\/\/cdnoticias.com\/index.php\/wp-json\/wp\/v2\/media?parent=66699"}],"wp:term":[{"taxonomy":"category","embeddable":true,"href":"https:\/\/cdnoticias.com\/index.php\/wp-json\/wp\/v2\/categories?post=66699"},{"taxonomy":"post_tag","embeddable":true,"href":"https:\/\/cdnoticias.com\/index.php\/wp-json\/wp\/v2\/tags?post=66699"}],"curies":[{"name":"wp","href":"https:\/\/api.w.org\/{rel}","templated":true}]}}