{"id":66683,"date":"2022-10-08T10:11:08","date_gmt":"2022-10-08T13:11:08","guid":{"rendered":"https:\/\/www.centraldenoticias.com.ar\/?p=66683"},"modified":"2022-10-08T12:37:02","modified_gmt":"2022-10-08T15:37:02","slug":"murio-el-miguel-falcon-el-padre-de-jennifer","status":"publish","type":"post","link":"https:\/\/cdnoticias.com\/index.php\/2022\/10\/08\/murio-el-miguel-falcon-el-padre-de-jennifer\/","title":{"rendered":"Muri\u00f3 Miguel Falcon, el padre de Jennifer"},"content":{"rendered":"<p>El hombre es recordado en el \u00e1mbito policial. Su hija hab\u00eda sido asesinada en 2001 en Olavarr\u00eda en un caso que tom\u00f3 trascendencia nacional.<!--more--><\/p>\n<hr \/>\n<p><strong>Este viernes falleci\u00f3 en Olavarr\u00eda Miguel Falc\u00f3n (54), retirado de la polic\u00eda<\/strong>. Hab\u00eda prestado servicios en la Divisi\u00f3n Delitos Complejos y Narcocriminalidad de Azul. <strong>Su muerte fue sentida en el \u00e1mbito policial de Olavarr\u00eda y su nombre es recordado tambi\u00e9n en toda la ciudad<\/strong>.<\/p>\n<p>&nbsp;<\/p>\n<p><strong>Era el padre de Jennifer, la ni\u00f1a de 7 a\u00f1os que en febrero de 2001 fue violada y asesinada<\/strong> por Mario Oscar Sayago en uno de los cr\u00edmenes que marcaron a Olavarr\u00eda y tuvo impacto en el sistema penal al derivar en la derogaci\u00f3n del sistema llamado \u201c2&#215;1\u201d, ley N\u00b0 24.390, que reduc\u00eda las penas en funci\u00f3n de la extensi\u00f3n del per\u00edodo de detenci\u00f3n sin condena.<\/p>\n<p>&nbsp;<\/p>\n<blockquote class=\"wp-embedded-content\" data-secret=\"ug0SvZb26J\"><p><a href=\"https:\/\/cdnoticias.com\/index.php\/2022\/10\/08\/miguel-angel-falcon-q-e-p-d\/\">Miguel \u00c1ngel Falcon (Q.E.P.D.)<\/a><\/p><\/blockquote>\n<p><iframe loading=\"lazy\" class=\"wp-embedded-content\" sandbox=\"allow-scripts\" security=\"restricted\" style=\"position: absolute; clip: rect(1px, 1px, 1px, 1px);\" title=\"&#8220;Miguel \u00c1ngel Falcon (Q.E.P.D.)&#8221; &#8212; Central de Noticias | Olavarr\u00eda\" src=\"https:\/\/cdnoticias.com\/index.php\/2022\/10\/08\/miguel-angel-falcon-q-e-p-d\/embed\/#?secret=lrEcNEFIl1#?secret=ug0SvZb26J\" data-secret=\"ug0SvZb26J\" width=\"600\" height=\"338\" frameborder=\"0\" marginwidth=\"0\" marginheight=\"0\" scrolling=\"no\"><\/iframe><\/p>\n<p>&nbsp;<\/p>\n<p>Sayago, nacido en Olavarr\u00eda en 1948, hab\u00eda estado preso 16 a\u00f1os en el sur del pa\u00eds por hechos de abuso sexual y homicidio, pero nunca cumpli\u00f3 una condena completa. Su primer antecedente delictivo databa de 1983: el 19 de marzo en Puerto Madryn (Chubut) Sayago secuestr\u00f3, viol\u00f3 y asesin\u00f3 a dos mujeres. Por esos delitos, sumados a los de &#8220;amenazas y destrucci\u00f3n de documento de identidad&#8221;, fue condenado a 21 a\u00f1os y 6 meses de prisi\u00f3n. Su sentencia deb\u00eda vencer el 19 de setiembre de 2004.<\/p>\n<p>&nbsp;<\/p>\n<p>Fue encarcelado en General Roca, R\u00edo Negro. Sin embargo, accedi\u00f3 a los beneficios previstos en leyes nacionales que fijaba descuentos de meses y a\u00f1os en las condenas para algunos presos. En 1998 fue liberado.<\/p>\n<p>&nbsp;<\/p>\n<p>Durante el a\u00f1o 2000 fue acusado de intentar abusar de dos menores de edad y tambi\u00e9n su nombre se mencion\u00f3 en otro hecho de violaci\u00f3n y homicidio. En ninguno de los casos fue condenado por la justicia de la provincia de Neuqu\u00e9n, donde se dieron los delitos.<\/p>\n<p>&nbsp;<\/p>\n<p>Tras ello volvi\u00f3 a Olavarr\u00eda y lo hizo de nuevo, se llev\u00f3 la vida de Jennifer Falc\u00f3n.<\/p>\n<p>&nbsp;<\/p>\n","protected":false},"excerpt":{"rendered":"<p>El hombre es recordado en el \u00e1mbito policial. Su hija hab\u00eda sido asesinada en 2001 en Olavarr\u00eda en un caso<\/p>\n","protected":false},"author":4,"featured_media":66684,"comment_status":"closed","ping_status":"closed","sticky":false,"template":"","format":"standard","meta":{"_jetpack_memberships_contains_paid_content":false,"footnotes":""},"categories":[5,1],"tags":[],"class_list":["post-66683","post","type-post","status-publish","format-standard","has-post-thumbnail","hentry","category-informacion-general","category-portada"],"jetpack_featured_media_url":"https:\/\/i0.wp.com\/cdnoticias.com\/wp-content\/uploads\/2022\/10\/cementerio-loma-de-paz-00.jpg?fit=800%2C445&ssl=1","jetpack_sharing_enabled":true,"_links":{"self":[{"href":"https:\/\/cdnoticias.com\/index.php\/wp-json\/wp\/v2\/posts\/66683","targetHints":{"allow":["GET"]}}],"collection":[{"href":"https:\/\/cdnoticias.com\/index.php\/wp-json\/wp\/v2\/posts"}],"about":[{"href":"https:\/\/cdnoticias.com\/index.php\/wp-json\/wp\/v2\/types\/post"}],"author":[{"embeddable":true,"href":"https:\/\/cdnoticias.com\/index.php\/wp-json\/wp\/v2\/users\/4"}],"replies":[{"embeddable":true,"href":"https:\/\/cdnoticias.com\/index.php\/wp-json\/wp\/v2\/comments?post=66683"}],"version-history":[{"count":0,"href":"https:\/\/cdnoticias.com\/index.php\/wp-json\/wp\/v2\/posts\/66683\/revisions"}],"wp:featuredmedia":[{"embeddable":true,"href":"https:\/\/cdnoticias.com\/index.php\/wp-json\/wp\/v2\/media\/66684"}],"wp:attachment":[{"href":"https:\/\/cdnoticias.com\/index.php\/wp-json\/wp\/v2\/media?parent=66683"}],"wp:term":[{"taxonomy":"category","embeddable":true,"href":"https:\/\/cdnoticias.com\/index.php\/wp-json\/wp\/v2\/categories?post=66683"},{"taxonomy":"post_tag","embeddable":true,"href":"https:\/\/cdnoticias.com\/index.php\/wp-json\/wp\/v2\/tags?post=66683"}],"curies":[{"name":"wp","href":"https:\/\/api.w.org\/{rel}","templated":true}]}}