{"id":66678,"date":"2022-10-07T19:46:08","date_gmt":"2022-10-07T22:46:08","guid":{"rendered":"https:\/\/www.centraldenoticias.com.ar\/?p=66678"},"modified":"2022-10-08T09:13:42","modified_gmt":"2022-10-08T12:13:42","slug":"se-confirmo-una-nueva-edicion-de-un-aplauso-al-asador","status":"publish","type":"post","link":"https:\/\/cdnoticias.com\/index.php\/2022\/10\/07\/se-confirmo-una-nueva-edicion-de-un-aplauso-al-asador\/","title":{"rendered":"Se confirm\u00f3 una nueva edici\u00f3n de \u201cUn aplauso al asador\u201d"},"content":{"rendered":"<p>Ser\u00e1 el domingo 6 de noviembre en el Parque Helios Eseverri. Comenz\u00f3 la convocatoria a entidades y artistas que deseen participar.<!--more--><\/p>\n<hr \/>\n<p>El pr\u00f3ximo 6 de noviembre se realizar\u00e1 la<strong> 37\u00b0 edici\u00f3n de \u201cUn aplauso al asador\u201d en el Parque Helios Eseverri, esta tradicional fiesta que convoca a miles de olavarrienses a disfrutar de un rico asado en sus distintas variables.<\/strong><\/p>\n<p>&nbsp;<\/p>\n<blockquote><p>Es por ello que el Municipio, a trav\u00e9s de la Subsecretar\u00eda de Cultura y Educaci\u00f3n, convoca a las instituciones del Partido a participar del evento.<\/p><\/blockquote>\n<p>&nbsp;<\/p>\n<p>Se destac\u00f3 que <strong>podr\u00e1n participar entidades de bien p\u00fablico que est\u00e9n debidamente acreditadas, clubes de madres y asociaciones cooperadoras, sociedades de fomento, juntas vecinales, agrupaciones tradicionalistas, etc.<\/strong><\/p>\n<p>&nbsp;<\/p>\n<p><img data-recalc-dims=\"1\" loading=\"lazy\" decoding=\"async\" class=\"alignnone size-full wp-image-37973\" src=\"https:\/\/i0.wp.com\/cdnoticias.com\/wp-content\/uploads\/2021\/11\/aplauso-al-asador-parque-06.jpg?resize=800%2C445&#038;ssl=1\" alt=\"\" width=\"800\" height=\"445\" srcset=\"https:\/\/i0.wp.com\/cdnoticias.com\/wp-content\/uploads\/2021\/11\/aplauso-al-asador-parque-06.jpg?w=800&amp;ssl=1 800w, https:\/\/i0.wp.com\/cdnoticias.com\/wp-content\/uploads\/2021\/11\/aplauso-al-asador-parque-06.jpg?resize=300%2C167&amp;ssl=1 300w, https:\/\/i0.wp.com\/cdnoticias.com\/wp-content\/uploads\/2021\/11\/aplauso-al-asador-parque-06.jpg?resize=768%2C427&amp;ssl=1 768w\" sizes=\"auto, (max-width: 800px) 100vw, 800px\" \/><\/p>\n<p>&nbsp;<\/p>\n<p><strong>La inscripci\u00f3n ser\u00e1 desde el 11 hasta el 21 de octubre<\/strong> -inclusive- y los interesados deber\u00e1n acercar una nota de la instituci\u00f3n a la que pertenecen en la que conste la solicitud para participar del evento y los datos de contactos del referente (n\u00famero de tel\u00e9fono y direcci\u00f3n de correo electr\u00f3nico), asi como tambi\u00e9n la documentaci\u00f3n que avale a la instituci\u00f3n.<\/p>\n<p>&nbsp;<\/p>\n<p>Asimismo,<strong> la fiesta contar\u00e1 con un escenario dedicado al folklore y por eso, tambi\u00e9n, se convoca a artistas locales del g\u00e9nero folkl\u00f3rico (m\u00fasicos y\/o grupos de danza) a que se acerquen a anotarse.<\/strong> Luego se realizar\u00e1 un sorteo con todos los inscriptos y de ah\u00ed quedar\u00e1 conformada la grilla de espect\u00e1culos.<\/p>\n<p>&nbsp;<\/p>\n<p>Por consultas e informes comunicarse la Casa de la Cultura al tel\u00e9fono 427180\/426043, o personalmente a Coronel Su\u00e1rez 2924 de 8 a 13 horas.<\/p>\n","protected":false},"excerpt":{"rendered":"<p>Ser\u00e1 el domingo 6 de noviembre en el Parque Helios Eseverri. Comenz\u00f3 la convocatoria a entidades y artistas que deseen<\/p>\n","protected":false},"author":2,"featured_media":37974,"comment_status":"closed","ping_status":"closed","sticky":false,"template":"","format":"standard","meta":{"_jetpack_memberships_contains_paid_content":false,"footnotes":""},"categories":[5,1],"tags":[],"class_list":["post-66678","post","type-post","status-publish","format-standard","has-post-thumbnail","hentry","category-informacion-general","category-portada"],"jetpack_featured_media_url":"https:\/\/i0.wp.com\/cdnoticias.com\/wp-content\/uploads\/2021\/11\/aplauso-al-asador-parque-00.jpg?fit=800%2C445&ssl=1","jetpack_sharing_enabled":true,"_links":{"self":[{"href":"https:\/\/cdnoticias.com\/index.php\/wp-json\/wp\/v2\/posts\/66678","targetHints":{"allow":["GET"]}}],"collection":[{"href":"https:\/\/cdnoticias.com\/index.php\/wp-json\/wp\/v2\/posts"}],"about":[{"href":"https:\/\/cdnoticias.com\/index.php\/wp-json\/wp\/v2\/types\/post"}],"author":[{"embeddable":true,"href":"https:\/\/cdnoticias.com\/index.php\/wp-json\/wp\/v2\/users\/2"}],"replies":[{"embeddable":true,"href":"https:\/\/cdnoticias.com\/index.php\/wp-json\/wp\/v2\/comments?post=66678"}],"version-history":[{"count":0,"href":"https:\/\/cdnoticias.com\/index.php\/wp-json\/wp\/v2\/posts\/66678\/revisions"}],"wp:featuredmedia":[{"embeddable":true,"href":"https:\/\/cdnoticias.com\/index.php\/wp-json\/wp\/v2\/media\/37974"}],"wp:attachment":[{"href":"https:\/\/cdnoticias.com\/index.php\/wp-json\/wp\/v2\/media?parent=66678"}],"wp:term":[{"taxonomy":"category","embeddable":true,"href":"https:\/\/cdnoticias.com\/index.php\/wp-json\/wp\/v2\/categories?post=66678"},{"taxonomy":"post_tag","embeddable":true,"href":"https:\/\/cdnoticias.com\/index.php\/wp-json\/wp\/v2\/tags?post=66678"}],"curies":[{"name":"wp","href":"https:\/\/api.w.org\/{rel}","templated":true}]}}