{"id":6665,"date":"2020-11-16T18:24:45","date_gmt":"2020-11-16T21:24:45","guid":{"rendered":"http:\/\/www.centraldenoticias.com.ar\/?p=6665"},"modified":"2020-11-16T18:25:27","modified_gmt":"2020-11-16T21:25:27","slug":"covid19-en-la-region-tandil-y-laprida-liberan-accesos-a-la-ciudad","status":"publish","type":"post","link":"https:\/\/cdnoticias.com\/index.php\/2020\/11\/16\/covid19-en-la-region-tandil-y-laprida-liberan-accesos-a-la-ciudad\/","title":{"rendered":"Covid19 en la regi\u00f3n: Tandil y Laprida liberan accesos a la ciudad"},"content":{"rendered":"<p>A partir del pr\u00f3ximo lunes la ciudad serrana quitar\u00e1 los puestos de control, mientras que Laprida ya no pedir\u00e1 permisos para entrar a la localidad.<\/p>\n<p><!--more--><\/p>\n<hr \/>\n<p>La merma de casos es una realidad que se est\u00e1 dando en toda la regi\u00f3n, situaci\u00f3n que se tradujo en nuevos permisos y excepciones, <a href=\"https:\/\/cdnoticias.com\/index.php\/2020\/11\/14\/olavarria-sigue-en-fase-4-pero-con-nuevas-actividades-permitidas\/\" target=\"_blank\" rel=\"noopener\">tal como fue anunciado en Olavarr\u00eda d\u00edas atr\u00e1s<\/a>.<\/p>\n<p>&nbsp;<\/p>\n<p>Nuestra ciudad, a la par, hace ya varias semanas que no cuenta con puestos de control en los accesos de la ciudad, <strong>una medida que de a poco tambi\u00e9n se va replicando en los distritos en la regi\u00f3n<\/strong>.<\/p>\n<p>&nbsp;<\/p>\n<p><img data-recalc-dims=\"1\" loading=\"lazy\" decoding=\"async\" class=\"alignnone size-large wp-image-2411\" src=\"https:\/\/i0.wp.com\/cdnoticias.com\/wp-content\/uploads\/2020\/09\/Controles-Accesos-1024x683-1024x683.jpg?resize=800%2C534&#038;ssl=1\" alt=\"\" width=\"800\" height=\"534\" srcset=\"https:\/\/i0.wp.com\/cdnoticias.com\/wp-content\/uploads\/2020\/09\/Controles-Accesos-1024x683.jpg?resize=1024%2C683&amp;ssl=1 1024w, https:\/\/i0.wp.com\/cdnoticias.com\/wp-content\/uploads\/2020\/09\/Controles-Accesos-1024x683.jpg?resize=300%2C200&amp;ssl=1 300w, https:\/\/i0.wp.com\/cdnoticias.com\/wp-content\/uploads\/2020\/09\/Controles-Accesos-1024x683.jpg?resize=768%2C512&amp;ssl=1 768w, https:\/\/i0.wp.com\/cdnoticias.com\/wp-content\/uploads\/2020\/09\/Controles-Accesos-1024x683.jpg?resize=272%2C182&amp;ssl=1 272w\" sizes=\"auto, (max-width: 800px) 100vw, 800px\" \/><\/p>\n<p>&nbsp;<\/p>\n<p><strong>Tal es as\u00ed que Tandil as\u00ed lo har\u00e1 a partir del pr\u00f3ximo lunes<\/strong>, tal cual fue anunciado por autoridades de la ciudad serrana. <strong>Los esfuerzos, y por ende los controles, pasar\u00e1n a focalizarse hacia el interior del casco urbano, seg\u00fan se explic\u00f3.<\/strong><\/p>\n<p>&nbsp;<\/p>\n<p>Con el correr de los pr\u00f3ximos d\u00edas comenzar\u00e1 a llevarse a cabo la liberaci\u00f3n de caminos, tanto desde la Ruta Nacional 226 como accesos vecinales, a la par de<strong> retirar toda la infraestructura, ya sea los puestos en s\u00ed como los mont\u00edculos y distintos elementos dispuestos como retenes.<\/strong><\/p>\n<p>&nbsp;<\/p>\n<p><img data-recalc-dims=\"1\" loading=\"lazy\" decoding=\"async\" class=\"alignnone size-full wp-image-6663\" src=\"https:\/\/i0.wp.com\/cdnoticias.com\/wp-content\/uploads\/2020\/11\/125522380_984045178789987_8756909190952074420_n.jpg?resize=800%2C800&#038;ssl=1\" alt=\"\" width=\"800\" height=\"800\" srcset=\"https:\/\/i0.wp.com\/cdnoticias.com\/wp-content\/uploads\/2020\/11\/125522380_984045178789987_8756909190952074420_n.jpg?w=960&amp;ssl=1 960w, https:\/\/i0.wp.com\/cdnoticias.com\/wp-content\/uploads\/2020\/11\/125522380_984045178789987_8756909190952074420_n.jpg?resize=150%2C150&amp;ssl=1 150w, https:\/\/i0.wp.com\/cdnoticias.com\/wp-content\/uploads\/2020\/11\/125522380_984045178789987_8756909190952074420_n.jpg?resize=300%2C300&amp;ssl=1 300w, https:\/\/i0.wp.com\/cdnoticias.com\/wp-content\/uploads\/2020\/11\/125522380_984045178789987_8756909190952074420_n.jpg?resize=768%2C768&amp;ssl=1 768w\" sizes=\"auto, (max-width: 800px) 100vw, 800px\" \/><\/p>\n<p>&nbsp;<\/p>\n<p><strong>En las \u00faltimas horas Tandil registr\u00f3 la muerte de otro paciente con Covid19, se trat\u00f3 de una mujer de 62 a\u00f1os, lo que elev\u00f3 a 74 el n\u00famero de fallecimientos durante la pandemia<\/strong>. No obstante ello, el distrito serrano volvi\u00f3 a registrar una marca baja de nuevos contagios, 24 casos para ser m\u00e1s precisos, aunque el n\u00famero de pacientes activos sigue cercano al millar.<\/p>\n<p>&nbsp;<\/p>\n<p>En el detalle de la regi\u00f3n, y\u00a0 si de permisos y accesos hablamos, no puede eludirse la situaci\u00f3n particular de <strong>Laprida. El municipio vecino no s\u00f3lo liber\u00f3 los accesos, sino que ahora tampoco pedir\u00e1 permiso para ingresar a la ciudad.<\/strong><\/p>\n<p>&nbsp;<\/p>\n<p><img data-recalc-dims=\"1\" loading=\"lazy\" decoding=\"async\" class=\"alignnone size-full wp-image-6662\" src=\"https:\/\/i0.wp.com\/cdnoticias.com\/wp-content\/uploads\/2020\/11\/controlesingresolaprida.jpg?resize=800%2C457&#038;ssl=1\" alt=\"\" width=\"800\" height=\"457\" srcset=\"https:\/\/i0.wp.com\/cdnoticias.com\/wp-content\/uploads\/2020\/11\/controlesingresolaprida.jpg?w=920&amp;ssl=1 920w, https:\/\/i0.wp.com\/cdnoticias.com\/wp-content\/uploads\/2020\/11\/controlesingresolaprida.jpg?resize=300%2C171&amp;ssl=1 300w, https:\/\/i0.wp.com\/cdnoticias.com\/wp-content\/uploads\/2020\/11\/controlesingresolaprida.jpg?resize=768%2C438&amp;ssl=1 768w\" sizes=\"auto, (max-width: 800px) 100vw, 800px\" \/><\/p>\n<p>&nbsp;<\/p>\n<p>Hasta hace unas horas <strong>deb\u00eda tramitarse la autorizaci\u00f3n a trav\u00e9s de la p\u00e1gina web del municipio, situaci\u00f3n que ahora fue dejada atr\u00e1s, tal cual se detall\u00f3 desde el Ejecutivo lapridense<\/strong>. El control en el lugar permanecer\u00e1, como m\u00ednimo, hasta fin de mes pero ser\u00e1 un control de tr\u00e1nsito, se detall\u00f3.<\/p>\n<p>&nbsp;<\/p>\n<p>Sobre la situaci\u00f3n sanitaria en s\u00ed Laprida no registr\u00f3 mayores novedades debido a que no se ha dado el arribo de resultados de hisopados, son en total<strong> 16 los casos en estudio y 17 los pacientes activos.<\/strong><\/p>\n<p>&nbsp;<\/p>\n<p>Fotos e informaci\u00f3n: Oh Laprida y Nueva Era de Tandil<\/p>\n","protected":false},"excerpt":{"rendered":"<p>A partir del pr\u00f3ximo lunes la ciudad serrana quitar\u00e1 los puestos de control, mientras que Laprida ya no pedir\u00e1 permisos<\/p>\n","protected":false},"author":3,"featured_media":6661,"comment_status":"closed","ping_status":"closed","sticky":false,"template":"","format":"standard","meta":{"_jetpack_memberships_contains_paid_content":false,"footnotes":""},"categories":[6,1],"tags":[],"class_list":["post-6665","post","type-post","status-publish","format-standard","has-post-thumbnail","hentry","category-nacionales","category-portada"],"jetpack_featured_media_url":"https:\/\/i0.wp.com\/cdnoticias.com\/wp-content\/uploads\/2020\/11\/1605540074.jpeg?fit=948%2C533&ssl=1","jetpack_sharing_enabled":true,"_links":{"self":[{"href":"https:\/\/cdnoticias.com\/index.php\/wp-json\/wp\/v2\/posts\/6665","targetHints":{"allow":["GET"]}}],"collection":[{"href":"https:\/\/cdnoticias.com\/index.php\/wp-json\/wp\/v2\/posts"}],"about":[{"href":"https:\/\/cdnoticias.com\/index.php\/wp-json\/wp\/v2\/types\/post"}],"author":[{"embeddable":true,"href":"https:\/\/cdnoticias.com\/index.php\/wp-json\/wp\/v2\/users\/3"}],"replies":[{"embeddable":true,"href":"https:\/\/cdnoticias.com\/index.php\/wp-json\/wp\/v2\/comments?post=6665"}],"version-history":[{"count":0,"href":"https:\/\/cdnoticias.com\/index.php\/wp-json\/wp\/v2\/posts\/6665\/revisions"}],"wp:featuredmedia":[{"embeddable":true,"href":"https:\/\/cdnoticias.com\/index.php\/wp-json\/wp\/v2\/media\/6661"}],"wp:attachment":[{"href":"https:\/\/cdnoticias.com\/index.php\/wp-json\/wp\/v2\/media?parent=6665"}],"wp:term":[{"taxonomy":"category","embeddable":true,"href":"https:\/\/cdnoticias.com\/index.php\/wp-json\/wp\/v2\/categories?post=6665"},{"taxonomy":"post_tag","embeddable":true,"href":"https:\/\/cdnoticias.com\/index.php\/wp-json\/wp\/v2\/tags?post=6665"}],"curies":[{"name":"wp","href":"https:\/\/api.w.org\/{rel}","templated":true}]}}