{"id":66644,"date":"2022-10-07T12:22:43","date_gmt":"2022-10-07T15:22:43","guid":{"rendered":"https:\/\/www.centraldenoticias.com.ar\/?p=66644"},"modified":"2022-10-07T17:08:16","modified_gmt":"2022-10-07T20:08:16","slug":"la-comision-de-genero-un-dialogo-desde-el-hcd-con-la-mirada-social-y-la-militancia","status":"publish","type":"post","link":"https:\/\/cdnoticias.com\/index.php\/2022\/10\/07\/la-comision-de-genero-un-dialogo-desde-el-hcd-con-la-mirada-social-y-la-militancia\/","title":{"rendered":"La comisi\u00f3n de g\u00e9nero, un di\u00e1logo desde el HCD con la mirada social y la militancia"},"content":{"rendered":"<p>In\u00e9s Creimer y Cecilia Krivochen hablaron sobre el trabajo diario que realiza este espacio en el Concejo. Los principales proyectos aprobados desde su creaci\u00f3n, lo que falta y el impulso del contexto al momento de legislar.<!--more--><\/p>\n<hr \/>\n<p><strong>El 26 de abril de 2018 se cre\u00f3 la comisi\u00f3n (interna y permanente) de G\u00e9nero en el Honorable Concejo Deliberante de Olavarr\u00eda<\/strong> fundamentada en la \u201cimportancia\u201d que la agenda de g\u00e9nero tom\u00f3 en los \u00faltimos a\u00f1os y la necesidad de un \u201cestudio y especificidad de an\u00e1lisis m\u00e1s profundo\u201d. El espacio fue pensado para que el HCD pueda \u201cabordar tem\u00e1ticas y temas vinculados a la cuesti\u00f3n de g\u00e9nero y diversidad\u201d.<\/p>\n<p>&nbsp;<\/p>\n<p>Entre el 1 de enero y el 31 de diciembre de 2018 fueron 278 las v\u00edctimas letales de la violencia de g\u00e9nero en Argentina. En mayo de ese a\u00f1o, fue asesinada<strong> Luj\u00e1n Riva de Neira,<\/strong> un crimen que qued\u00f3 impune cuando el \u00fanico acusado fue declarado como no culpable en un juicio popular concretado este 2022.<\/p>\n<p>&nbsp;<\/p>\n<p>La marea verde copaba las calles con la consigna de <strong>aborto legal<\/strong> y se rearmaba despu\u00e9s del rev\u00e9s sufrido en el Senado. El <strong>8M<\/strong> convocaba a un millar de olavarrienses al grito de &#8220;Basta de abusos, femicidios y violencia. El estado es responsable&#8221;.<\/p>\n<p>&nbsp;<\/p>\n<p>Desde su creaci\u00f3n a la fecha, <strong>la comisi\u00f3n cont\u00f3 con dos presidentas Alicia Almada y la actual In\u00e9s Creimer.<\/strong> Seg\u00fan datos aportados desde la <strong>Direcci\u00f3n Administrativa y la prosecretar\u00eda del HCD<\/strong> hasta el momento fueron tratados alrededor de <strong>15 proyectos<\/strong> entre los que se destacan la<strong> adhesi\u00f3n a la Ley Micaela, la declaraci\u00f3n de Emergencia en Violencia de G\u00e9nero y el cupo laboral trans.<\/strong><\/p>\n<p>&nbsp;<\/p>\n<p><img data-recalc-dims=\"1\" loading=\"lazy\" decoding=\"async\" class=\"aligncenter size-full wp-image-66652\" src=\"https:\/\/i0.wp.com\/cdnoticias.com\/wp-content\/uploads\/2022\/10\/creimer05-scaled.jpg?resize=800%2C445&#038;ssl=1\" alt=\"\" width=\"800\" height=\"445\" srcset=\"https:\/\/i0.wp.com\/cdnoticias.com\/wp-content\/uploads\/2022\/10\/creimer05-scaled.jpg?w=2560&amp;ssl=1 2560w, https:\/\/i0.wp.com\/cdnoticias.com\/wp-content\/uploads\/2022\/10\/creimer05-scaled.jpg?resize=300%2C167&amp;ssl=1 300w, https:\/\/i0.wp.com\/cdnoticias.com\/wp-content\/uploads\/2022\/10\/creimer05-scaled.jpg?resize=1024%2C570&amp;ssl=1 1024w, https:\/\/i0.wp.com\/cdnoticias.com\/wp-content\/uploads\/2022\/10\/creimer05-scaled.jpg?resize=768%2C427&amp;ssl=1 768w, https:\/\/i0.wp.com\/cdnoticias.com\/wp-content\/uploads\/2022\/10\/creimer05-scaled.jpg?resize=1536%2C855&amp;ssl=1 1536w, https:\/\/i0.wp.com\/cdnoticias.com\/wp-content\/uploads\/2022\/10\/creimer05-scaled.jpg?resize=2048%2C1140&amp;ssl=1 2048w, https:\/\/i0.wp.com\/cdnoticias.com\/wp-content\/uploads\/2022\/10\/creimer05-scaled.jpg?resize=800%2C445&amp;ssl=1 800w, https:\/\/i0.wp.com\/cdnoticias.com\/wp-content\/uploads\/2022\/10\/creimer05-scaled.jpg?w=1600&amp;ssl=1 1600w, https:\/\/i0.wp.com\/cdnoticias.com\/wp-content\/uploads\/2022\/10\/creimer05-scaled.jpg?w=2400&amp;ssl=1 2400w\" sizes=\"auto, (max-width: 800px) 100vw, 800px\" \/><\/p>\n<p>&nbsp;<\/p>\n<p><strong>El trabajo diario <\/strong><\/p>\n<p>&nbsp;<\/p>\n<p><strong>In\u00e9s Creimer (Foro Olavarr\u00eda \u2013 FdT)<\/strong>, presidenta de la comisi\u00f3n, resalt\u00f3 que si bien \u201cla perspectiva de g\u00e9nero deber\u00eda existir en todos los proyectos, obviamente que no todos pueden pasar por la comisi\u00f3n de G\u00e9nero, porque tardar\u00eda much\u00edsimo tiempo en ser tratados\u201d. De esta forma ingresan aquellos cuya propuesta se relaciona <strong>directamente con g\u00e9nero.<\/strong><\/p>\n<p>&nbsp;<\/p>\n<p>Una vez que el proyecto ingresa a comisi\u00f3n la intenci\u00f3n es \u201ctrabajarlo de una manera m\u00e1s profunda y tratar de llegar a un consenso\u201d. Al no haber tantos proyectos presentados \u2013al menos este a\u00f1o- permite que \u201cpermanezcan m\u00e1s tiempo en la comisi\u00f3n\u201d y existe la posibilidad de \u201c<strong>invitar a actores que pueden dar su mirada<\/strong>, que pueden hacer aportes y despu\u00e9s nos damos tiempo de discusi\u00f3n y de modificaci\u00f3n\u201d.<\/p>\n<p>&nbsp;<\/p>\n<p>\u201cLo que me parece una fortaleza del trabajo en comisi\u00f3n es que cuando ingresa el proyecto se pone a disposici\u00f3n una idea. Cada cual puede aportar su mirada y <strong>puede pasar que esa idea salga fortalecida, sea ampliada, o tambi\u00e9n puede pasar que no,<\/strong> que en el paso por otras comisiones hay otras miradas\u201d, explic\u00f3 Creimer y asegur\u00f3 que \u201caunque el proyecto se achique no hay que pensarlo como un aporte menor, sino que <strong>es el aporte que las condiciones de ese momento permiten<\/strong>\u201d.<\/p>\n<p>&nbsp;<\/p>\n<blockquote><p>\u201cLas normas se pueden revisar y se pueden mejorar con el pasar de los a\u00f1os, de las gestiones. Tambi\u00e9n cambian los paradigmas y est\u00e1 bueno que las normas sean revisadas, sobre todo en cuestiones de g\u00e9nero\u201d.<\/p><\/blockquote>\n<p>&nbsp;<\/p>\n<p><img data-recalc-dims=\"1\" loading=\"lazy\" decoding=\"async\" class=\"aligncenter size-full wp-image-66653\" src=\"https:\/\/i0.wp.com\/cdnoticias.com\/wp-content\/uploads\/2022\/10\/Krivochen01-scaled.jpg?resize=800%2C445&#038;ssl=1\" alt=\"\" width=\"800\" height=\"445\" srcset=\"https:\/\/i0.wp.com\/cdnoticias.com\/wp-content\/uploads\/2022\/10\/Krivochen01-scaled.jpg?w=2560&amp;ssl=1 2560w, https:\/\/i0.wp.com\/cdnoticias.com\/wp-content\/uploads\/2022\/10\/Krivochen01-scaled.jpg?resize=300%2C167&amp;ssl=1 300w, https:\/\/i0.wp.com\/cdnoticias.com\/wp-content\/uploads\/2022\/10\/Krivochen01-scaled.jpg?resize=1024%2C570&amp;ssl=1 1024w, https:\/\/i0.wp.com\/cdnoticias.com\/wp-content\/uploads\/2022\/10\/Krivochen01-scaled.jpg?resize=768%2C427&amp;ssl=1 768w, https:\/\/i0.wp.com\/cdnoticias.com\/wp-content\/uploads\/2022\/10\/Krivochen01-scaled.jpg?resize=1536%2C855&amp;ssl=1 1536w, https:\/\/i0.wp.com\/cdnoticias.com\/wp-content\/uploads\/2022\/10\/Krivochen01-scaled.jpg?resize=2048%2C1140&amp;ssl=1 2048w, https:\/\/i0.wp.com\/cdnoticias.com\/wp-content\/uploads\/2022\/10\/Krivochen01-scaled.jpg?resize=800%2C445&amp;ssl=1 800w, https:\/\/i0.wp.com\/cdnoticias.com\/wp-content\/uploads\/2022\/10\/Krivochen01-scaled.jpg?w=1600&amp;ssl=1 1600w, https:\/\/i0.wp.com\/cdnoticias.com\/wp-content\/uploads\/2022\/10\/Krivochen01-scaled.jpg?w=2400&amp;ssl=1 2400w\" sizes=\"auto, (max-width: 800px) 100vw, 800px\" \/><\/p>\n<p>&nbsp;<\/p>\n<p>Por su parte, la <strong>actual presidenta del Concejo Deliberante, Cecilia Krivochen (Juntos)<\/strong> integr\u00f3 la comisi\u00f3n bajo la presidencia de Almada. Valor\u00f3 ese trabajo y cont\u00f3 que \u201cdecid\u00ed involucrarme en la tem\u00e1tica por varias cuestiones. Primero por un inter\u00e9s particular por ver c\u00f3mo la sociedad necesita avanzar en estos temas; y segundo por una cuesti\u00f3n personal, tengo hijas mujeres de distintas edades y el compromiso y la militancia de ellas me impulsaron a decir<strong> \u2018ac\u00e1 tengo que estar y en esto tengo que trabajar\u00b4<\/strong>\u201d.<\/p>\n<p>&nbsp;<\/p>\n<p>Kivochen se\u00f1al\u00f3 que el <strong>femicidio de Valentina Gallina ocurrido el 4 de enero de 2020<\/strong> la llev\u00f3 a involucrarse mucho m\u00e1s. \u201cA veces pasa que estamos tan metidos ac\u00e1 en calle San Mart\u00edn y Alsina que por ah\u00ed no nos llega todo. Ese enero tan tr\u00e1gico para Olavarr\u00eda hizo que trabajemos much\u00edsimo m\u00e1s all\u00e1 de las ideolog\u00edas pol\u00edticas y que trabajemos en lo que fue la emergencia de g\u00e9nero y a partir de ah\u00ed un mont\u00f3n de temas m\u00e1s como fue el cupo laboral trans y otras tem\u00e1ticas como la Ley Micaela\u201d.<\/p>\n<p>&nbsp;<\/p>\n<p><strong>La declaraci\u00f3n de la Emergencia en Violencia de G\u00e9nero<\/strong><\/p>\n<p>&nbsp;<\/p>\n<p>El<strong> 30 de enero de 2020<\/strong> y luego de un intenso debate en el Concejo Deliberante entre el Frente de Todos y Juntos se aprob\u00f3 la declaraci\u00f3n de la Emergencia contra la Violencia de G\u00e9nero e intensificar las pol\u00edticas.<\/p>\n<p>&nbsp;<\/p>\n<p>Durante la exposici\u00f3n de Cecilia Krivochen las organizaciones sociales presentes <strong>se pusieron de espaldas<\/strong> para manifestar la disconformidad ante lo expresado por la edil.<strong> \u201cFue muy dif\u00edcil\u201d<\/strong>, afirm\u00f3 Krivochen al recordar ese momento.<\/p>\n<p>&nbsp;<\/p>\n<p>\u201cObviamente a m\u00ed las organizaciones no me conoc\u00edan. <strong>Siempre hay un prejuicio en cuanto a determinados espacios pol\u00edticos<\/strong>. Y yo ve\u00eda que desde el espacio donde yo estaba s\u00ed hay un compromiso a nivel provincial, a nivel nacional. De hecho, la emergencia a nivel provincial fue presentada por una diputada de nuestro espacio\u201d, resalt\u00f3.<\/p>\n<p>&nbsp;<\/p>\n<p><img data-recalc-dims=\"1\" loading=\"lazy\" decoding=\"async\" class=\"aligncenter size-full wp-image-66655\" src=\"https:\/\/i0.wp.com\/cdnoticias.com\/wp-content\/uploads\/2022\/10\/Krivochen04-scaled.jpg?resize=800%2C445&#038;ssl=1\" alt=\"\" width=\"800\" height=\"445\" srcset=\"https:\/\/i0.wp.com\/cdnoticias.com\/wp-content\/uploads\/2022\/10\/Krivochen04-scaled.jpg?w=2560&amp;ssl=1 2560w, https:\/\/i0.wp.com\/cdnoticias.com\/wp-content\/uploads\/2022\/10\/Krivochen04-scaled.jpg?resize=300%2C167&amp;ssl=1 300w, https:\/\/i0.wp.com\/cdnoticias.com\/wp-content\/uploads\/2022\/10\/Krivochen04-scaled.jpg?resize=1024%2C570&amp;ssl=1 1024w, https:\/\/i0.wp.com\/cdnoticias.com\/wp-content\/uploads\/2022\/10\/Krivochen04-scaled.jpg?resize=768%2C427&amp;ssl=1 768w, https:\/\/i0.wp.com\/cdnoticias.com\/wp-content\/uploads\/2022\/10\/Krivochen04-scaled.jpg?resize=1536%2C854&amp;ssl=1 1536w, https:\/\/i0.wp.com\/cdnoticias.com\/wp-content\/uploads\/2022\/10\/Krivochen04-scaled.jpg?resize=2048%2C1139&amp;ssl=1 2048w, https:\/\/i0.wp.com\/cdnoticias.com\/wp-content\/uploads\/2022\/10\/Krivochen04-scaled.jpg?resize=800%2C445&amp;ssl=1 800w, https:\/\/i0.wp.com\/cdnoticias.com\/wp-content\/uploads\/2022\/10\/Krivochen04-scaled.jpg?w=1600&amp;ssl=1 1600w, https:\/\/i0.wp.com\/cdnoticias.com\/wp-content\/uploads\/2022\/10\/Krivochen04-scaled.jpg?w=2400&amp;ssl=1 2400w\" sizes=\"auto, (max-width: 800px) 100vw, 800px\" \/><\/p>\n<p>&nbsp;<\/p>\n<p>Al recordar ese momento afloran dos sentimientos: \u201cpor un lado la<strong> impotencia<\/strong> de decir \u2018yo estoy, yo quiero escucharlas\u2019\u201d y \u201cpor el otro lado al ser mujer, tener hijas mujeres, esa sensaci\u00f3n de pensar que <strong>ma\u00f1ana puedo ser yo, pueden ser mis hijas, puede ser una amiga<\/strong>\u201d.<\/p>\n<p>&nbsp;<\/p>\n<p>\u201cLa comisi\u00f3n de g\u00e9nero fue la que <strong>atraves\u00f3 todo mi camino de los primeros a\u00f1os como concejal<\/strong>. De hecho, yo hoy tengo v\u00ednculo con referentes de disidencias, con gente de la Comisar\u00eda de la Mujer, me involucr\u00e9 en la Mesa Local\u2026 obviamente hay miradas distintas, dependiendo del espacio al que nosotros pertenecemos y dependiendo tambi\u00e9n el territorio al que nosotros a veces accedemos o no\u201d, resalt\u00f3.<\/p>\n<p>&nbsp;<\/p>\n<blockquote><p>\u201cMuchas veces quise ir a alguna de las organizaciones y me dijeron \u2018no, vos no pod\u00e9s llegar\u2019 y eso la verdad que me dio impotencia, pero est\u00e1 en mi piel seguir con esto\u201d.<\/p><\/blockquote>\n<p>&nbsp;<\/p>\n<p><strong>Cupo laboral trans: el veto parcial y el estado actual de la norma<\/strong><\/p>\n<p>&nbsp;<\/p>\n<p>Las \u00faltimas marchas del orgullo en Olavarr\u00eda, levantaron entre otras consignas, el pedido para que el Estado municipal d\u00e9 <strong>cumplimiento efectivo al cupo laboral trans.<\/strong><\/p>\n<p>&nbsp;<\/p>\n<p>La ordenanza que establece el cupo laboral trans en la Municipalidad de Olavarr\u00eda en adhesi\u00f3n a la ley provincial 14.783 y al decreto 1.473\/19 se aprob\u00f3 el 26 de noviembre de 2020. <strong>Tres meses despu\u00e9s el intendente Ezequiel Galli vet\u00f3 varios art\u00edculos<\/strong> de la norma. &#8220;Deja a la ordenanza vac\u00eda&#8221; sostuvieron distintas organizaciones.<\/p>\n<p>&nbsp;<\/p>\n<p><img data-recalc-dims=\"1\" loading=\"lazy\" decoding=\"async\" class=\"aligncenter size-full wp-image-66650\" src=\"https:\/\/i0.wp.com\/cdnoticias.com\/wp-content\/uploads\/2022\/10\/creimer03-scaled.jpg?resize=800%2C445&#038;ssl=1\" alt=\"\" width=\"800\" height=\"445\" srcset=\"https:\/\/i0.wp.com\/cdnoticias.com\/wp-content\/uploads\/2022\/10\/creimer03-scaled.jpg?w=2560&amp;ssl=1 2560w, https:\/\/i0.wp.com\/cdnoticias.com\/wp-content\/uploads\/2022\/10\/creimer03-scaled.jpg?resize=300%2C167&amp;ssl=1 300w, https:\/\/i0.wp.com\/cdnoticias.com\/wp-content\/uploads\/2022\/10\/creimer03-scaled.jpg?resize=1024%2C570&amp;ssl=1 1024w, https:\/\/i0.wp.com\/cdnoticias.com\/wp-content\/uploads\/2022\/10\/creimer03-scaled.jpg?resize=768%2C427&amp;ssl=1 768w, https:\/\/i0.wp.com\/cdnoticias.com\/wp-content\/uploads\/2022\/10\/creimer03-scaled.jpg?resize=1536%2C855&amp;ssl=1 1536w, https:\/\/i0.wp.com\/cdnoticias.com\/wp-content\/uploads\/2022\/10\/creimer03-scaled.jpg?resize=2048%2C1140&amp;ssl=1 2048w, https:\/\/i0.wp.com\/cdnoticias.com\/wp-content\/uploads\/2022\/10\/creimer03-scaled.jpg?resize=800%2C445&amp;ssl=1 800w, https:\/\/i0.wp.com\/cdnoticias.com\/wp-content\/uploads\/2022\/10\/creimer03-scaled.jpg?w=1600&amp;ssl=1 1600w, https:\/\/i0.wp.com\/cdnoticias.com\/wp-content\/uploads\/2022\/10\/creimer03-scaled.jpg?w=2400&amp;ssl=1 2400w\" sizes=\"auto, (max-width: 800px) 100vw, 800px\" \/><\/p>\n<p>&nbsp;<\/p>\n<p><strong>In\u00e9s Creimer<\/strong> reconoci\u00f3 que \u201cel tema fue muy discutido ac\u00e1. Nosotros quisimos poner en la ordenanza plazos que fueran progresivos y acordados. Y no lo conseguimos\u201d. Adem\u00e1s, \u201cpedimos que hubiera capacitaciones, ese es uno de los art\u00edculos que se vet\u00f3. Es una l\u00e1stima, porque en su mayor\u00eda son personas que no han tenido las posibilidades en algunos casos ni siquiera de terminar su escolaridad\u201d.<\/p>\n<p>&nbsp;<\/p>\n<p>\u201cCreo que <strong>los art\u00edculos que intentamos sumar fueron para generar las condiciones posibles de ingreso.<\/strong> Fue un art\u00edculo que no fue puesto como un capricho ni como una molestia, fue puesto porque hab\u00eda una realidad y que la hab\u00edamos conocido todos porque nos la hab\u00edan contado en primera persona\u201d, agreg\u00f3.<\/p>\n<p>&nbsp;<\/p>\n<p>Por su parte,<strong> Cecilia Krivochen<\/strong> asegur\u00f3 que lograr la incorporaci\u00f3n efectiva de personas trans al mundo laboral es algo que \u201cse va a poder avanzar si todas las partes ponemos un poquito\u201d ya que \u201c<strong>me parece fundamental darle herramientas<\/strong> porque si una persona trans va a ir a ocupar un lugar y ese lugar tampoco est\u00e1 preparado para recibirla, no va a ser positivo ni para la persona ni para el grupo\u201d.<\/p>\n<p>&nbsp;<\/p>\n<p>Afirm\u00f3 que \u201cla realidad es mucho m\u00e1s cruda, mucho m\u00e1s dif\u00edcil para las personas trans y requiere del compromiso de todas las partes, desde la parte de educaci\u00f3n, del ejecutivo, del legislativo, de los distintos referentes que existen en la ciudad y m\u00e1s all\u00e1 de la ciudad\u201d.<\/p>\n<p>&nbsp;<\/p>\n<p><img data-recalc-dims=\"1\" loading=\"lazy\" decoding=\"async\" class=\"aligncenter size-full wp-image-66654\" src=\"https:\/\/i0.wp.com\/cdnoticias.com\/wp-content\/uploads\/2022\/10\/Krivochen03-scaled.jpg?resize=800%2C445&#038;ssl=1\" alt=\"\" width=\"800\" height=\"445\" srcset=\"https:\/\/i0.wp.com\/cdnoticias.com\/wp-content\/uploads\/2022\/10\/Krivochen03-scaled.jpg?w=2560&amp;ssl=1 2560w, https:\/\/i0.wp.com\/cdnoticias.com\/wp-content\/uploads\/2022\/10\/Krivochen03-scaled.jpg?resize=300%2C167&amp;ssl=1 300w, https:\/\/i0.wp.com\/cdnoticias.com\/wp-content\/uploads\/2022\/10\/Krivochen03-scaled.jpg?resize=1024%2C569&amp;ssl=1 1024w, https:\/\/i0.wp.com\/cdnoticias.com\/wp-content\/uploads\/2022\/10\/Krivochen03-scaled.jpg?resize=768%2C427&amp;ssl=1 768w, https:\/\/i0.wp.com\/cdnoticias.com\/wp-content\/uploads\/2022\/10\/Krivochen03-scaled.jpg?resize=1536%2C854&amp;ssl=1 1536w, https:\/\/i0.wp.com\/cdnoticias.com\/wp-content\/uploads\/2022\/10\/Krivochen03-scaled.jpg?resize=2048%2C1139&amp;ssl=1 2048w, https:\/\/i0.wp.com\/cdnoticias.com\/wp-content\/uploads\/2022\/10\/Krivochen03-scaled.jpg?resize=800%2C445&amp;ssl=1 800w, https:\/\/i0.wp.com\/cdnoticias.com\/wp-content\/uploads\/2022\/10\/Krivochen03-scaled.jpg?w=1600&amp;ssl=1 1600w, https:\/\/i0.wp.com\/cdnoticias.com\/wp-content\/uploads\/2022\/10\/Krivochen03-scaled.jpg?w=2400&amp;ssl=1 2400w\" sizes=\"auto, (max-width: 800px) 100vw, 800px\" \/><\/p>\n<p>&nbsp;<\/p>\n<p>Resalt\u00f3 que <strong>\u201chay leyes que cumplir\u201d<\/strong> como la \u201cley de Administraci\u00f3n P\u00fablica que exige determinados requisitos a una persona que quiere ingresar a un sistema municipal\u201d. En ese sentido, la presidenta del HCD afirm\u00f3 que debe analizarse <strong>\u201cc\u00f3mo le damos las herramientas\u201d.<\/strong><\/p>\n<p>&nbsp;<\/p>\n<p>Mencion\u00f3 la tarea de la <strong>Oficina de Empleo<\/strong> con capacitaciones y encuentros con el \u00e1rea de la diversidad. \u201cCreo que si la seguimos luchando esto va a ser algo tan natural como cualquier persona que va con un t\u00edtulo secundario a buscar un trabajo y no por su condici\u00f3n o por su identificaci\u00f3n de g\u00e9nero va a tener que tener disposiciones distintas. Hoy no lo es, por eso necesitamos estas leyes\u201d.<\/p>\n<p>&nbsp;<\/p>\n<p>\u201c<strong>Va a ser una realidad,<\/strong> no tengo dudas y el d\u00eda que mis hijas tengan mayor edad o el d\u00eda que mi hija peque\u00f1a busque un trabajo no va a tener necesidad de ingresar por un cupo, si es que en alg\u00fan momento decidiera tener una elecci\u00f3n de estas caracter\u00edsticas\u201d, concluy\u00f3 Cecilia Krivochen.<\/p>\n<p>&nbsp;<\/p>\n","protected":false},"excerpt":{"rendered":"<p>In\u00e9s Creimer y Cecilia Krivochen hablaron sobre el trabajo diario que realiza este espacio en el Concejo. Los principales proyectos<\/p>\n","protected":false},"author":5,"featured_media":66649,"comment_status":"closed","ping_status":"closed","sticky":false,"template":"","format":"standard","meta":{"_jetpack_memberships_contains_paid_content":false,"footnotes":""},"categories":[3,1],"tags":[],"class_list":["post-66644","post","type-post","status-publish","format-standard","has-post-thumbnail","hentry","category-genero","category-portada"],"jetpack_featured_media_url":"https:\/\/i0.wp.com\/cdnoticias.com\/wp-content\/uploads\/2022\/10\/krivochen-creimer.jpg?fit=900%2C540&ssl=1","jetpack_sharing_enabled":true,"_links":{"self":[{"href":"https:\/\/cdnoticias.com\/index.php\/wp-json\/wp\/v2\/posts\/66644","targetHints":{"allow":["GET"]}}],"collection":[{"href":"https:\/\/cdnoticias.com\/index.php\/wp-json\/wp\/v2\/posts"}],"about":[{"href":"https:\/\/cdnoticias.com\/index.php\/wp-json\/wp\/v2\/types\/post"}],"author":[{"embeddable":true,"href":"https:\/\/cdnoticias.com\/index.php\/wp-json\/wp\/v2\/users\/5"}],"replies":[{"embeddable":true,"href":"https:\/\/cdnoticias.com\/index.php\/wp-json\/wp\/v2\/comments?post=66644"}],"version-history":[{"count":0,"href":"https:\/\/cdnoticias.com\/index.php\/wp-json\/wp\/v2\/posts\/66644\/revisions"}],"wp:featuredmedia":[{"embeddable":true,"href":"https:\/\/cdnoticias.com\/index.php\/wp-json\/wp\/v2\/media\/66649"}],"wp:attachment":[{"href":"https:\/\/cdnoticias.com\/index.php\/wp-json\/wp\/v2\/media?parent=66644"}],"wp:term":[{"taxonomy":"category","embeddable":true,"href":"https:\/\/cdnoticias.com\/index.php\/wp-json\/wp\/v2\/categories?post=66644"},{"taxonomy":"post_tag","embeddable":true,"href":"https:\/\/cdnoticias.com\/index.php\/wp-json\/wp\/v2\/tags?post=66644"}],"curies":[{"name":"wp","href":"https:\/\/api.w.org\/{rel}","templated":true}]}}