{"id":66568,"date":"2022-10-09T12:24:25","date_gmt":"2022-10-09T15:24:25","guid":{"rendered":"https:\/\/www.centraldenoticias.com.ar\/?p=66568"},"modified":"2022-10-09T14:08:49","modified_gmt":"2022-10-09T17:08:49","slug":"placenti-y-martorano-los-que-proyectaron-el-sueno-del-barrio-educadores","status":"publish","type":"post","link":"https:\/\/cdnoticias.com\/index.php\/2022\/10\/09\/placenti-y-martorano-los-que-proyectaron-el-sueno-del-barrio-educadores\/","title":{"rendered":"Placenti y Martorano, los que proyectaron el sue\u00f1o del barrio Educadores"},"content":{"rendered":"<p>Los arquitectos a cargo de la obra hablaron con Central de Noticias sobre una historia que lleva m\u00e1s de veinte a\u00f1os. El recorrido, las frustraciones, los logros. Los cambios en la forma de dar respuesta a la problem\u00e1tica habitacional. Otra \u00e9poca, otras herramientas.<!--more--><\/p>\n<hr \/>\n<p>La dupla compuesta por los arquitectos<strong> Rub\u00e9n Placenti y N\u00e9stor Martorano<\/strong> es la encargada de llevar adelante la obra del barrio Educadores. <strong>Veinte a\u00f1os atr\u00e1s, proyectaron el sue\u00f1o de cientos de familia.<\/strong> En la actualidad, transitan la <strong>\u00faltima etapa del complejo habitacional ubicado en la zona suroeste de la ciudad.<\/strong><\/p>\n<p>&nbsp;<\/p>\n<p><strong>\u201cLlevamos 30 a\u00f1os de amistad. Los c\u00f3digos de nuestra generaci\u00f3n los ten\u00e9s en el coraz\u00f3n, no hay con qu\u00e9 darle\u201d<\/strong>, se\u00f1al\u00f3 Ruben Placenti y record\u00f3 los avances y retrocesos del proyecto, los momentos de estancamiento y las puertas golpeadas.<\/p>\n<p>&nbsp;<\/p>\n<p><strong>N\u00e9stor Martorano<\/strong> record\u00f3 la labor de las docentes que \u201cestuvieron tanto tiempo gestionando este barrio\u201d de <strong>146 viviendas que en sus inicios tuvo un plazo de obra de 2 a\u00f1os y medio.<\/strong> Asegura no recordar fechas exactas pero el detalle de los distintos momentos de la obra est\u00e1 marcado a fuego en su memoria.<\/p>\n<p>&nbsp;<\/p>\n<p><img data-recalc-dims=\"1\" loading=\"lazy\" decoding=\"async\" class=\"aligncenter size-full wp-image-66573\" src=\"https:\/\/i0.wp.com\/cdnoticias.com\/wp-content\/uploads\/2022\/10\/barrio-educadores-nestor-martorano-0.jpg?resize=800%2C445&#038;ssl=1\" alt=\"\" width=\"800\" height=\"445\" srcset=\"https:\/\/i0.wp.com\/cdnoticias.com\/wp-content\/uploads\/2022\/10\/barrio-educadores-nestor-martorano-0.jpg?w=800&amp;ssl=1 800w, https:\/\/i0.wp.com\/cdnoticias.com\/wp-content\/uploads\/2022\/10\/barrio-educadores-nestor-martorano-0.jpg?resize=300%2C167&amp;ssl=1 300w, https:\/\/i0.wp.com\/cdnoticias.com\/wp-content\/uploads\/2022\/10\/barrio-educadores-nestor-martorano-0.jpg?resize=768%2C427&amp;ssl=1 768w\" sizes=\"auto, (max-width: 800px) 100vw, 800px\" \/><\/p>\n<p>&nbsp;<\/p>\n<p>El primer inconveniente se produjo cuando la empresa que hab\u00eda ganado la licitaci\u00f3n \u201cempez\u00f3 con deficiencias y entramos en conflicto. <strong>Despu\u00e9s de mucho tiempo se rescindi\u00f3 el contrato y se entr\u00f3 en juicio<\/strong>\u201d.<\/p>\n<p>&nbsp;<\/p>\n<p>Cuando la obra se retom\u00f3 se hizo <strong>\u201cpor administraci\u00f3n\u201d<\/strong> y eso permiti\u00f3 \u201cun ahorro de dinero que lo fuimos volcando a las viviendas. Pudimos mejorar la calidad de los materiales, poner m\u00e1s gente y pagar mejores sueldos a los operarios\u201d.<\/p>\n<p>&nbsp;<\/p>\n<p>\u201cA partir de ah\u00ed fuimos con altibajos, se demoraban los pagos, tuvimos que parar el ritmo de obra y as\u00ed sucesivamente\u201d, sintetiz\u00f3. \u201cHasta que entr\u00f3 en el Instituto de la Vivienda el doctor <strong>Jos\u00e9 Gonz\u00e1lez Hueso<\/strong> y ah\u00ed se aceler\u00f3 mucho el tr\u00e1mite. Cuando termin\u00f3 la gesti\u00f3n de \u00e9l, otra vez se volvi\u00f3 a trabar. Llegamos a 125 y quedaron pendientes estas \u00faltimas\u201d.<\/p>\n<p>&nbsp;<\/p>\n<p>\u201cHace cuatro a\u00f1os que estaban pendientes, esta gesti\u00f3n la moviliz\u00f3 y se hizo efectiva\u201d, indic\u00f3 Martorano.<\/p>\n<p>&nbsp;<\/p>\n<p><img data-recalc-dims=\"1\" loading=\"lazy\" decoding=\"async\" class=\"aligncenter size-full wp-image-66581\" src=\"https:\/\/i0.wp.com\/cdnoticias.com\/wp-content\/uploads\/2022\/10\/barrio-educadores-3.jpg?resize=800%2C533&#038;ssl=1\" alt=\"\" width=\"800\" height=\"533\" srcset=\"https:\/\/i0.wp.com\/cdnoticias.com\/wp-content\/uploads\/2022\/10\/barrio-educadores-3.jpg?w=800&amp;ssl=1 800w, https:\/\/i0.wp.com\/cdnoticias.com\/wp-content\/uploads\/2022\/10\/barrio-educadores-3.jpg?resize=300%2C200&amp;ssl=1 300w, https:\/\/i0.wp.com\/cdnoticias.com\/wp-content\/uploads\/2022\/10\/barrio-educadores-3.jpg?resize=768%2C512&amp;ssl=1 768w, https:\/\/i0.wp.com\/cdnoticias.com\/wp-content\/uploads\/2022\/10\/barrio-educadores-3.jpg?resize=272%2C182&amp;ssl=1 272w\" sizes=\"auto, (max-width: 800px) 100vw, 800px\" \/><\/p>\n<p>&nbsp;<\/p>\n<p><strong>La demanda habitacional<\/strong><\/p>\n<p>&nbsp;<\/p>\n<p>Para <strong>Placenti<\/strong> el acceso a la vivienda \u201csiempre fue importante\u201d y en la actualidad \u201cte digo que es m\u00e1s importante\u201d. Se\u00f1al\u00f3 como <strong>problem\u00e1tica principal el acceso a la tierra<\/strong> debido a que \u201ces el primer escal\u00f3n de un barrio\u201d. En ese sentido, reconoci\u00f3 que \u201choy un lote en la ciudad vale 20 mil d\u00f3lares. Decime c\u00f3mo un chico puede arrancar a los 20 o 30 a\u00f1os comprando un lote&#8221;.<\/p>\n<p>&nbsp;<\/p>\n<p>Por otra parte, asegur\u00f3 que \u201crealmente <strong>se puede hacer bien un barrio<\/strong>, que la gente est\u00e9 en blanco, que los que trabajen est\u00e9n bien, que la calidad de los materiales sea \u00f3ptima o la mejor posible, que los tiempos de la ejecuci\u00f3n se aceleren\u201d.<\/p>\n<p>&nbsp;<\/p>\n<p><img data-recalc-dims=\"1\" loading=\"lazy\" decoding=\"async\" class=\"aligncenter size-full wp-image-66577\" src=\"https:\/\/i0.wp.com\/cdnoticias.com\/wp-content\/uploads\/2022\/10\/barrio-educadores-ruben-placenti-0.jpg?resize=800%2C445&#038;ssl=1\" alt=\"\" width=\"800\" height=\"445\" srcset=\"https:\/\/i0.wp.com\/cdnoticias.com\/wp-content\/uploads\/2022\/10\/barrio-educadores-ruben-placenti-0.jpg?w=800&amp;ssl=1 800w, https:\/\/i0.wp.com\/cdnoticias.com\/wp-content\/uploads\/2022\/10\/barrio-educadores-ruben-placenti-0.jpg?resize=300%2C167&amp;ssl=1 300w, https:\/\/i0.wp.com\/cdnoticias.com\/wp-content\/uploads\/2022\/10\/barrio-educadores-ruben-placenti-0.jpg?resize=768%2C427&amp;ssl=1 768w\" sizes=\"auto, (max-width: 800px) 100vw, 800px\" \/><\/p>\n<p>&nbsp;<\/p>\n<p>Si bien reconoci\u00f3 que <strong>\u201cno es f\u00e1cil pero s\u00ed posible\u201d<\/strong> y destac\u00f3 la labor llevada adelante por la comisi\u00f3n del barrio Educadores. \u201cNosotros hemos tenido apoyo de todos los gobiernos y siempre para adelante\u201d, afirm\u00f3 Placenti.<\/p>\n<p>&nbsp;<\/p>\n<p>Sin embargo, marc\u00f3 una diferencia sustancial respecto a tiempos anteriores. \u201c<strong>Quiz\u00e1s los barrios responden a otro per\u00edodo hist\u00f3rico<\/strong>, vienen de la \u00e9poca en donde los trabajadores se organizaban, donde el asalariado ten\u00eda un complemento desde el Estado que facilitaba esa organizaci\u00f3n y esa construcci\u00f3n del barrio\u201d, resalt\u00f3.<\/p>\n<p>&nbsp;<\/p>\n<p><img data-recalc-dims=\"1\" loading=\"lazy\" decoding=\"async\" class=\"aligncenter size-full wp-image-66578\" src=\"https:\/\/i0.wp.com\/cdnoticias.com\/wp-content\/uploads\/2022\/10\/barrio-educadores-0.jpg?resize=800%2C445&#038;ssl=1\" alt=\"\" width=\"800\" height=\"445\" srcset=\"https:\/\/i0.wp.com\/cdnoticias.com\/wp-content\/uploads\/2022\/10\/barrio-educadores-0.jpg?w=800&amp;ssl=1 800w, https:\/\/i0.wp.com\/cdnoticias.com\/wp-content\/uploads\/2022\/10\/barrio-educadores-0.jpg?resize=300%2C167&amp;ssl=1 300w, https:\/\/i0.wp.com\/cdnoticias.com\/wp-content\/uploads\/2022\/10\/barrio-educadores-0.jpg?resize=768%2C427&amp;ssl=1 768w\" sizes=\"auto, (max-width: 800px) 100vw, 800px\" \/><\/p>\n<p>&nbsp;<\/p>\n<p>En la actualidad <strong>\u201cestamos en otra \u00e9poca hist\u00f3rica\u201d<\/strong> donde \u201clos Procrear son una herramienta fundamental y de hecho est\u00e1 en pleno uso. Eso requiere una pol\u00edtica planificada provincial, local, donde todos los pasos se den coordinadamente, simult\u00e1neamente, honestamente y \u00e1gilmente\u201d.<\/p>\n<p>&nbsp;<\/p>\n<p>En ese sentido reconoci\u00f3 que<strong> \u201cvos no pod\u00e9s estar esperando 20 a\u00f1os una vivienda como en este barrio cuando la mitad de los maestros se jubilaron y la mitad fallecieron, es injusto\u201d.<\/strong><\/p>\n<p>&nbsp;<\/p>\n<p><img data-recalc-dims=\"1\" loading=\"lazy\" decoding=\"async\" class=\"aligncenter size-full wp-image-66576\" src=\"https:\/\/i0.wp.com\/cdnoticias.com\/wp-content\/uploads\/2022\/10\/barrio-educadores-nestor-martorano.jpg?resize=800%2C445&#038;ssl=1\" alt=\"\" width=\"800\" height=\"445\" srcset=\"https:\/\/i0.wp.com\/cdnoticias.com\/wp-content\/uploads\/2022\/10\/barrio-educadores-nestor-martorano.jpg?w=800&amp;ssl=1 800w, https:\/\/i0.wp.com\/cdnoticias.com\/wp-content\/uploads\/2022\/10\/barrio-educadores-nestor-martorano.jpg?resize=300%2C167&amp;ssl=1 300w, https:\/\/i0.wp.com\/cdnoticias.com\/wp-content\/uploads\/2022\/10\/barrio-educadores-nestor-martorano.jpg?resize=768%2C427&amp;ssl=1 768w\" sizes=\"auto, (max-width: 800px) 100vw, 800px\" \/><\/p>\n<p>&nbsp;<\/p>\n<p>Por su parte, Martorano reconoci\u00f3 que <strong>\u201cestoy pr\u00f3ximo a jubilarme y este es el broche para m\u00ed y para Rub\u00e9n\u201d<\/strong>. Destac\u00f3 la \u201cceleridad\u201d actual donde \u201clos fondos se certifican y a los 10 o 15 d\u00edas ya se est\u00e1 recibiendo el dinero\u201d.<\/p>\n<p>&nbsp;<\/p>\n<p>Por \u00faltimo, consider\u00f3 que los barrios \u201cson hoy por hoy la \u00fanica posibilidad que la gente tiene de acceder a una vivienda de una forma m\u00e1s accesible. La gente empieza a pagar una vez que est\u00e1n viviendo ac\u00e1. Este barrio ya tiene el agua, la electricidad y el gas. La cloaca era una obra que qued\u00f3 pendiente de la Municipalidad pero est\u00e1 todo preparado para recibirla\u201d y concluy\u00f3: \u201cse termina la casa, la gente pide los servicios y ya empieza a vivir en el lugar\u201d.<\/p>\n","protected":false},"excerpt":{"rendered":"<p>Los arquitectos a cargo de la obra hablaron con Central de Noticias sobre una historia que lleva m\u00e1s de veinte<\/p>\n","protected":false},"author":5,"featured_media":66575,"comment_status":"closed","ping_status":"closed","sticky":false,"template":"","format":"standard","meta":{"_jetpack_memberships_contains_paid_content":false,"footnotes":""},"categories":[5,1],"tags":[],"class_list":["post-66568","post","type-post","status-publish","format-standard","has-post-thumbnail","hentry","category-informacion-general","category-portada"],"jetpack_featured_media_url":"https:\/\/i0.wp.com\/cdnoticias.com\/wp-content\/uploads\/2022\/10\/barrio-educadores-nestor-martorano-ruben-placenti.jpg?fit=800%2C445&ssl=1","jetpack_sharing_enabled":true,"_links":{"self":[{"href":"https:\/\/cdnoticias.com\/index.php\/wp-json\/wp\/v2\/posts\/66568","targetHints":{"allow":["GET"]}}],"collection":[{"href":"https:\/\/cdnoticias.com\/index.php\/wp-json\/wp\/v2\/posts"}],"about":[{"href":"https:\/\/cdnoticias.com\/index.php\/wp-json\/wp\/v2\/types\/post"}],"author":[{"embeddable":true,"href":"https:\/\/cdnoticias.com\/index.php\/wp-json\/wp\/v2\/users\/5"}],"replies":[{"embeddable":true,"href":"https:\/\/cdnoticias.com\/index.php\/wp-json\/wp\/v2\/comments?post=66568"}],"version-history":[{"count":0,"href":"https:\/\/cdnoticias.com\/index.php\/wp-json\/wp\/v2\/posts\/66568\/revisions"}],"wp:featuredmedia":[{"embeddable":true,"href":"https:\/\/cdnoticias.com\/index.php\/wp-json\/wp\/v2\/media\/66575"}],"wp:attachment":[{"href":"https:\/\/cdnoticias.com\/index.php\/wp-json\/wp\/v2\/media?parent=66568"}],"wp:term":[{"taxonomy":"category","embeddable":true,"href":"https:\/\/cdnoticias.com\/index.php\/wp-json\/wp\/v2\/categories?post=66568"},{"taxonomy":"post_tag","embeddable":true,"href":"https:\/\/cdnoticias.com\/index.php\/wp-json\/wp\/v2\/tags?post=66568"}],"curies":[{"name":"wp","href":"https:\/\/api.w.org\/{rel}","templated":true}]}}