{"id":66510,"date":"2022-10-06T08:05:42","date_gmt":"2022-10-06T11:05:42","guid":{"rendered":"https:\/\/www.centraldenoticias.com.ar\/?p=66510"},"modified":"2022-10-06T10:22:56","modified_gmt":"2022-10-06T13:22:56","slug":"el-ceco-cerrara-sus-dependencias-los-proximos-feriados","status":"publish","type":"post","link":"https:\/\/cdnoticias.com\/index.php\/2022\/10\/06\/el-ceco-cerrara-sus-dependencias-los-proximos-feriados\/","title":{"rendered":"El CECO cerrar\u00e1 sus dependencias los pr\u00f3ximos feriados"},"content":{"rendered":"<p>Lo mismo suceder\u00e1 en las oficinas de la obra social mercantil OSECAC y AMMBA, la farmacia sindical, el Gimnasio Funcional de CECO y los poli-consultorios ubicados en calle Moreno.<!--more--><\/p>\n<hr \/>\n<p>El <strong>Centro Empleados de Comercio de Olavarr\u00eda<\/strong> (CECO) inform\u00f3<strong> respecto a los pr\u00f3ximos feriados de los d\u00edas 7 y 10 de octubre. <\/strong>Desde la entidad gremial mercantil manifestaron que ante reiteradas consultas de trabajadores y trabajadoras de comercio es necesario aclarar algunos conceptos y dudas.<\/p>\n<p>&nbsp;<\/p>\n<p>El pr\u00f3ximo<strong> viernes 7 de octubre se estableci\u00f3 como feriado nacional<\/strong> con el<strong> objetivo de favorecer el turismo.<\/strong> Tambi\u00e9n lo ser\u00e1 el <strong>lunes 10 al conmemorarse el D\u00eda de la Diversidad Cultural.<\/strong> En ambos casos rigen las normativas del descanso dominical.<\/p>\n<p>&nbsp;<\/p>\n<p>La \u201c<strong>Ley de Contrato de Trabajo\u201d<\/strong> aclara que feriado nacional es una fecha que, por su vinculaci\u00f3n hist\u00f3rica, <strong>no se tiene que trabajar<\/strong>. En los d\u00edas feriados nacionales rigen las normas legales sobre el descanso dominical, y aquellos trabajadores que realicen sus tareas cobrar\u00e1n las horas al 100% y gozar\u00e1n de un franco compensatorio.<\/p>\n<p>&nbsp;<\/p>\n<p>Desde el sindicato informaron que<strong> los d\u00edas 7 y 10 sus dependencias permanecer\u00e1n cerradas y sin atenci\u00f3n al p\u00fablico<\/strong>. Lo mismo suceder\u00e1 en las oficinas de la obra social mercantil OSECAC y AMMBA, la farmacia sindical, el Gimnasio Funcional de CECO y los poli-consultorios ubicados en calle Moreno.<\/p>\n<p>&nbsp;<\/p>\n<p>Aquellos trabajadores mercantiles que deseen recibir m\u00e1s informaci\u00f3n o realizar alguna consulta al respecto pueden comunicarse a la Secretar\u00eda de Asuntos Gremiales del CECO en el horario de 8 a 16 horas telef\u00f3nicamente al 439300 interno 422.<\/p>\n","protected":false},"excerpt":{"rendered":"<p>Lo mismo suceder\u00e1 en las oficinas de la obra social mercantil OSECAC y AMMBA, la farmacia sindical, el Gimnasio Funcional<\/p>\n","protected":false},"author":6,"featured_media":33612,"comment_status":"closed","ping_status":"closed","sticky":false,"template":"","format":"standard","meta":{"_jetpack_memberships_contains_paid_content":false,"footnotes":""},"categories":[5,1],"tags":[],"class_list":["post-66510","post","type-post","status-publish","format-standard","has-post-thumbnail","hentry","category-informacion-general","category-portada"],"jetpack_featured_media_url":"https:\/\/i0.wp.com\/cdnoticias.com\/wp-content\/uploads\/2021\/09\/ceco-empleados-de-comercio00.jpg?fit=808%2C450&ssl=1","jetpack_sharing_enabled":true,"_links":{"self":[{"href":"https:\/\/cdnoticias.com\/index.php\/wp-json\/wp\/v2\/posts\/66510","targetHints":{"allow":["GET"]}}],"collection":[{"href":"https:\/\/cdnoticias.com\/index.php\/wp-json\/wp\/v2\/posts"}],"about":[{"href":"https:\/\/cdnoticias.com\/index.php\/wp-json\/wp\/v2\/types\/post"}],"author":[{"embeddable":true,"href":"https:\/\/cdnoticias.com\/index.php\/wp-json\/wp\/v2\/users\/6"}],"replies":[{"embeddable":true,"href":"https:\/\/cdnoticias.com\/index.php\/wp-json\/wp\/v2\/comments?post=66510"}],"version-history":[{"count":0,"href":"https:\/\/cdnoticias.com\/index.php\/wp-json\/wp\/v2\/posts\/66510\/revisions"}],"wp:featuredmedia":[{"embeddable":true,"href":"https:\/\/cdnoticias.com\/index.php\/wp-json\/wp\/v2\/media\/33612"}],"wp:attachment":[{"href":"https:\/\/cdnoticias.com\/index.php\/wp-json\/wp\/v2\/media?parent=66510"}],"wp:term":[{"taxonomy":"category","embeddable":true,"href":"https:\/\/cdnoticias.com\/index.php\/wp-json\/wp\/v2\/categories?post=66510"},{"taxonomy":"post_tag","embeddable":true,"href":"https:\/\/cdnoticias.com\/index.php\/wp-json\/wp\/v2\/tags?post=66510"}],"curies":[{"name":"wp","href":"https:\/\/api.w.org\/{rel}","templated":true}]}}