{"id":66487,"date":"2022-10-05T19:56:03","date_gmt":"2022-10-05T22:56:03","guid":{"rendered":"https:\/\/www.centraldenoticias.com.ar\/?p=66487"},"modified":"2022-10-05T19:56:03","modified_gmt":"2022-10-05T22:56:03","slug":"con-gran-participacion-comenzo-una-nueva-jornada-de-sociales-en-accion","status":"publish","type":"post","link":"https:\/\/cdnoticias.com\/index.php\/2022\/10\/05\/con-gran-participacion-comenzo-una-nueva-jornada-de-sociales-en-accion\/","title":{"rendered":"Con gran participaci\u00f3n, comenz\u00f3 una nueva jornada de Sociales en Acci\u00f3n"},"content":{"rendered":"<p>Para esta edici\u00f3n se programaron un total de 25 talleres tem\u00e1ticos vinculados con las carreras que se dictan en la Facultad. <!--more--><\/p>\n<hr \/>\n<p>Este mi\u00e9rcoles por la ma\u00f1ana se llev\u00f3 adelante la <strong>apertura oficial de la XXII edici\u00f3n<\/strong> de la Jornada de Articulaci\u00f3n Secundario-Universidad <strong>\u201cSociales en Acci\u00f3n\u201d,<\/strong> una propuesta de la <strong>Facultad de Ciencias Sociales<\/strong> que luego de dos a\u00f1os de virtualidad volvi\u00f3 a desarrollarse de manera presencial, y que tendr\u00e1 el cierre el jueves por la tarde.<\/p>\n<p>&nbsp;<\/p>\n<p>Las palabras de bienvenida estuvieron a cargo de la decana de la FACSO, Lic. Gabriela Gamberini, quien invit\u00f3 a los\/as estudiantes presentes de los \u00faltimos dos a\u00f1os del nivel secundario a sumarse a las diversas propuestas organizadas para la jornada para conocer \u201cqu\u00e9 carreras pueden estudiar a partir de los pr\u00f3ximos a\u00f1os, pero adem\u00e1s es una buena oportunidad para recorrer e identificar los espacios de la Facultad y el Complejo Universitario\u201d. En esta instancia agradeci\u00f3 la participaci\u00f3n de estudiantes y docentes de todas las escuelas convocadas.<\/p>\n<p>&nbsp;<\/p>\n<p>La Lic. Gamberini estuvo acompa\u00f1ada adem\u00e1s por el secretario de Extensi\u00f3n, Bienestar y Transferencia de la FACSO, Lic. Nicol\u00e1s Casado, y el equipo coordinador de Sociales en Acci\u00f3n.<\/p>\n<p>&nbsp;<\/p>\n<p>Para esta edici\u00f3n <strong>se programaron un total de 25 talleres tem\u00e1ticos vinculados con las carreras que se dictan en la Facultad<\/strong>: Comunicaci\u00f3n, Periodismo, Antropolog\u00eda, Arqueolog\u00eda y Educaci\u00f3n; como as\u00ed tambi\u00e9n sobre diversos aspectos vinculados a la perspectiva de g\u00e9nero y Educaci\u00f3n Sexual Integral, y propuestas asociadas a la vida universitaria.<\/p>\n<p>&nbsp;<\/p>\n<p><img data-recalc-dims=\"1\" loading=\"lazy\" decoding=\"async\" class=\"aligncenter wp-image-66493 size-full\" src=\"https:\/\/i0.wp.com\/cdnoticias.com\/wp-content\/uploads\/2022\/10\/Sociales-en-Accion-7.jpg?resize=800%2C504&#038;ssl=1\" alt=\"\" width=\"800\" height=\"504\" srcset=\"https:\/\/i0.wp.com\/cdnoticias.com\/wp-content\/uploads\/2022\/10\/Sociales-en-Accion-7.jpg?w=1480&amp;ssl=1 1480w, https:\/\/i0.wp.com\/cdnoticias.com\/wp-content\/uploads\/2022\/10\/Sociales-en-Accion-7.jpg?resize=300%2C189&amp;ssl=1 300w, https:\/\/i0.wp.com\/cdnoticias.com\/wp-content\/uploads\/2022\/10\/Sociales-en-Accion-7.jpg?resize=1024%2C646&amp;ssl=1 1024w, https:\/\/i0.wp.com\/cdnoticias.com\/wp-content\/uploads\/2022\/10\/Sociales-en-Accion-7.jpg?resize=768%2C484&amp;ssl=1 768w\" sizes=\"auto, (max-width: 800px) 100vw, 800px\" \/><\/p>\n<p>&nbsp;<\/p>\n<p>Sociales en Acci\u00f3n es una propuesta que a lo largo de m\u00e1s de 20 ediciones ha logrado constituirse como el espacio propicio para el desarrollo de acciones de articulaci\u00f3n entre los niveles Secundario y Universitario y de acompa\u00f1amiento a los\/as estudiantes en el dif\u00edcil proceso de elecci\u00f3n de una carrera universitaria.<\/p>\n<p>&nbsp;<\/p>\n<p>En esta ocasi\u00f3n <strong>la jornada se extender\u00e1 durante dos d\u00edas,<\/strong> en los que adem\u00e1s de las propuestas organizadas para estudiantes secundarios de la ciudad y las localidades, se realizar\u00e1n otra serie de actividades.<\/p>\n<p>&nbsp;<\/p>\n<p>Tal es as\u00ed que est\u00e1n presentes feriantes de nuestra ciudad que ofrecen indumentaria, accesorios, elementos de decoraci\u00f3n, etc; y participan emprendedores\/as de \u201c<strong>La Posta. Producci\u00f3n y consumo responsable\u201d.<\/strong> Asimismo, se sum\u00f3 este a\u00f1o la<strong> ONG Pelucas Solidarias Olavarr\u00eda<\/strong>, cuyos integrantes trabajan en la confecci\u00f3n de pelucas para pacientes que transitan un tratamiento oncol\u00f3gico. Adem\u00e1s se realizar\u00e1n presentaciones de m\u00fasicos y artistas locales.<\/p>\n<p>&nbsp;<\/p>\n<p>La jornada de talleres se extender\u00e1 hasta el mediod\u00eda, y a partir de las 13 se recibir\u00e1 a otros grupos de estudiantes. La actividad del jueves tambi\u00e9n iniciar\u00e1 a las 8.30, y se llevar\u00e1n adelante talleres por la ma\u00f1ana y por la tarde. El cierre ser\u00e1 desde las 16 con el <strong>Festival Socialero,<\/strong> oportunidad en la que <strong>se presentar\u00e1n bandas y feriantes de la ciudad de Olavarr\u00eda.<\/strong><\/p>\n<p>&nbsp;<\/p>\n<p><img data-recalc-dims=\"1\" loading=\"lazy\" decoding=\"async\" class=\"alignnone size-full wp-image-66494\" src=\"https:\/\/i0.wp.com\/cdnoticias.com\/wp-content\/uploads\/2022\/10\/Sociales-en-Accion-3.jpg?resize=800%2C483&#038;ssl=1\" alt=\"\" width=\"800\" height=\"483\" srcset=\"https:\/\/i0.wp.com\/cdnoticias.com\/wp-content\/uploads\/2022\/10\/Sociales-en-Accion-3.jpg?w=1480&amp;ssl=1 1480w, https:\/\/i0.wp.com\/cdnoticias.com\/wp-content\/uploads\/2022\/10\/Sociales-en-Accion-3.jpg?resize=300%2C181&amp;ssl=1 300w, https:\/\/i0.wp.com\/cdnoticias.com\/wp-content\/uploads\/2022\/10\/Sociales-en-Accion-3.jpg?resize=1024%2C618&amp;ssl=1 1024w, https:\/\/i0.wp.com\/cdnoticias.com\/wp-content\/uploads\/2022\/10\/Sociales-en-Accion-3.jpg?resize=768%2C463&amp;ssl=1 768w\" sizes=\"auto, (max-width: 800px) 100vw, 800px\" \/><\/p>\n","protected":false},"excerpt":{"rendered":"<p>Para esta edici\u00f3n se programaron un total de 25 talleres tem\u00e1ticos vinculados con las carreras que se dictan en la<\/p>\n","protected":false},"author":6,"featured_media":66488,"comment_status":"closed","ping_status":"closed","sticky":false,"template":"","format":"standard","meta":{"_jetpack_memberships_contains_paid_content":false,"footnotes":""},"categories":[5,1],"tags":[],"class_list":["post-66487","post","type-post","status-publish","format-standard","has-post-thumbnail","hentry","category-informacion-general","category-portada"],"jetpack_featured_media_url":"https:\/\/i0.wp.com\/cdnoticias.com\/wp-content\/uploads\/2022\/10\/Sociales-en-Accion-6.jpg?fit=1480%2C987&ssl=1","jetpack_sharing_enabled":true,"_links":{"self":[{"href":"https:\/\/cdnoticias.com\/index.php\/wp-json\/wp\/v2\/posts\/66487","targetHints":{"allow":["GET"]}}],"collection":[{"href":"https:\/\/cdnoticias.com\/index.php\/wp-json\/wp\/v2\/posts"}],"about":[{"href":"https:\/\/cdnoticias.com\/index.php\/wp-json\/wp\/v2\/types\/post"}],"author":[{"embeddable":true,"href":"https:\/\/cdnoticias.com\/index.php\/wp-json\/wp\/v2\/users\/6"}],"replies":[{"embeddable":true,"href":"https:\/\/cdnoticias.com\/index.php\/wp-json\/wp\/v2\/comments?post=66487"}],"version-history":[{"count":0,"href":"https:\/\/cdnoticias.com\/index.php\/wp-json\/wp\/v2\/posts\/66487\/revisions"}],"wp:featuredmedia":[{"embeddable":true,"href":"https:\/\/cdnoticias.com\/index.php\/wp-json\/wp\/v2\/media\/66488"}],"wp:attachment":[{"href":"https:\/\/cdnoticias.com\/index.php\/wp-json\/wp\/v2\/media?parent=66487"}],"wp:term":[{"taxonomy":"category","embeddable":true,"href":"https:\/\/cdnoticias.com\/index.php\/wp-json\/wp\/v2\/categories?post=66487"},{"taxonomy":"post_tag","embeddable":true,"href":"https:\/\/cdnoticias.com\/index.php\/wp-json\/wp\/v2\/tags?post=66487"}],"curies":[{"name":"wp","href":"https:\/\/api.w.org\/{rel}","templated":true}]}}