{"id":66448,"date":"2022-10-05T10:06:33","date_gmt":"2022-10-05T13:06:33","guid":{"rendered":"https:\/\/www.centraldenoticias.com.ar\/?p=66448"},"modified":"2022-10-05T10:18:39","modified_gmt":"2022-10-05T13:18:39","slug":"accidente-entre-camiones-en-el-enlace-nestor-kirchner","status":"publish","type":"post","link":"https:\/\/cdnoticias.com\/index.php\/2022\/10\/05\/accidente-entre-camiones-en-el-enlace-nestor-kirchner\/","title":{"rendered":"Accidente entre camiones en el enlace N\u00e9stor Kirchner"},"content":{"rendered":"<p>Ocurri\u00f3 en el kil\u00f3metro 24, en Chillar entre cuatro veh\u00edculos. Ninguno de los conductores sufri\u00f3 heridas. La ruta se encuentra cortada y se realizan trabajos para despejarla.<!--more--><\/p>\n<hr \/>\n<p>Durante la noche del martes se produjo un siniestro vial entre <strong>cuatro camiones en el kil\u00f3metro 24 del enlace N\u00e9stor Kirchner,<\/strong> en Chillar.<\/p>\n<p>&nbsp;<\/p>\n<p>A pesar del fuerte impacto entre los veh\u00edculos, <strong>no hubo que lamentar heridos.<\/strong><\/p>\n<p>&nbsp;<\/p>\n<p><img data-recalc-dims=\"1\" loading=\"lazy\" decoding=\"async\" class=\"aligncenter size-full wp-image-66451\" src=\"https:\/\/i0.wp.com\/cdnoticias.com\/wp-content\/uploads\/2022\/10\/accidente-camiones-enlace-02.jpg?resize=800%2C646&#038;ssl=1\" alt=\"\" width=\"800\" height=\"646\" srcset=\"https:\/\/i0.wp.com\/cdnoticias.com\/wp-content\/uploads\/2022\/10\/accidente-camiones-enlace-02.jpg?w=822&amp;ssl=1 822w, https:\/\/i0.wp.com\/cdnoticias.com\/wp-content\/uploads\/2022\/10\/accidente-camiones-enlace-02.jpg?resize=300%2C242&amp;ssl=1 300w, https:\/\/i0.wp.com\/cdnoticias.com\/wp-content\/uploads\/2022\/10\/accidente-camiones-enlace-02.jpg?resize=768%2C620&amp;ssl=1 768w\" sizes=\"auto, (max-width: 800px) 100vw, 800px\" \/><\/p>\n<p>&nbsp;<\/p>\n<p>Trabajan en el lugar personal policial de la subcomisar\u00eda de Chillar, Comando de Prevenci\u00f3n Rural de Azul y efectivos policiales de Olavarr\u00eda. <strong>El tr\u00e1nsito se encuentra interrumpido en el sector mientras se realizan tareas de despeje de la ruta.<\/strong><\/p>\n<p>&nbsp;<\/p>\n<p><em>Fuente: Noticias de Azul<\/em><\/p>\n","protected":false},"excerpt":{"rendered":"<p>Ocurri\u00f3 en el kil\u00f3metro 24, en Chillar entre cuatro veh\u00edculos. Ninguno de los conductores sufri\u00f3 heridas. La ruta se encuentra<\/p>\n","protected":false},"author":5,"featured_media":66450,"comment_status":"closed","ping_status":"closed","sticky":false,"template":"","format":"standard","meta":{"_jetpack_memberships_contains_paid_content":false,"footnotes":""},"categories":[6,1],"tags":[],"class_list":["post-66448","post","type-post","status-publish","format-standard","has-post-thumbnail","hentry","category-nacionales","category-portada"],"jetpack_featured_media_url":"https:\/\/i0.wp.com\/cdnoticias.com\/wp-content\/uploads\/2022\/10\/accidente-camiones-enlace-01.jpg?fit=664%2C677&ssl=1","jetpack_sharing_enabled":true,"_links":{"self":[{"href":"https:\/\/cdnoticias.com\/index.php\/wp-json\/wp\/v2\/posts\/66448","targetHints":{"allow":["GET"]}}],"collection":[{"href":"https:\/\/cdnoticias.com\/index.php\/wp-json\/wp\/v2\/posts"}],"about":[{"href":"https:\/\/cdnoticias.com\/index.php\/wp-json\/wp\/v2\/types\/post"}],"author":[{"embeddable":true,"href":"https:\/\/cdnoticias.com\/index.php\/wp-json\/wp\/v2\/users\/5"}],"replies":[{"embeddable":true,"href":"https:\/\/cdnoticias.com\/index.php\/wp-json\/wp\/v2\/comments?post=66448"}],"version-history":[{"count":0,"href":"https:\/\/cdnoticias.com\/index.php\/wp-json\/wp\/v2\/posts\/66448\/revisions"}],"wp:featuredmedia":[{"embeddable":true,"href":"https:\/\/cdnoticias.com\/index.php\/wp-json\/wp\/v2\/media\/66450"}],"wp:attachment":[{"href":"https:\/\/cdnoticias.com\/index.php\/wp-json\/wp\/v2\/media?parent=66448"}],"wp:term":[{"taxonomy":"category","embeddable":true,"href":"https:\/\/cdnoticias.com\/index.php\/wp-json\/wp\/v2\/categories?post=66448"},{"taxonomy":"post_tag","embeddable":true,"href":"https:\/\/cdnoticias.com\/index.php\/wp-json\/wp\/v2\/tags?post=66448"}],"curies":[{"name":"wp","href":"https:\/\/api.w.org\/{rel}","templated":true}]}}