{"id":66439,"date":"2022-10-05T08:08:13","date_gmt":"2022-10-05T11:08:13","guid":{"rendered":"https:\/\/www.centraldenoticias.com.ar\/?p=66439"},"modified":"2022-10-05T08:08:13","modified_gmt":"2022-10-05T11:08:13","slug":"eduardo-rodriguez-se-reunio-con-cecilia-moreau","status":"publish","type":"post","link":"https:\/\/cdnoticias.com\/index.php\/2022\/10\/05\/eduardo-rodriguez-se-reunio-con-cecilia-moreau\/","title":{"rendered":"Eduardo Rodr\u00edguez se reuni\u00f3 con Cecilia Moreau"},"content":{"rendered":"<p>El dirigente del Frente Renovador y actual gerente de Relaciones Institucionales y Comunicaci\u00f3n de AUBASA fue recibido por la presidenta de la C\u00e1mara de Diputados de la Naci\u00f3n.<!--more--><\/p>\n<hr \/>\n<p>Eduardo Rodr\u00edguez mantuvo un encuentro con la presidenta de la C\u00e1mara de Diputados de la Naci\u00f3n, Cecilia Moreau durante la tarde del martes. El referente del Frente Renovador en Olavarr\u00eda y actual gerente de Relaciones Institucionales y Comunicaci\u00f3n de AUBASA visit\u00f3 el despacho de Presidencia de la HCDN, donde transmiti\u00f3 <strong>distintas iniciativas y posibles acciones vinculadas a la labor parlamentaria<\/strong> para dar respuestas a inquietudes de vecinos.<\/p>\n<p>&nbsp;<\/p>\n<p><strong>\u201cFue una reuni\u00f3n muy enriquecedora, donde Cecilia (Moreau) se mostr\u00f3 muy abierta a escuchar las problem\u00e1ticas de Olavarr\u00eda\u201d<\/strong>, se\u00f1al\u00f3 Eduardo Rodr\u00edguez. \u201cTambi\u00e9n destacamos la gran gesti\u00f3n de Sergio Massa en su rol de Ministro de Econom\u00eda, llevando adelante medidas concretas para impulsar las exportaciones y fortalecer las reservas\u201d, agreg\u00f3.<\/p>\n<p>&nbsp;<\/p>\n<p><img data-recalc-dims=\"1\" loading=\"lazy\" decoding=\"async\" class=\"aligncenter size-full wp-image-66440\" src=\"https:\/\/i0.wp.com\/cdnoticias.com\/wp-content\/uploads\/2022\/10\/Eduardo-Rodriguez-Moreau-1.jpg?resize=800%2C500&#038;ssl=1\" alt=\"\" width=\"800\" height=\"500\" srcset=\"https:\/\/i0.wp.com\/cdnoticias.com\/wp-content\/uploads\/2022\/10\/Eduardo-Rodriguez-Moreau-1.jpg?w=800&amp;ssl=1 800w, https:\/\/i0.wp.com\/cdnoticias.com\/wp-content\/uploads\/2022\/10\/Eduardo-Rodriguez-Moreau-1.jpg?resize=300%2C188&amp;ssl=1 300w, https:\/\/i0.wp.com\/cdnoticias.com\/wp-content\/uploads\/2022\/10\/Eduardo-Rodriguez-Moreau-1.jpg?resize=768%2C480&amp;ssl=1 768w\" sizes=\"auto, (max-width: 800px) 100vw, 800px\" \/><\/p>\n<p>&nbsp;<\/p>\n<blockquote><p>Adem\u00e1s, Rodr\u00edguez indic\u00f3 que le transmiti\u00f3 a Moreau \u201cla esperanza de una Olavarr\u00eda mejor y los sue\u00f1os por el futuro que merece cada olavarriense\u201d.<\/p><\/blockquote>\n<p>&nbsp;<\/p>\n<p>Luego del encuentro, el dirigente olavarriense agradeci\u00f3 la predisposici\u00f3n y el tiempo dedicado por la titular de la C\u00e1mara de Diputados y <strong>destac\u00f3 la agenda de di\u00e1logo y b\u00fasqueda de consenso<\/strong>, en continuidad de la tarea iniciada por Sergio Massa.<\/p>\n","protected":false},"excerpt":{"rendered":"<p>El dirigente del Frente Renovador y actual gerente de Relaciones Institucionales y Comunicaci\u00f3n de AUBASA fue recibido por la presidenta<\/p>\n","protected":false},"author":5,"featured_media":66441,"comment_status":"closed","ping_status":"closed","sticky":false,"template":"","format":"standard","meta":{"_jetpack_memberships_contains_paid_content":false,"footnotes":""},"categories":[4,1],"tags":[],"class_list":["post-66439","post","type-post","status-publish","format-standard","has-post-thumbnail","hentry","category-politica","category-portada"],"jetpack_featured_media_url":"https:\/\/i0.wp.com\/cdnoticias.com\/wp-content\/uploads\/2022\/10\/Eduardo-Rodriguez-Moreau.jpg?fit=800%2C500&ssl=1","jetpack_sharing_enabled":true,"_links":{"self":[{"href":"https:\/\/cdnoticias.com\/index.php\/wp-json\/wp\/v2\/posts\/66439","targetHints":{"allow":["GET"]}}],"collection":[{"href":"https:\/\/cdnoticias.com\/index.php\/wp-json\/wp\/v2\/posts"}],"about":[{"href":"https:\/\/cdnoticias.com\/index.php\/wp-json\/wp\/v2\/types\/post"}],"author":[{"embeddable":true,"href":"https:\/\/cdnoticias.com\/index.php\/wp-json\/wp\/v2\/users\/5"}],"replies":[{"embeddable":true,"href":"https:\/\/cdnoticias.com\/index.php\/wp-json\/wp\/v2\/comments?post=66439"}],"version-history":[{"count":0,"href":"https:\/\/cdnoticias.com\/index.php\/wp-json\/wp\/v2\/posts\/66439\/revisions"}],"wp:featuredmedia":[{"embeddable":true,"href":"https:\/\/cdnoticias.com\/index.php\/wp-json\/wp\/v2\/media\/66441"}],"wp:attachment":[{"href":"https:\/\/cdnoticias.com\/index.php\/wp-json\/wp\/v2\/media?parent=66439"}],"wp:term":[{"taxonomy":"category","embeddable":true,"href":"https:\/\/cdnoticias.com\/index.php\/wp-json\/wp\/v2\/categories?post=66439"},{"taxonomy":"post_tag","embeddable":true,"href":"https:\/\/cdnoticias.com\/index.php\/wp-json\/wp\/v2\/tags?post=66439"}],"curies":[{"name":"wp","href":"https:\/\/api.w.org\/{rel}","templated":true}]}}