{"id":66426,"date":"2022-10-04T20:10:14","date_gmt":"2022-10-04T23:10:14","guid":{"rendered":"https:\/\/www.centraldenoticias.com.ar\/?p=66426"},"modified":"2022-10-05T09:40:31","modified_gmt":"2022-10-05T12:40:31","slug":"distinguieron-a-alicia-pucciarelli-de-la-estacion-meteorologica-olavarria","status":"publish","type":"post","link":"https:\/\/cdnoticias.com\/index.php\/2022\/10\/04\/distinguieron-a-alicia-pucciarelli-de-la-estacion-meteorologica-olavarria\/","title":{"rendered":"Distinguieron a Alicia Pucciarelli de la Estaci\u00f3n Meteorol\u00f3gica Olavarr\u00eda"},"content":{"rendered":"<p>Fue en el marco del 150 aniversario del Servicio Meteorol\u00f3gico Nacional, en un acto encabezado por el Presidente Fern\u00e1ndez y funcionarios de gobierno. <!--more--><\/p>\n<hr \/>\n<p>En la jornada de este martes, y en el marco del <strong>150 aniversario del Servicio Meteorol\u00f3gico Nacional, la olavarriense Alicia Pucciarelli fue distinguida por su labor en la Estaci\u00f3n Meteorol\u00f3gica local desde hace m\u00e1s de 25 a\u00f1os.<\/strong><\/p>\n<p>&nbsp;<\/p>\n<p>El acto fue encabezado por el presidente Alberto Fern\u00e1ndez, quien estuvo acompa\u00f1ado del Ministro de Defensa Jorge Taiana y la directora del SMN, Celeste Saulo.<\/p>\n<p>&nbsp;<\/p>\n<blockquote><p>All\u00ed, se entregaron reconocimientos a las personas y organizaciones que \u201chan sido fundamentales\u201d en la vida de la instituci\u00f3n.<\/p><\/blockquote>\n<p>&nbsp;<\/p>\n<p>Entre los reconocidos, estuvo<strong> la encargada de la Estaci\u00f3n Meteorol\u00f3gica de Olavarr\u00eda, Alicia Pucciarelli, quien trabaja all\u00ed desde hace 27 a\u00f1os. La estaci\u00f3n, que tiene 35 a\u00f1os de historia, tuvo 5 observadores incluida Alicia.<\/strong><\/p>\n<p>&nbsp;<\/p>\n<p><img data-recalc-dims=\"1\" loading=\"lazy\" decoding=\"async\" class=\"size-large wp-image-66427 aligncenter\" src=\"https:\/\/i0.wp.com\/cdnoticias.com\/wp-content\/uploads\/2022\/10\/310187872_10229165721438179_3018140512458217632_n.jpg?resize=800%2C370&#038;ssl=1\" alt=\"\" width=\"800\" height=\"370\" srcset=\"https:\/\/i0.wp.com\/cdnoticias.com\/wp-content\/uploads\/2022\/10\/310187872_10229165721438179_3018140512458217632_n.jpg?resize=1024%2C473&amp;ssl=1 1024w, https:\/\/i0.wp.com\/cdnoticias.com\/wp-content\/uploads\/2022\/10\/310187872_10229165721438179_3018140512458217632_n.jpg?resize=300%2C139&amp;ssl=1 300w, https:\/\/i0.wp.com\/cdnoticias.com\/wp-content\/uploads\/2022\/10\/310187872_10229165721438179_3018140512458217632_n.jpg?resize=768%2C355&amp;ssl=1 768w, https:\/\/i0.wp.com\/cdnoticias.com\/wp-content\/uploads\/2022\/10\/310187872_10229165721438179_3018140512458217632_n.jpg?resize=1536%2C710&amp;ssl=1 1536w, https:\/\/i0.wp.com\/cdnoticias.com\/wp-content\/uploads\/2022\/10\/310187872_10229165721438179_3018140512458217632_n.jpg?w=2048&amp;ssl=1 2048w, https:\/\/i0.wp.com\/cdnoticias.com\/wp-content\/uploads\/2022\/10\/310187872_10229165721438179_3018140512458217632_n.jpg?w=1600&amp;ssl=1 1600w\" sizes=\"auto, (max-width: 800px) 100vw, 800px\" \/><\/p>\n<p>&nbsp;<\/p>\n<p>El hist\u00f3rico acto, adem\u00e1s<strong>, destac\u00f3 la labor del Servicio Meteorol\u00f3gico Nacional que se fund\u00f3 en 1872, durante la presidencia de Domingo Faustino Sarmiento.<\/strong><\/p>\n<p>&nbsp;<\/p>\n<p>Fue el primer servicio meteorol\u00f3gico del hemisferio sur. Es un organismo esencial, que observa y pronostica durante las 24 horas, los 365 d\u00edas del a\u00f1o, 17 millones de km2, que incluyen el territorio continental, zonas mar\u00edtimas y Ant\u00e1rtida Argentina.<\/p>\n<p>&nbsp;<\/p>\n<p><em>Fotos: gentileza Cristian Di Pino<\/em><\/p>\n","protected":false},"excerpt":{"rendered":"<p>Fue en el marco del 150 aniversario del Servicio Meteorol\u00f3gico Nacional, en un acto encabezado por el Presidente Fern\u00e1ndez y<\/p>\n","protected":false},"author":2,"featured_media":66428,"comment_status":"closed","ping_status":"closed","sticky":false,"template":"","format":"standard","meta":{"_jetpack_memberships_contains_paid_content":false,"footnotes":""},"categories":[5,1],"tags":[],"class_list":["post-66426","post","type-post","status-publish","format-standard","has-post-thumbnail","hentry","category-informacion-general","category-portada"],"jetpack_featured_media_url":"https:\/\/i0.wp.com\/cdnoticias.com\/wp-content\/uploads\/2022\/10\/310307418_10229165721158172_7321014727957604332_n.jpg?fit=930%2C525&ssl=1","jetpack_sharing_enabled":true,"_links":{"self":[{"href":"https:\/\/cdnoticias.com\/index.php\/wp-json\/wp\/v2\/posts\/66426","targetHints":{"allow":["GET"]}}],"collection":[{"href":"https:\/\/cdnoticias.com\/index.php\/wp-json\/wp\/v2\/posts"}],"about":[{"href":"https:\/\/cdnoticias.com\/index.php\/wp-json\/wp\/v2\/types\/post"}],"author":[{"embeddable":true,"href":"https:\/\/cdnoticias.com\/index.php\/wp-json\/wp\/v2\/users\/2"}],"replies":[{"embeddable":true,"href":"https:\/\/cdnoticias.com\/index.php\/wp-json\/wp\/v2\/comments?post=66426"}],"version-history":[{"count":0,"href":"https:\/\/cdnoticias.com\/index.php\/wp-json\/wp\/v2\/posts\/66426\/revisions"}],"wp:featuredmedia":[{"embeddable":true,"href":"https:\/\/cdnoticias.com\/index.php\/wp-json\/wp\/v2\/media\/66428"}],"wp:attachment":[{"href":"https:\/\/cdnoticias.com\/index.php\/wp-json\/wp\/v2\/media?parent=66426"}],"wp:term":[{"taxonomy":"category","embeddable":true,"href":"https:\/\/cdnoticias.com\/index.php\/wp-json\/wp\/v2\/categories?post=66426"},{"taxonomy":"post_tag","embeddable":true,"href":"https:\/\/cdnoticias.com\/index.php\/wp-json\/wp\/v2\/tags?post=66426"}],"curies":[{"name":"wp","href":"https:\/\/api.w.org\/{rel}","templated":true}]}}