{"id":66415,"date":"2022-10-04T19:43:18","date_gmt":"2022-10-04T22:43:18","guid":{"rendered":"https:\/\/www.centraldenoticias.com.ar\/?p=66415"},"modified":"2022-10-04T19:43:18","modified_gmt":"2022-10-04T22:43:18","slug":"fin-de-una-era-en-el-padel-chingotto-y-tello-dejaran-de-ser-equipo","status":"publish","type":"post","link":"https:\/\/cdnoticias.com\/index.php\/2022\/10\/04\/fin-de-una-era-en-el-padel-chingotto-y-tello-dejaran-de-ser-equipo\/","title":{"rendered":"Fin de una era en el p\u00e1del: Chingotto y Tello dejar\u00e1n de ser equipo"},"content":{"rendered":"<p>Trascendi\u00f3 en las \u00faltimas horas que el olavarriense y el cordob\u00e9s dejar\u00e1n de ser equipo en las competencias del World P\u00e1del Tour tras m\u00e1s de ocho temporadas juntos. <!--more--><\/p>\n<hr \/>\n<p><a href=\"https:\/\/centraldeportes.com.ar\/chingotto-y-tello-dejaran-de-ser-equipo\/\" target=\"_blank\" rel=\"noopener\">Los detalles de la hist\u00f3rica despedida, los pod\u00e9s repasar en Central de Deportes, tu portal deportivo.\u00a0<\/a><\/p>\n","protected":false},"excerpt":{"rendered":"<p>Trascendi\u00f3 en las \u00faltimas horas que el olavarriense y el cordob\u00e9s dejar\u00e1n de ser equipo en las competencias del World<\/p>\n","protected":false},"author":2,"featured_media":26244,"comment_status":"closed","ping_status":"closed","sticky":false,"template":"","format":"standard","meta":{"_jetpack_memberships_contains_paid_content":false,"footnotes":""},"categories":[5,1],"tags":[],"class_list":["post-66415","post","type-post","status-publish","format-standard","has-post-thumbnail","hentry","category-informacion-general","category-portada"],"jetpack_featured_media_url":"https:\/\/i0.wp.com\/cdnoticias.com\/wp-content\/uploads\/2021\/07\/fede-chingotto-juan-tello-cuartos-estrella-damm-valencia-open-2021-1170x658-800x445.jpg?fit=800%2C445&ssl=1","jetpack_sharing_enabled":true,"_links":{"self":[{"href":"https:\/\/cdnoticias.com\/index.php\/wp-json\/wp\/v2\/posts\/66415","targetHints":{"allow":["GET"]}}],"collection":[{"href":"https:\/\/cdnoticias.com\/index.php\/wp-json\/wp\/v2\/posts"}],"about":[{"href":"https:\/\/cdnoticias.com\/index.php\/wp-json\/wp\/v2\/types\/post"}],"author":[{"embeddable":true,"href":"https:\/\/cdnoticias.com\/index.php\/wp-json\/wp\/v2\/users\/2"}],"replies":[{"embeddable":true,"href":"https:\/\/cdnoticias.com\/index.php\/wp-json\/wp\/v2\/comments?post=66415"}],"version-history":[{"count":0,"href":"https:\/\/cdnoticias.com\/index.php\/wp-json\/wp\/v2\/posts\/66415\/revisions"}],"wp:featuredmedia":[{"embeddable":true,"href":"https:\/\/cdnoticias.com\/index.php\/wp-json\/wp\/v2\/media\/26244"}],"wp:attachment":[{"href":"https:\/\/cdnoticias.com\/index.php\/wp-json\/wp\/v2\/media?parent=66415"}],"wp:term":[{"taxonomy":"category","embeddable":true,"href":"https:\/\/cdnoticias.com\/index.php\/wp-json\/wp\/v2\/categories?post=66415"},{"taxonomy":"post_tag","embeddable":true,"href":"https:\/\/cdnoticias.com\/index.php\/wp-json\/wp\/v2\/tags?post=66415"}],"curies":[{"name":"wp","href":"https:\/\/api.w.org\/{rel}","templated":true}]}}