{"id":66361,"date":"2022-10-05T08:18:50","date_gmt":"2022-10-05T11:18:50","guid":{"rendered":"https:\/\/www.centraldenoticias.com.ar\/?p=66361"},"modified":"2022-10-05T08:18:50","modified_gmt":"2022-10-05T11:18:50","slug":"ezequiel-galli-estuvo-en-el-centro-de-dia-no-5","status":"publish","type":"post","link":"https:\/\/cdnoticias.com\/index.php\/2022\/10\/05\/ezequiel-galli-estuvo-en-el-centro-de-dia-no-5\/","title":{"rendered":"Ezequiel Galli estuvo en el Centro de D\u00eda N\u00ba 5"},"content":{"rendered":"<p>Se destac\u00f3 la importancia del acompa\u00f1amiento psicopedag\u00f3gico en estos centros municipales. Este servicio alcanza a 75 ni\u00f1os y ni\u00f1as de 3 a 14 a\u00f1os.<!--more--><\/p>\n<hr \/>\n<p>Hace aproximadamente cinco a\u00f1os,<strong> los Centros de D\u00eda Municipales incorporaron profesionales del \u00e1rea de Psicopedagog\u00eda, para acompa\u00f1ar las trayectorias educativas<\/strong> de los ni\u00f1os y ni\u00f1as que all\u00ed concurren. Tales profesionales trabajan en forma interdisciplinaria con la psic\u00f3loga y la trabajadora social en la resoluci\u00f3n de diferentes intervenciones.<\/p>\n<p>&nbsp;<\/p>\n<p>En este contexto, en la ma\u00f1ana de este martes, <strong>el intendente Ezequiel Galli encabez\u00f3 una recorrida por el Centro de D\u00eda N\u00ba 5<\/strong>, a los fines de dialogar con las profesionales terap\u00e9uticas; para profundizar en la importancia de su labor.<\/p>\n<p>&nbsp;<\/p>\n<p>Particip\u00f3 asimismo, la Subsecretaria de Desarrollo Social Silvana Rosales y fueron recibidos por el<strong> coordinador del espacio Jos\u00e9 Luis Prevetera, la psicopedagoga Virginia Arisnabarreta y el plantel de profesionales<\/strong> que forman parte del Centro.<\/p>\n<p>&nbsp;<\/p>\n<p><span style=\"text-decoration: underline;\"><strong>Singularidades en la ense\u00f1anza<\/strong><\/span><\/p>\n<p>&nbsp;<\/p>\n<blockquote><p>\u201cEl rol de la Psicopedagog\u00eda en los Centros de D\u00eda permite acompa\u00f1ar a los ni\u00f1os y ni\u00f1as en sus procesos de ense\u00f1anza y aprendizaje, en tanto sujetos bio \u2013 psico \u2013 sociales. Se busca atender a las singularidades de cada caso, entendiendo que cada ni\u00f1o\/a necesita un seguimiento individual, lo que resulta esencial para lograr cambios significativos en sus trayectorias escolares y lograr que el proceso sea completamente eficiente; considerando a la escuela como un lugar inmerso en un contexto socio-cultural\u201d se destac\u00f3 desde la Municipalidad.<\/p><\/blockquote>\n<p>&nbsp;<\/p>\n<p><img data-recalc-dims=\"1\" loading=\"lazy\" decoding=\"async\" class=\"size-full wp-image-66364 aligncenter\" src=\"https:\/\/i0.wp.com\/cdnoticias.com\/wp-content\/uploads\/2022\/10\/centro-de-dia-psicopedagogas-2.jpg?resize=800%2C445&#038;ssl=1\" alt=\"\" width=\"800\" height=\"445\" srcset=\"https:\/\/i0.wp.com\/cdnoticias.com\/wp-content\/uploads\/2022\/10\/centro-de-dia-psicopedagogas-2.jpg?w=800&amp;ssl=1 800w, https:\/\/i0.wp.com\/cdnoticias.com\/wp-content\/uploads\/2022\/10\/centro-de-dia-psicopedagogas-2.jpg?resize=300%2C167&amp;ssl=1 300w, https:\/\/i0.wp.com\/cdnoticias.com\/wp-content\/uploads\/2022\/10\/centro-de-dia-psicopedagogas-2.jpg?resize=768%2C427&amp;ssl=1 768w\" sizes=\"auto, (max-width: 800px) 100vw, 800px\" \/><\/p>\n<p>&nbsp;<\/p>\n<p>Luego del aislamiento social, preventivo y obligatorio que imposibilit\u00f3 una escolarizaci\u00f3n presencial y acompa\u00f1ada, la Subsecretar\u00eda de Desarrollo Social \u201cdecidi\u00f3 que <strong>cada ni\u00f1o, ni\u00f1a y adolescente que asista a los Centros de D\u00edas Municipales se encuentre acompa\u00f1ado en la revinculaci\u00f3n con el sistema educativo<\/strong>, brindando herramientas para resolver las actividades pedag\u00f3gicas propuestas en el aula y reforzando los contenidos escolares\u201d se explic\u00f3.<\/p>\n<p>&nbsp;<\/p>\n<p>Por ello se incorpor\u00f3 en cada servicio el rol de la Psicopedagog\u00eda.<strong> En cada uno de los cinco Centros de D\u00eda municipales se cuenta con una profesional de esta disciplina<\/strong>; considerando la importancia de tales profesionales, en tanto los y las estudiantes muestran avances que se ven reflejados en sus calificaciones escolares y en las muestras de inter\u00e9s en aprender; que se traducen en h\u00e1bitos diarios como completar cuadernos y carpetas y cumplir con las tareas que son propuestas desde el \u00e1mbito educativo; as\u00ed como tambi\u00e9n en el cuidado de sus \u00fatiles escolares y llegar a comprender que cada compa\u00f1ero presenta su propia capacidad de aprendizaje.<\/p>\n<p>&nbsp;<\/p>\n<blockquote><p>En este contexto, se brinda acompa\u00f1amiento psicopedag\u00f3gico en cada Centro de D\u00eda, a 75 ni\u00f1os y ni\u00f1as de 3 a 14 a\u00f1os, en ambos turnos de forma alternada. El acompa\u00f1amiento comprende actividades individualizadas cuando se considera necesario y tareas grupales, brindando talleres en funci\u00f3n del requerimiento de los y las estudiantes. En paralelo se acompa\u00f1an las actividades propuestas por el docente del Centro a cargo de grupo.<\/p><\/blockquote>\n<p>&nbsp;<\/p>\n<p><img data-recalc-dims=\"1\" loading=\"lazy\" decoding=\"async\" class=\"size-full wp-image-66363 aligncenter\" src=\"https:\/\/i0.wp.com\/cdnoticias.com\/wp-content\/uploads\/2022\/10\/centro-de-dia-psicopedagogas-1.jpg?resize=800%2C445&#038;ssl=1\" alt=\"\" width=\"800\" height=\"445\" srcset=\"https:\/\/i0.wp.com\/cdnoticias.com\/wp-content\/uploads\/2022\/10\/centro-de-dia-psicopedagogas-1.jpg?w=800&amp;ssl=1 800w, https:\/\/i0.wp.com\/cdnoticias.com\/wp-content\/uploads\/2022\/10\/centro-de-dia-psicopedagogas-1.jpg?resize=300%2C167&amp;ssl=1 300w, https:\/\/i0.wp.com\/cdnoticias.com\/wp-content\/uploads\/2022\/10\/centro-de-dia-psicopedagogas-1.jpg?resize=768%2C427&amp;ssl=1 768w\" sizes=\"auto, (max-width: 800px) 100vw, 800px\" \/><\/p>\n<p>&nbsp;<\/p>\n<p>Generalmente las <strong>metodolog\u00edas de trabajo son l\u00fadicas<\/strong>, visualizando el juego como un instrumento de ense\u00f1anza y aprendizaje eficaz y creativo, tanto de manera individual como colectiva.<\/p>\n<p>&nbsp;<\/p>\n<p>Otra actividad que resulta beneficiosa, es la de mantener el <strong>v\u00ednculo con las autoridades de instituciones educativas<\/strong> a trav\u00e9s de reuniones programadas, acordando trabajos conjuntos para el abordaje de casos en los que se necesite intervenci\u00f3n pedag\u00f3gica. Tambi\u00e9n se busca la integraci\u00f3n de la familia en este proceso.<\/p>\n<p>&nbsp;<\/p>\n<p>De esta manera se abren espacios de di\u00e1logo, discusi\u00f3n e intercambio con el resto del equipo de trabajo (profesores de educaci\u00f3n f\u00edsica, profesora de arte, profesora de matem\u00e1ticas, maestra jardinera), visualizando las pr\u00e1cticas, en pos de mejorar los intercambios con los ni\u00f1os\/as y brindarles diariamente el espacio de contenci\u00f3n y escucha, estimulando la confianza en ellos\/as mismos\/as y orient\u00e1ndolos hacia un crecimiento saludable.<\/p>\n<p>&nbsp;<\/p>\n<p>&nbsp;<\/p>\n","protected":false},"excerpt":{"rendered":"<p>Se destac\u00f3 la importancia del acompa\u00f1amiento psicopedag\u00f3gico en estos centros municipales. Este servicio alcanza a 75 ni\u00f1os y ni\u00f1as de<\/p>\n","protected":false},"author":4,"featured_media":66362,"comment_status":"closed","ping_status":"closed","sticky":false,"template":"","format":"standard","meta":{"_jetpack_memberships_contains_paid_content":false,"footnotes":""},"categories":[5,1],"tags":[],"class_list":["post-66361","post","type-post","status-publish","format-standard","has-post-thumbnail","hentry","category-informacion-general","category-portada"],"jetpack_featured_media_url":"https:\/\/i0.wp.com\/cdnoticias.com\/wp-content\/uploads\/2022\/10\/centro-de-dia-psicopedagogas-0.jpg?fit=800%2C445&ssl=1","jetpack_sharing_enabled":true,"_links":{"self":[{"href":"https:\/\/cdnoticias.com\/index.php\/wp-json\/wp\/v2\/posts\/66361","targetHints":{"allow":["GET"]}}],"collection":[{"href":"https:\/\/cdnoticias.com\/index.php\/wp-json\/wp\/v2\/posts"}],"about":[{"href":"https:\/\/cdnoticias.com\/index.php\/wp-json\/wp\/v2\/types\/post"}],"author":[{"embeddable":true,"href":"https:\/\/cdnoticias.com\/index.php\/wp-json\/wp\/v2\/users\/4"}],"replies":[{"embeddable":true,"href":"https:\/\/cdnoticias.com\/index.php\/wp-json\/wp\/v2\/comments?post=66361"}],"version-history":[{"count":0,"href":"https:\/\/cdnoticias.com\/index.php\/wp-json\/wp\/v2\/posts\/66361\/revisions"}],"wp:featuredmedia":[{"embeddable":true,"href":"https:\/\/cdnoticias.com\/index.php\/wp-json\/wp\/v2\/media\/66362"}],"wp:attachment":[{"href":"https:\/\/cdnoticias.com\/index.php\/wp-json\/wp\/v2\/media?parent=66361"}],"wp:term":[{"taxonomy":"category","embeddable":true,"href":"https:\/\/cdnoticias.com\/index.php\/wp-json\/wp\/v2\/categories?post=66361"},{"taxonomy":"post_tag","embeddable":true,"href":"https:\/\/cdnoticias.com\/index.php\/wp-json\/wp\/v2\/tags?post=66361"}],"curies":[{"name":"wp","href":"https:\/\/api.w.org\/{rel}","templated":true}]}}