{"id":66354,"date":"2022-10-08T09:06:51","date_gmt":"2022-10-08T12:06:51","guid":{"rendered":"https:\/\/www.centraldenoticias.com.ar\/?p=66354"},"modified":"2022-10-08T09:06:51","modified_gmt":"2022-10-08T12:06:51","slug":"hcd-se-reunio-la-comision-de-genero-y-diversidad","status":"publish","type":"post","link":"https:\/\/cdnoticias.com\/index.php\/2022\/10\/08\/hcd-se-reunio-la-comision-de-genero-y-diversidad\/","title":{"rendered":"HCD: se reuni\u00f3 la comisi\u00f3n de G\u00e9nero y Diversidad"},"content":{"rendered":"<p>Los concejales analizaron el proyecto de incorporar perspectiva de g\u00e9nero en la formaci\u00f3n para obtener la Licencias de Conducir y medidas locales acerca del registro de deudores alimentarios. Adem\u00e1s, trabajaron otras comisiones internas.<\/p>\n<p><!--more--><\/p>\n<hr \/>\n<p>Este martes se llev\u00f3 adelante una <strong>nueva reuni\u00f3n de la comisi\u00f3n de G\u00e9nero y Diversidad que preside la concejala In\u00e9s Creimer (Frente de Todos)<\/strong>. Est\u00e1 compuesta adem\u00e1s por Natalia \u00c1lvarez, Miriam Mosescu, Nicol\u00e1s Marinangeli, Bel\u00e9n Vergel y Mercedes Landivar.<\/p>\n<p>&nbsp;<\/p>\n<p>La reuni\u00f3n tuvo como objetivo el <strong>an\u00e1lisis de dos expedientes<\/strong> que fueron incorporados en el orden del d\u00eda y, en ambos casos, <strong>se solicit\u00f3 informaci\u00f3n al Departamento Ejecutivo Municipal<\/strong> con el objetivo de enriquecer el debate parlamentario.<\/p>\n<p>&nbsp;<\/p>\n<p>La concejala In\u00e9s Creimer inform\u00f3 que primero se trat\u00f3 el expediente que busca <strong>crear un marco normativo que <a href=\"https:\/\/cdnoticias.com\/index.php\/2022\/07\/01\/ines-creimer-las-mujeres-sufrimos-mucha-violencia-cuando-manejamos\/\" target=\"_blank\" rel=\"noopener\">contemple la perspectiva de g\u00e9nero<\/a> en la formaci\u00f3n exigida para la obtenci\u00f3n o renovaci\u00f3n de Licencias de Conducir<\/strong>.<\/p>\n<p>&nbsp;<\/p>\n<p>&nbsp;<\/p>\n<p><img data-recalc-dims=\"1\" loading=\"lazy\" decoding=\"async\" class=\"size-full wp-image-66356 aligncenter\" src=\"https:\/\/i0.wp.com\/cdnoticias.com\/wp-content\/uploads\/2022\/10\/HCD-00-Legislacion.jpg?resize=800%2C445&#038;ssl=1\" alt=\"\" width=\"800\" height=\"445\" srcset=\"https:\/\/i0.wp.com\/cdnoticias.com\/wp-content\/uploads\/2022\/10\/HCD-00-Legislacion.jpg?w=800&amp;ssl=1 800w, https:\/\/i0.wp.com\/cdnoticias.com\/wp-content\/uploads\/2022\/10\/HCD-00-Legislacion.jpg?resize=300%2C167&amp;ssl=1 300w, https:\/\/i0.wp.com\/cdnoticias.com\/wp-content\/uploads\/2022\/10\/HCD-00-Legislacion.jpg?resize=768%2C427&amp;ssl=1 768w\" sizes=\"auto, (max-width: 800px) 100vw, 800px\" \/><\/p>\n<p>&nbsp;<\/p>\n<p>Adem\u00e1s, se puso en consideraci\u00f3n el expediente 180\/22 que persigue como objetivo la necesidad de que el Municipio de Olavarr\u00eda arbitre los medios necesarios para <strong>adoptar medidas que cumplan con la Ley 13.074 referida al registro de deudores alimentarios.<\/strong><\/p>\n<p>&nbsp;<\/p>\n<p><strong>Otras comisiones<\/strong><\/p>\n<p>&nbsp;<\/p>\n<p>La Presidencia del HCD inform\u00f3 que <strong>este martes se concretaron las reuniones de las comisiones de Legislaci\u00f3n y Salud<\/strong>. En el caso de la comisi\u00f3n de Legislaci\u00f3n se trataron diversos expedientes con el objetivo de que sean incluidos en el orden del d\u00eda de la pr\u00f3xima sesi\u00f3n ordinaria convocada para el 13 de octubre propio.<\/p>\n<p>&nbsp;<\/p>\n<p>En lo que respecta al funcionamiento de las comisiones se informa, por \u00faltimo, que se reunieron el lunes las comisiones de<strong> Infraestructura y Hacienda<\/strong> presididas por los concejales Mart\u00edn Endere y Juan Mujica, respectivamente.<\/p>\n<p>&nbsp;<\/p>\n<p>&nbsp;<\/p>\n","protected":false},"excerpt":{"rendered":"<p>Los concejales analizaron el proyecto de incorporar perspectiva de g\u00e9nero en la formaci\u00f3n para obtener la Licencias de Conducir y<\/p>\n","protected":false},"author":4,"featured_media":66355,"comment_status":"closed","ping_status":"closed","sticky":false,"template":"","format":"standard","meta":{"_jetpack_memberships_contains_paid_content":false,"footnotes":""},"categories":[4,1],"tags":[],"class_list":["post-66354","post","type-post","status-publish","format-standard","has-post-thumbnail","hentry","category-politica","category-portada"],"jetpack_featured_media_url":"https:\/\/i0.wp.com\/cdnoticias.com\/wp-content\/uploads\/2022\/10\/HCD-00-Genero.jpg?fit=800%2C445&ssl=1","jetpack_sharing_enabled":true,"_links":{"self":[{"href":"https:\/\/cdnoticias.com\/index.php\/wp-json\/wp\/v2\/posts\/66354","targetHints":{"allow":["GET"]}}],"collection":[{"href":"https:\/\/cdnoticias.com\/index.php\/wp-json\/wp\/v2\/posts"}],"about":[{"href":"https:\/\/cdnoticias.com\/index.php\/wp-json\/wp\/v2\/types\/post"}],"author":[{"embeddable":true,"href":"https:\/\/cdnoticias.com\/index.php\/wp-json\/wp\/v2\/users\/4"}],"replies":[{"embeddable":true,"href":"https:\/\/cdnoticias.com\/index.php\/wp-json\/wp\/v2\/comments?post=66354"}],"version-history":[{"count":0,"href":"https:\/\/cdnoticias.com\/index.php\/wp-json\/wp\/v2\/posts\/66354\/revisions"}],"wp:featuredmedia":[{"embeddable":true,"href":"https:\/\/cdnoticias.com\/index.php\/wp-json\/wp\/v2\/media\/66355"}],"wp:attachment":[{"href":"https:\/\/cdnoticias.com\/index.php\/wp-json\/wp\/v2\/media?parent=66354"}],"wp:term":[{"taxonomy":"category","embeddable":true,"href":"https:\/\/cdnoticias.com\/index.php\/wp-json\/wp\/v2\/categories?post=66354"},{"taxonomy":"post_tag","embeddable":true,"href":"https:\/\/cdnoticias.com\/index.php\/wp-json\/wp\/v2\/tags?post=66354"}],"curies":[{"name":"wp","href":"https:\/\/api.w.org\/{rel}","templated":true}]}}