{"id":66346,"date":"2022-10-04T12:19:47","date_gmt":"2022-10-04T15:19:47","guid":{"rendered":"https:\/\/www.centraldenoticias.com.ar\/?p=66346"},"modified":"2022-10-04T14:25:30","modified_gmt":"2022-10-04T17:25:30","slug":"prevencion-de-incendios-en-verano-la-asociacion-de-bomberos-recibio-a-ruralistas","status":"publish","type":"post","link":"https:\/\/cdnoticias.com\/index.php\/2022\/10\/04\/prevencion-de-incendios-en-verano-la-asociacion-de-bomberos-recibio-a-ruralistas\/","title":{"rendered":"Prevenci\u00f3n de incendios en verano: la Asociaci\u00f3n de Bomberos recibi\u00f3 a ruralistas"},"content":{"rendered":"<p>Asistieron m\u00e1s de 30 productores. \u00a0El Municipio present\u00f3 el prototipo del mapa de geolocalizaci\u00f3n. Bomberos inform\u00f3 las inversiones y estrategias a desarrollar para atender la demanda del sector agrario.<!--more--><\/p>\n<hr \/>\n<p>Como estaba previsto, este pasado lunes tuvo lugar en las instalaciones del Cuartel Central, la <strong>reuni\u00f3n con los diferentes sectores que nuclean al campo en nuestro partido, junto a representantes de bomberos voluntarios.<\/strong><\/p>\n<p>&nbsp;<\/p>\n<p>La charla tuvo como objetivo principal <strong>gestionar entre ambas partes, acciones preventivas de cara a la temporada de verano 2022 y 2023<\/strong> que se acerca.<\/p>\n<p>&nbsp;<\/p>\n<p>En primera instancia, el encuentro comenz\u00f3 con unas palabras introductorias por parte del <strong>presidente del Consejo Directivo Hugo Fayan\u00e1s<\/strong>. Luego tom\u00f3 la palabra el director de Defensa Civil Adri\u00e1n Guevara, detallando todo el trabajo realizado desde el \u00e1rea hasta la fecha.<\/p>\n<p>&nbsp;<\/p>\n<p><img data-recalc-dims=\"1\" loading=\"lazy\" decoding=\"async\" class=\"size-full wp-image-66349 aligncenter\" src=\"https:\/\/i0.wp.com\/cdnoticias.com\/wp-content\/uploads\/2022\/10\/bomberos-reunion-rural-01.jpg?resize=800%2C445&#038;ssl=1\" alt=\"\" width=\"800\" height=\"445\" srcset=\"https:\/\/i0.wp.com\/cdnoticias.com\/wp-content\/uploads\/2022\/10\/bomberos-reunion-rural-01.jpg?w=800&amp;ssl=1 800w, https:\/\/i0.wp.com\/cdnoticias.com\/wp-content\/uploads\/2022\/10\/bomberos-reunion-rural-01.jpg?resize=300%2C167&amp;ssl=1 300w, https:\/\/i0.wp.com\/cdnoticias.com\/wp-content\/uploads\/2022\/10\/bomberos-reunion-rural-01.jpg?resize=768%2C427&amp;ssl=1 768w\" sizes=\"auto, (max-width: 800px) 100vw, 800px\" \/><\/p>\n<p>&nbsp;<\/p>\n<p>Acto seguido, el Director de Gobierno Digital del Municipio, Fernando Recci, present\u00f3 el <strong>prototipo del mapa de geolocalizaci\u00f3n<\/strong>, que tiene como objetivo facilitar la localizaci\u00f3n y reconocimiento de las chacras y caminos aleda\u00f1os al partido. Es una herramienta que facilitar\u00eda el recorrido y acceso a los campos no solo para los chacareros sino tambi\u00e9n para los bomberos en caso de tener que asistir a un llamado en la zona.<\/p>\n<p>&nbsp;<\/p>\n<blockquote><p>M\u00e1s tarde expusieron el comandante Gral. Jefe del Cuerpo Activo Ra\u00fal Ferreira y el Segundo Jefe comandante Gral. Marcelo Menchaca, exponiendo todas las inversiones realizadas por parte de la instituci\u00f3n en materia de extinci\u00f3n de incendios forestales. Tambi\u00e9n explicaron las posibles estrategias a desarrollar por parte del sector bomberil, como respuesta a las demandas y necesidades del sector agrario en materia de prevenci\u00f3n y extinci\u00f3n de incendios.<\/p><\/blockquote>\n<p>&nbsp;<\/p>\n<p><img data-recalc-dims=\"1\" loading=\"lazy\" decoding=\"async\" class=\"size-full wp-image-66351 aligncenter\" src=\"https:\/\/i0.wp.com\/cdnoticias.com\/wp-content\/uploads\/2022\/10\/bomberos-reunion-rural-03.jpg?resize=800%2C445&#038;ssl=1\" alt=\"\" width=\"800\" height=\"445\" srcset=\"https:\/\/i0.wp.com\/cdnoticias.com\/wp-content\/uploads\/2022\/10\/bomberos-reunion-rural-03.jpg?w=800&amp;ssl=1 800w, https:\/\/i0.wp.com\/cdnoticias.com\/wp-content\/uploads\/2022\/10\/bomberos-reunion-rural-03.jpg?resize=300%2C167&amp;ssl=1 300w, https:\/\/i0.wp.com\/cdnoticias.com\/wp-content\/uploads\/2022\/10\/bomberos-reunion-rural-03.jpg?resize=768%2C427&amp;ssl=1 768w\" sizes=\"auto, (max-width: 800px) 100vw, 800px\" \/><\/p>\n<p>&nbsp;<\/p>\n<p>Por \u00faltimo, quienes tomaron la palabra fueron los<strong> representantes de las instituciones presentes y vecinos<\/strong>, planteando dudas e inquietudes, as\u00ed como tambi\u00e9n posibles soluciones para la temporada venidera.<\/p>\n<p>&nbsp;<\/p>\n<blockquote><p>\u201cPudimos concluir que lo fundamental es la divulgaci\u00f3n de informaci\u00f3n \u00fatil para cada trabajador rural, sobre prevenci\u00f3n y extinci\u00f3n de incendios. Esto sumado al trabajo articulado y constante entre el sector y nuestro cuerpo activo\u201d se destac\u00f3 desde Bomberos.<\/p><\/blockquote>\n<p>&nbsp;<\/p>\n<p><img data-recalc-dims=\"1\" loading=\"lazy\" decoding=\"async\" class=\"size-full wp-image-66350 aligncenter\" src=\"https:\/\/i0.wp.com\/cdnoticias.com\/wp-content\/uploads\/2022\/10\/bomberos-reunion-rural-02.jpg?resize=800%2C445&#038;ssl=1\" alt=\"\" width=\"800\" height=\"445\" srcset=\"https:\/\/i0.wp.com\/cdnoticias.com\/wp-content\/uploads\/2022\/10\/bomberos-reunion-rural-02.jpg?w=800&amp;ssl=1 800w, https:\/\/i0.wp.com\/cdnoticias.com\/wp-content\/uploads\/2022\/10\/bomberos-reunion-rural-02.jpg?resize=300%2C167&amp;ssl=1 300w, https:\/\/i0.wp.com\/cdnoticias.com\/wp-content\/uploads\/2022\/10\/bomberos-reunion-rural-02.jpg?resize=768%2C427&amp;ssl=1 768w\" sizes=\"auto, (max-width: 800px) 100vw, 800px\" \/><\/p>\n<p>&nbsp;<\/p>\n","protected":false},"excerpt":{"rendered":"<p>Asistieron m\u00e1s de 30 productores. \u00a0El Municipio present\u00f3 el prototipo del mapa de geolocalizaci\u00f3n. Bomberos inform\u00f3 las inversiones y estrategias<\/p>\n","protected":false},"author":4,"featured_media":66348,"comment_status":"closed","ping_status":"closed","sticky":false,"template":"","format":"standard","meta":{"_jetpack_memberships_contains_paid_content":false,"footnotes":""},"categories":[5,1],"tags":[],"class_list":["post-66346","post","type-post","status-publish","format-standard","has-post-thumbnail","hentry","category-informacion-general","category-portada"],"jetpack_featured_media_url":"https:\/\/i0.wp.com\/cdnoticias.com\/wp-content\/uploads\/2022\/10\/bomberos-reunion-rural-00.jpg?fit=800%2C445&ssl=1","jetpack_sharing_enabled":true,"_links":{"self":[{"href":"https:\/\/cdnoticias.com\/index.php\/wp-json\/wp\/v2\/posts\/66346","targetHints":{"allow":["GET"]}}],"collection":[{"href":"https:\/\/cdnoticias.com\/index.php\/wp-json\/wp\/v2\/posts"}],"about":[{"href":"https:\/\/cdnoticias.com\/index.php\/wp-json\/wp\/v2\/types\/post"}],"author":[{"embeddable":true,"href":"https:\/\/cdnoticias.com\/index.php\/wp-json\/wp\/v2\/users\/4"}],"replies":[{"embeddable":true,"href":"https:\/\/cdnoticias.com\/index.php\/wp-json\/wp\/v2\/comments?post=66346"}],"version-history":[{"count":0,"href":"https:\/\/cdnoticias.com\/index.php\/wp-json\/wp\/v2\/posts\/66346\/revisions"}],"wp:featuredmedia":[{"embeddable":true,"href":"https:\/\/cdnoticias.com\/index.php\/wp-json\/wp\/v2\/media\/66348"}],"wp:attachment":[{"href":"https:\/\/cdnoticias.com\/index.php\/wp-json\/wp\/v2\/media?parent=66346"}],"wp:term":[{"taxonomy":"category","embeddable":true,"href":"https:\/\/cdnoticias.com\/index.php\/wp-json\/wp\/v2\/categories?post=66346"},{"taxonomy":"post_tag","embeddable":true,"href":"https:\/\/cdnoticias.com\/index.php\/wp-json\/wp\/v2\/tags?post=66346"}],"curies":[{"name":"wp","href":"https:\/\/api.w.org\/{rel}","templated":true}]}}