{"id":6634,"date":"2020-11-16T11:44:08","date_gmt":"2020-11-16T14:44:08","guid":{"rendered":"http:\/\/www.centraldenoticias.com.ar\/?p=6634"},"modified":"2020-11-16T11:44:08","modified_gmt":"2020-11-16T14:44:08","slug":"invitaron-a-los-concejales-a-la-proxima-asamblea-por-la-vivienda","status":"publish","type":"post","link":"https:\/\/cdnoticias.com\/index.php\/2020\/11\/16\/invitaron-a-los-concejales-a-la-proxima-asamblea-por-la-vivienda\/","title":{"rendered":"Invitaron a los concejales a la pr\u00f3xima \u201cAsamblea por la Vivienda\u201d"},"content":{"rendered":"<p>Los integrantes de la asamblea buscan incidir en el debate del Presupuesto 2021. Se\u00f1alaron que se destina \u201cmenos del 1%\u201d de los fondos previstos y retomaron su propuesta del \u201ccreaci\u00f3n de un Fondo Municipal Para la Vivienda\u201d.<\/p>\n<p><!--more--><\/p>\n<hr \/>\n<p><strong>Este lunes, integrantes de la \u201cAsamblea por la Vivienda\u201d estuvieron en el Concejo Deliberante para invitar a los ediles a participar del pr\u00f3ximo encuentro.<\/strong><\/p>\n<p>Seg\u00fan se detall\u00f3, se entregaron invitaciones al presidente, Bruno Cenizo, y a todos los bloques para que asistan a la octava asamblea.<\/p>\n<p>Se explic\u00f3 que<strong> el objetivo \u201ctiene que ver con el actual debate del Presupuesto 2021, enviado hace unos d\u00edas por el Intendente Ezequiel Galli\u201d<\/strong>.<\/p>\n<p>Los integrantes de la asamblea se\u00f1alaron que \u201cse contempla destinar recursos para la construcci\u00f3n de s\u00f3lo 40 viviendas. En el plazo de 3 a\u00f1os. Solo <strong>menos del 1% del Presupuesto para el a\u00f1o 2021<\/strong>\u201d.<\/p>\n<p>En ese sentido, agregaron que \u201c<strong>nuestra propuesta es la construcci\u00f3n de 500 viviendas<\/strong>, con la creaci\u00f3n de un Fondo Municipal Para la Vivienda, recursos de la tasa (derecho) por Explotaci\u00f3n de Canteras, un Banco de tierras Fiscales, varias propuestas mas que contemplan la autoconstrucci\u00f3n, cr\u00e9ditos y la implementaci\u00f3n de la Ley de Acceso Justo al H\u00e1bitat Ley Provincial 14449\u201d.<\/p>\n<blockquote><p>Finalmente, aclararon que \u201cqueremos conocer e intercambiar ideas y proyectos con los concejales y concejalas que ser\u00e1n en \u00faltima instancia los que decidir\u00e1n sobre estos temas de primera necesidad para todos y todas las trabajadoras de Olavarr\u00eda\u201d.<\/p><\/blockquote>\n<p>La \u201cAsamblea por la Vivienda\u201d surgi\u00f3 en el contexto de la <a href=\"https:\/\/cdnoticias.com\/index.php\/2020\/11\/08\/acampe-por-la-vivienda-un-triunfo-de-los-de-abajo\/\" target=\"_blank\" rel=\"noopener\">protesta por demandas habitacionales &#8220;urgentes&#8221;<\/a> de seis familias locales que tuvo un acampe por un mes frente al Palacio Municipal. En ese marco, desde la Mesa de Emergencia y las agrupaciones pol\u00edticas y sociales que apoyaron el reclamo, se avanz\u00f3 un con relevamiento de necesidades habitaciones que super\u00f3 los 200 inscriptos en pocos d\u00edas.<\/p>\n<p>Hace una semana termin\u00f3 el acampe, aunque las asambleas contin\u00faan y la \u00faltima se llev\u00f3 a cabo este fin de semana en la plaza central.<\/p>\n","protected":false},"excerpt":{"rendered":"<p>Los integrantes de la asamblea buscan incidir en el debate del Presupuesto 2021. Se\u00f1alaron que se destina \u201cmenos del 1%\u201d<\/p>\n","protected":false},"author":4,"featured_media":2709,"comment_status":"closed","ping_status":"closed","sticky":false,"template":"","format":"standard","meta":{"_jetpack_memberships_contains_paid_content":false,"footnotes":""},"categories":[4,1],"tags":[],"class_list":["post-6634","post","type-post","status-publish","format-standard","has-post-thumbnail","hentry","category-politica","category-portada"],"jetpack_featured_media_url":"https:\/\/i0.wp.com\/cdnoticias.com\/wp-content\/uploads\/2020\/09\/Concejo-Generica.jpg?fit=4608%2C3072&ssl=1","jetpack_sharing_enabled":true,"_links":{"self":[{"href":"https:\/\/cdnoticias.com\/index.php\/wp-json\/wp\/v2\/posts\/6634","targetHints":{"allow":["GET"]}}],"collection":[{"href":"https:\/\/cdnoticias.com\/index.php\/wp-json\/wp\/v2\/posts"}],"about":[{"href":"https:\/\/cdnoticias.com\/index.php\/wp-json\/wp\/v2\/types\/post"}],"author":[{"embeddable":true,"href":"https:\/\/cdnoticias.com\/index.php\/wp-json\/wp\/v2\/users\/4"}],"replies":[{"embeddable":true,"href":"https:\/\/cdnoticias.com\/index.php\/wp-json\/wp\/v2\/comments?post=6634"}],"version-history":[{"count":0,"href":"https:\/\/cdnoticias.com\/index.php\/wp-json\/wp\/v2\/posts\/6634\/revisions"}],"wp:featuredmedia":[{"embeddable":true,"href":"https:\/\/cdnoticias.com\/index.php\/wp-json\/wp\/v2\/media\/2709"}],"wp:attachment":[{"href":"https:\/\/cdnoticias.com\/index.php\/wp-json\/wp\/v2\/media?parent=6634"}],"wp:term":[{"taxonomy":"category","embeddable":true,"href":"https:\/\/cdnoticias.com\/index.php\/wp-json\/wp\/v2\/categories?post=6634"},{"taxonomy":"post_tag","embeddable":true,"href":"https:\/\/cdnoticias.com\/index.php\/wp-json\/wp\/v2\/tags?post=6634"}],"curies":[{"name":"wp","href":"https:\/\/api.w.org\/{rel}","templated":true}]}}